{"id":9727,"date":"2015-05-21T14:19:32","date_gmt":"2015-05-21T14:19:32","guid":{"rendered":"https:\/\/comtal.org\/?p=9727"},"modified":"2015-05-21T18:12:10","modified_gmt":"2015-05-21T18:12:10","slug":"huerto-jardin-un-espacio-para-disfrutar","status":"publish","type":"post","link":"https:\/\/comtal.org\/es\/huerto-jardin-un-espacio-para-disfrutar\/","title":{"rendered":"HUERTO, JARD\u00cdN, UN ESPACIO PARA DISFRUTAR"},"content":{"rendered":"<p>El proyecto de <strong>transformaci\u00f3n del patio<em> de la Fundaci\u00f3 Comtal en un h<\/em>uerto-jard\u00edn y un espacio para disfrutar<\/strong> cada vez adquiere m\u00e1s forma.<\/p>\n<p>Los peque\u00f1os del <em>Tria<\/em> cuidan las acelgas plantadas con tanto esmero que no paran de crecer. Las plantas brotan y el parterre se est\u00e1 convirtiendo en una peque\u00f1a selva llena de color, llena de vida. Son las manos que cuidan y acompa\u00f1an.<\/p>\n<p><span class=\"responsive\"><a href=\"https:\/\/comtal.org\/wp-content\/uploads\/10984281_772524652802292_5213893695573905044_n.jpg\"><img loading=\"lazy\" decoding=\"async\" class=\"alignnone wp-image-9723 size-full\" src=\"https:\/\/comtal.org\/wp-content\/uploads\/10984281_772524652802292_5213893695573905044_n-e1432128947439.jpg\" alt=\"10984281_772524652802292_5213893695573905044_n\" width=\"399\" height=\"258\" \/><\/a><\/span><\/p>\n<p>Pero no es s\u00f3lo el huerto-jard\u00edn el que est\u00e1 brotando con la primavera. <strong>Gracias a la colaboraci\u00f3n de Pili Iglesias y de su espacio creativo <a href=\"https:\/\/desdelsofa.wordpress.com\/\" target=\"_blank\" rel=\"noopener\">DESDELSOFA<\/a><\/strong>, todo el patio est\u00e1 en proceso de transformaci\u00f3n.<\/p>\n<p>Los <strong>adolescentes y j\u00f3venes del <em>Tria<\/em> llevan semanas aportando ideas<\/strong>, analizando el espacio, viendo como lo pueden mejorar, decorar, convertir en un lugar en el que de ganas de estar, que les inspire alguna cosa.<\/p>\n<p>Todo un proceso de trabajo compartido que est\u00e1 valiendo mucho la pena.<\/p>\n<p><strong>Fase 1: analizamos el espacio, plantamos las semillas para el Cambio.<\/strong><\/p>\n<p><span class=\"responsive\"><a href=\"https:\/\/comtal.org\/wp-content\/uploads\/10258152_10153245662865480_7455040791974074101_n.jpg\"><img loading=\"lazy\" decoding=\"async\" class=\"alignnone size-full wp-image-9713\" src=\"https:\/\/comtal.org\/wp-content\/uploads\/10258152_10153245662865480_7455040791974074101_n.jpg\" alt=\"10258152_10153245662865480_7455040791974074101_n\" width=\"640\" height=\"640\" \/><\/a><\/span><\/p>\n<p><strong>Fase 2: \u00a1generamos mil ideas!<\/strong><\/p>\n<p><span class=\"responsive\"><a href=\"https:\/\/comtal.org\/wp-content\/uploads\/11164699_10153246813340480_1161324881843013489_n.jpg\"><img loading=\"lazy\" decoding=\"async\" class=\"alignnone size-full wp-image-9716\" src=\"https:\/\/comtal.org\/wp-content\/uploads\/11164699_10153246813340480_1161324881843013489_n.jpg\" alt=\"11164699_10153246813340480_1161324881843013489_n\" width=\"640\" height=\"640\" \/><\/a><\/span><\/p>\n<p><strong>Fase 3: concretando ideas para el nuevo mural.<\/strong><\/p>\n<p><span class=\"responsive\"><a href=\"https:\/\/comtal.org\/wp-content\/uploads\/10502084_10153246813670480_5235890823954035289_n-1.jpg\"><img loading=\"lazy\" decoding=\"async\" class=\"alignnone size-full wp-image-9717\" src=\"https:\/\/comtal.org\/wp-content\/uploads\/10502084_10153246813670480_5235890823954035289_n-1.jpg\" alt=\"10502084_10153246813670480_5235890823954035289_n (1)\" width=\"640\" height=\"640\" \/><\/a><\/span><\/p>\n<p><strong>Fase 4: los j\u00f3venes escogen azul, pues llevamos el azul a la Fundaci\u00f3n.<\/strong><\/p>\n<p><span class=\"responsive\"><a href=\"https:\/\/comtal.org\/wp-content\/uploads\/image3.jpeg\"><img loading=\"lazy\" decoding=\"async\" class=\"alignnone size-full wp-image-9719\" src=\"https:\/\/comtal.org\/wp-content\/uploads\/image3.jpeg\" alt=\"image[3]\" width=\"1296\" height=\"968\" srcset=\"https:\/\/comtal.org\/wp-content\/uploads\/image3.jpeg 1296w, https:\/\/comtal.org\/wp-content\/uploads\/image3-300x224.jpeg 300w, https:\/\/comtal.org\/wp-content\/uploads\/image3-1024x765.jpeg 1024w\" sizes=\"auto, (max-width: 1296px) 100vw, 1296px\" \/><\/a><\/span><\/p>\n<p><strong>Fase 5: cada uno escoge un objeto, se lo hace suyo y lo dibuja con la plantilla.<\/strong><\/p>\n<p>A\u00fan quedan m\u00e1s fases, pero nos encanta como est\u00e1 quedando. \u00a1Os invitamos a venir un d\u00eda a vernos antes del verano para ver el resultado final y compartir este nuevo espacio para disfrutar!<\/p>\n<p>Continuamos hacia delante para acabar de dar forma a este proyecto compartido.<strong>\u00a1Much\u00edsimas gracias \u00a0a Desdelsofa\u00a0por el tiempo, apoyo e ilusi\u00f3n! Y a los adolescentes y j\u00f3venes! Y a los educadores y educadoras!\u00a0<\/strong><\/p>\n","protected":false},"excerpt":{"rendered":"<p>El proyecto de transformaci\u00f3n del patio de la Fundaci\u00f3 Comtal en un huerto-jard\u00edn y un espacio para disfrutar cada vez adquiere m\u00e1s forma. Los peque\u00f1os del Tria cuidan las acelgas [&hellip;]<\/p>\n","protected":false},"author":2,"featured_media":9750,"comment_status":"closed","ping_status":"closed","sticky":false,"template":"","format":"standard","meta":{"footnotes":""},"categories":[22,23,24,25,19,26,29,30],"tags":[32],"class_list":["post-9727","post","type-post","status-publish","format-standard","has-post-thumbnail","hentry","category-colaboradores","category-comunidad","category-educacion","category-fundacioncomtal","category-general-es","category-integracion","category-talleres","category-voluntariado","tag-participacio-es"],"_links":{"self":[{"href":"https:\/\/comtal.org\/es\/wp-json\/wp\/v2\/posts\/9727","targetHints":{"allow":["GET"]}}],"collection":[{"href":"https:\/\/comtal.org\/es\/wp-json\/wp\/v2\/posts"}],"about":[{"href":"https:\/\/comtal.org\/es\/wp-json\/wp\/v2\/types\/post"}],"author":[{"embeddable":true,"href":"https:\/\/comtal.org\/es\/wp-json\/wp\/v2\/users\/2"}],"replies":[{"embeddable":true,"href":"https:\/\/comtal.org\/es\/wp-json\/wp\/v2\/comments?post=9727"}],"version-history":[{"count":1,"href":"https:\/\/comtal.org\/es\/wp-json\/wp\/v2\/posts\/9727\/revisions"}],"predecessor-version":[{"id":9728,"href":"https:\/\/comtal.org\/es\/wp-json\/wp\/v2\/posts\/9727\/revisions\/9728"}],"wp:featuredmedia":[{"embeddable":true,"href":"https:\/\/comtal.org\/es\/wp-json\/wp\/v2\/media\/9750"}],"wp:attachment":[{"href":"https:\/\/comtal.org\/es\/wp-json\/wp\/v2\/media?parent=9727"}],"wp:term":[{"taxonomy":"category","embeddable":true,"href":"https:\/\/comtal.org\/es\/wp-json\/wp\/v2\/categories?post=9727"},{"taxonomy":"post_tag","embeddable":true,"href":"https:\/\/comtal.org\/es\/wp-json\/wp\/v2\/tags?post=9727"}],"curies":[{"name":"wp","href":"https:\/\/api.w.org\/{rel}","templated":true}]}}