{"id":9680,"date":"2015-04-29T13:06:35","date_gmt":"2015-04-29T13:06:35","guid":{"rendered":"https:\/\/comtal.org\/?p=9680"},"modified":"2015-04-29T14:43:18","modified_gmt":"2015-04-29T14:43:18","slug":"mayores-de-edad-desamparados","status":"publish","type":"post","link":"https:\/\/comtal.org\/es\/mayores-de-edad-desamparados\/","title":{"rendered":"MAYORES DE EDAD DESAMPARADOS"},"content":{"rendered":"<p><span style=\"color: #ff6600;\"><strong>EN PROFUNDIDAD. <\/strong><\/span><\/p>\n<p>La historia de muchos<strong> j\u00f3venes de origen extrangero que han llegado a nuestro pa\u00eds <\/strong>sin ser\u00a0mayores de edad es cruda y penosa. Aunque son acogidos y tutelados por la DGAIA y consiguen el permiso de residencia, <strong>cuando cumplen la mayor\u00eda de edad y tienen que emanciparse se encuentran con un permiso de residencia que no les permite trabajar<\/strong>. Son j\u00f3venes desamparados que, sin el apoyo familiar ni institucional, buscan una oportunidad para rehacer su vida y evitar la exclusi\u00f3n social. Son <strong>j\u00f3venes llenos de esperanza y de ilusi\u00f3n, pero con una gran losa que les impide seguir adelante<\/strong>: la falta del permiso de trabajo.<\/p>\n<p>La normativa actual se aleja no solo de la realidad que viven muchos de estos j\u00f3venes, tambi\u00e9n de la realidad de nuestro mercado de trabajo. La cuesti\u00f3n es que actualmente <strong>cualquier persona que tiene un permiso de residencia donde textualmente consta que \u201c<em>no autoriza a trabajar\u201d <\/em>si quiere acceder al mercado de trabajo solo tiene \u00a0dos opciones<\/strong>. La primera, esperar cinco a\u00f1os de residencia continuada para tramitar la targeta de larga durada que autom\u00e1ticamente le permetir\u00e0 trabajar. La segunda, si no quiere esperar todo este tiempo, es solicitar una modificaci\u00f3n del permiso de residencia a un permiso de residencia y trabajo.<\/p>\n<p>Si el joven opta por la primera opci\u00f3n, la de <strong>esperar a tramitar la targeta de larga duraci\u00f3n<\/strong>, le surgen una serie de inconvenientes, algunos de ellos facilmente deducibles. \u00bf<strong>Como puede vivir un joven que no tiene recursos econ\u00f3micos ni redes sociales suficientes que le puedan apoyar o ayudar?<\/strong> La realidad es que sobreviven como buenamente pueden. Depende de la suerte y de las personas o entidades sociales que se cruzan en su camino y que pueden ayudarlo durante este periodo. Pero, \u00bfque pasa con los j\u00f3venes cuando no los ayudan? Normalmente son abocados a la exclusi\u00f3n y a la delincuencia, con la consecuente irregularidad provocada por la imposibilidad de renovar su permiso de residencia. Es como un pez que se muerde la cola y que dificulta todav\u00eda m\u00e1s la inclusi\u00f3n social de los j\u00f3venes.<\/p>\n<p>Si el jove opta por la segunda opci\u00f3n, tiene que <strong>conseguir presentar a la adminstraci\u00f3n una oferta de trabajo de un a\u00f1o<\/strong>\u00a0(o diferentes contratos hasta un a\u00f1o de duraci\u00f3n). Dicho de otra manera, hay que conseguir que una empresa, que tiene much\u00edsimos candidatos esperando, apuesten por \u00e9l, se comprometan a contratarlo un a\u00f1o y a continuaci\u00f3n presenten una serie de documentos que no siempre son f\u00e1ciles de aportar para algunas empresas. Adem\u00e1s, tienen que esperar una media de un mes y medio para recibir la resoluci\u00f3n.\u00a0Para muchas empresas que ya tienen bastantes cargas y dificultades, gestionar estos contratos es demasiado complicado, y a\u00fan m\u00e1s en la situaci\u00f3n econ\u00f3mica actual. Parece entonces complicado que las empresas esten dispuestas a pasar por este\u00a0<em>via crucis <\/em>teniendo en cuenta el paro juvenil que hay actualmente.<\/p>\n<p>En definitiva, <strong>el marco legal es poco amable con este colectivo y poco realista porque exige a estas personas j\u00f3venes cosas dif\u00edcilmente asumibles<\/strong>. Con un replanteamiento claro de la normativa; no referido a modificaciones \u00a0que impliquen el efecto llamada sino a replanteamientos de los criterios, se adaptar\u00edaa mejor a la realidad socioecon\u00f3mica actual.<\/p>\n<p><strong>Las entidades sociales, sin embargo, continuamos trabajando al lado de estos j\u00f3venes para ayudarlos a tener su oportunidad.<\/strong><\/p>\n<hr \/>\n<p>Ferran Rof\u00edn Sanglas, coordinador del servicio de asesoramiento jur\u00eddico de la Fundaci\u00f3 Comtal<\/p>\n","protected":false},"excerpt":{"rendered":"<p>EN PROFUNDIDAD. La historia de muchos j\u00f3venes de origen extrangero que han llegado a nuestro pa\u00eds sin ser\u00a0mayores de edad es cruda y penosa. Aunque son acogidos y tutelados por [&hellip;]<\/p>\n","protected":false},"author":2,"featured_media":9685,"comment_status":"closed","ping_status":"closed","sticky":false,"template":"","format":"standard","meta":{"footnotes":""},"categories":[19],"tags":[],"class_list":["post-9680","post","type-post","status-publish","format-standard","has-post-thumbnail","hentry","category-general-es"],"_links":{"self":[{"href":"https:\/\/comtal.org\/es\/wp-json\/wp\/v2\/posts\/9680","targetHints":{"allow":["GET"]}}],"collection":[{"href":"https:\/\/comtal.org\/es\/wp-json\/wp\/v2\/posts"}],"about":[{"href":"https:\/\/comtal.org\/es\/wp-json\/wp\/v2\/types\/post"}],"author":[{"embeddable":true,"href":"https:\/\/comtal.org\/es\/wp-json\/wp\/v2\/users\/2"}],"replies":[{"embeddable":true,"href":"https:\/\/comtal.org\/es\/wp-json\/wp\/v2\/comments?post=9680"}],"version-history":[{"count":5,"href":"https:\/\/comtal.org\/es\/wp-json\/wp\/v2\/posts\/9680\/revisions"}],"predecessor-version":[{"id":9694,"href":"https:\/\/comtal.org\/es\/wp-json\/wp\/v2\/posts\/9680\/revisions\/9694"}],"wp:featuredmedia":[{"embeddable":true,"href":"https:\/\/comtal.org\/es\/wp-json\/wp\/v2\/media\/9685"}],"wp:attachment":[{"href":"https:\/\/comtal.org\/es\/wp-json\/wp\/v2\/media?parent=9680"}],"wp:term":[{"taxonomy":"category","embeddable":true,"href":"https:\/\/comtal.org\/es\/wp-json\/wp\/v2\/categories?post=9680"},{"taxonomy":"post_tag","embeddable":true,"href":"https:\/\/comtal.org\/es\/wp-json\/wp\/v2\/tags?post=9680"}],"curies":[{"name":"wp","href":"https:\/\/api.w.org\/{rel}","templated":true}]}}