{"id":9659,"date":"2015-04-29T09:43:33","date_gmt":"2015-04-29T09:43:33","guid":{"rendered":"https:\/\/comtal.org\/?p=9659"},"modified":"2015-04-29T10:00:00","modified_gmt":"2015-04-29T10:00:00","slug":"listos-para-dar-el-salto","status":"publish","type":"post","link":"https:\/\/comtal.org\/es\/listos-para-dar-el-salto\/","title":{"rendered":"J\u00d3VENES LISTOS PARA DAR EL SALTO"},"content":{"rendered":"<p><strong>En la nueva coyuntura econ\u00f3mica, el colectivo de los j\u00f3venes es uno de los m\u00e1s perjudicados.<\/strong>\u00a0Seg\u00fan el informe del <em>Observatori\u00a0Catal\u00e0 de la Joventut<\/em> sobre la situaci\u00f3n de les personas j\u00f3venes en Catalu\u00f1a el 1er trimestre del 2015, la tasa de paro entre la poblaci\u00f3n joven de 16 a 29 a\u00f1os se situa en el 33,4%. En cifras absolutas, en<strong>\u00a0Catalu\u00f1a hay 207.100 j\u00f3venes en el paro.<\/strong><\/p>\n<p>Estos datos son fruto, en parte, de la situaci\u00f3n estructural del momento y, en parte, por el alto nivel de abandono prematuro de los estudios. Si adem\u00e1s tenemos en cuenta que en el futuro los lugares de trabajo requerir\u00e1n un mayor nivel de calificaci\u00f3n, aparece como imprescindible l<strong>levar a cabo acciones que fomenten el retorno al sistema educativo de los j\u00f3venes, y especialmente de los que tienen pocos recursos<\/strong>.<\/p>\n<p>Para responder a esta situaci\u00f3n nace <strong><em>Llestos Per Fer el Salt<\/em><\/strong>, un programa de <strong>segundas oportunidades<\/strong> para j\u00f3venes con un bajo nivel de calificaci\u00f3n educativa y profesional. El objetivo del programa es apoderar a los j\u00f3venes para que tomen parte activa en su futuro, rompan con la desmotivaci\u00f3n provocada por la falta de oportunidades laborales y formativas y vuelvan al sistema educativo. Y hacerlo a trav\u00e9s del <strong><em>mentoring<\/em><\/strong> o acci\u00f3n tutorial, donde son los referentes o <strong><em>did\u00e1skalos<\/em><\/strong> los que inciden en los procesos personales, acompa\u00f1an y ofrecen refuerzo educativo.<\/p>\n<p>Partimos de la base que la mentor\u00eda es un instrumento de intervenci\u00f3n social que promueve la relaci\u00f3n entre personas que voluntariamente se ofrecen para proporcionar un refuerzo individual a otra persona que se encuentra en una situaci\u00f3n de riesgo de exclusi\u00f3n. As\u00ed, desde la <em>Fundaci\u00f3 Comtal<\/em> promovemos el programa, lo tutorizamos y lo coordinamos para que tenga el mayor impacto y beneficio para las dos partes.<\/p>\n<p>De esta manera <strong>conseguimos que el joven tenga una persona que le ayude a resolver las dudas y las dificultades<\/strong> que se encuentra en su proceso de formaci\u00f3n e inserci\u00f3n laboral, pero sobretodo que se sienta acompa\u00f1ado cuando sienta frustraci\u00f3n y se encuentre con problemas a la hora de emanciparse y de empezar a trabajar.<\/p>\n<p>Ahora, gracias a un acuerdo con <em>La Salle Barceloneta<\/em>, vamos m\u00e1s all\u00e1 y ofrecemos a los j\u00f3venes la posibilidad de recibir una beca para cursar un Ciclo Formativo o Bachillerato.<\/p>\n<p><strong>\u00a1No nos paramos!<\/strong><\/p>\n<p><span class=\"responsive\"><a href=\"https:\/\/comtal.org\/wp-content\/uploads\/Cartell_EstudiarBecats_CAST.jpg\"><img loading=\"lazy\" decoding=\"async\" class=\"alignnone size-full wp-image-9663\" src=\"https:\/\/comtal.org\/wp-content\/uploads\/Cartell_EstudiarBecats_CAST.jpg\" alt=\"Cartell_EstudiarBecats_CAST\" width=\"1170\" height=\"1654\" srcset=\"https:\/\/comtal.org\/wp-content\/uploads\/Cartell_EstudiarBecats_CAST.jpg 1170w, https:\/\/comtal.org\/wp-content\/uploads\/Cartell_EstudiarBecats_CAST-212x300.jpg 212w, https:\/\/comtal.org\/wp-content\/uploads\/Cartell_EstudiarBecats_CAST-724x1024.jpg 724w\" sizes=\"auto, (max-width: 1170px) 100vw, 1170px\" \/><\/a><\/span><\/p>\n<p>&nbsp;<\/p>\n","protected":false},"excerpt":{"rendered":"<p>En la nueva coyuntura econ\u00f3mica, el colectivo de los j\u00f3venes es uno de los m\u00e1s perjudicados.\u00a0Seg\u00fan el informe del Observatori\u00a0Catal\u00e0 de la Joventut sobre la situaci\u00f3n de les personas j\u00f3venes [&hellip;]<\/p>\n","protected":false},"author":2,"featured_media":9662,"comment_status":"closed","ping_status":"closed","sticky":false,"template":"","format":"standard","meta":{"footnotes":""},"categories":[19],"tags":[],"class_list":["post-9659","post","type-post","status-publish","format-standard","has-post-thumbnail","hentry","category-general-es"],"_links":{"self":[{"href":"https:\/\/comtal.org\/es\/wp-json\/wp\/v2\/posts\/9659","targetHints":{"allow":["GET"]}}],"collection":[{"href":"https:\/\/comtal.org\/es\/wp-json\/wp\/v2\/posts"}],"about":[{"href":"https:\/\/comtal.org\/es\/wp-json\/wp\/v2\/types\/post"}],"author":[{"embeddable":true,"href":"https:\/\/comtal.org\/es\/wp-json\/wp\/v2\/users\/2"}],"replies":[{"embeddable":true,"href":"https:\/\/comtal.org\/es\/wp-json\/wp\/v2\/comments?post=9659"}],"version-history":[{"count":4,"href":"https:\/\/comtal.org\/es\/wp-json\/wp\/v2\/posts\/9659\/revisions"}],"predecessor-version":[{"id":9665,"href":"https:\/\/comtal.org\/es\/wp-json\/wp\/v2\/posts\/9659\/revisions\/9665"}],"wp:featuredmedia":[{"embeddable":true,"href":"https:\/\/comtal.org\/es\/wp-json\/wp\/v2\/media\/9662"}],"wp:attachment":[{"href":"https:\/\/comtal.org\/es\/wp-json\/wp\/v2\/media?parent=9659"}],"wp:term":[{"taxonomy":"category","embeddable":true,"href":"https:\/\/comtal.org\/es\/wp-json\/wp\/v2\/categories?post=9659"},{"taxonomy":"post_tag","embeddable":true,"href":"https:\/\/comtal.org\/es\/wp-json\/wp\/v2\/tags?post=9659"}],"curies":[{"name":"wp","href":"https:\/\/api.w.org\/{rel}","templated":true}]}}