{"id":9653,"date":"2015-04-29T09:27:24","date_gmt":"2015-04-29T09:27:24","guid":{"rendered":"https:\/\/comtal.org\/?p=9653"},"modified":"2015-04-29T15:40:58","modified_gmt":"2015-04-29T15:40:58","slug":"capsulas-formativas-para-la-insercion","status":"publish","type":"post","link":"https:\/\/comtal.org\/es\/capsulas-formativas-para-la-insercion\/","title":{"rendered":"C\u00c1PSULAS FORMATIVAS PARA LA INSERCI\u00d3N"},"content":{"rendered":"<p>Ha finalizado el taller formativo \u201c<strong><em>Connecta\u2019t amb l\u2019Hosteleria<\/em>\u201d <\/strong>organizado por el <em>Punt d\u2019Informaci\u00f3 Tria<\/em> para j\u00f3venes de 18 a 25 a\u00f1os que empez\u00f3 el pasado 10 de abril.<\/p>\n<p>A lo largo de las sesiones hemos podido desarrollar actividades, talleres y pr\u00e1cticas con el objetivo de dar a conocer a los 15 participantes las din\u00e1micas que mueven el sector.<\/p>\n<p><strong>\u00bfCu\u00e1les son las caracter\u00edsticas del mundo de la restauraci\u00f3n?<\/strong> Lati Sadak, del <em>Punt d\u2019Informaci\u00f3<\/em>, dibuj\u00f3 en las primeras sesiones el mapa del sector y explic\u00f3 a los j\u00f3venes los distintos perfiles profesionales, las funciones, competencias clave, as\u00ed como la importancia de hablar idiomas y de tener dotes de buen comunicador.<\/p>\n<p>El taller continu\u00f3 con una ruta y<strong> visita al <em>Restaurant Bona Sort<\/em> y al <em>Mercat Princesa<\/em>, dos establecimientos destacados del barrio y tambi\u00e9n colaboradores de la <em>Fundaci\u00f3 Comtal<\/em><\/strong>. En esta visita, los j\u00f3venes pudieron entrar en contacto de forma directa con los gerentes de los establecimientos, para conocer distintos estilos y modelos de restaurantes, saber cu\u00e1les son los requerimientos b\u00e1sicos para trabajar en la hosteler\u00eda, tanto en cocina como en sala, etc.<\/p>\n<p>Ariadna Cabrera Rueda, educadora i facilitadora en t\u00e9cnicas de comunicaci\u00f3n, trabaj\u00f3 la importancia de la comunicaci\u00f3n a trav\u00e9s del taller \u201d<em>Expressa\u2019t<\/em>\u201d antes de dar por terminado el taller intensivo con la conferencia a cargo del Chef Ejecutivo de Food Consulting.<\/p>\n<p>Gracias a esta iniciativa, dos j\u00f3venes empiezan un proceso de formaci\u00f3n en\u00a0<em>Els Pinxus Barra de Tapes<\/em>, con posibilidades de empezar a trabajar despu\u00e9s del per\u00edodo de formaci\u00f3n. Y empezaremos tambi\u00e9n un proceso de acompa\u00f1amiento para derivar a j\u00f3venes a cursos especializados y a ofertas laborales del sector.<\/p>\n<p>\u00a1Seguimos!<\/p>\n","protected":false},"excerpt":{"rendered":"<p>Ha finalizado el taller formativo \u201cConnecta\u2019t amb l\u2019Hosteleria\u201d organizado por el Punt d\u2019Informaci\u00f3 Tria para j\u00f3venes de 18 a 25 a\u00f1os que empez\u00f3 el pasado 10 de abril. A lo [&hellip;]<\/p>\n","protected":false},"author":2,"featured_media":9654,"comment_status":"closed","ping_status":"closed","sticky":false,"template":"","format":"standard","meta":{"footnotes":""},"categories":[19],"tags":[],"class_list":["post-9653","post","type-post","status-publish","format-standard","has-post-thumbnail","hentry","category-general-es"],"_links":{"self":[{"href":"https:\/\/comtal.org\/es\/wp-json\/wp\/v2\/posts\/9653","targetHints":{"allow":["GET"]}}],"collection":[{"href":"https:\/\/comtal.org\/es\/wp-json\/wp\/v2\/posts"}],"about":[{"href":"https:\/\/comtal.org\/es\/wp-json\/wp\/v2\/types\/post"}],"author":[{"embeddable":true,"href":"https:\/\/comtal.org\/es\/wp-json\/wp\/v2\/users\/2"}],"replies":[{"embeddable":true,"href":"https:\/\/comtal.org\/es\/wp-json\/wp\/v2\/comments?post=9653"}],"version-history":[{"count":3,"href":"https:\/\/comtal.org\/es\/wp-json\/wp\/v2\/posts\/9653\/revisions"}],"predecessor-version":[{"id":9698,"href":"https:\/\/comtal.org\/es\/wp-json\/wp\/v2\/posts\/9653\/revisions\/9698"}],"wp:featuredmedia":[{"embeddable":true,"href":"https:\/\/comtal.org\/es\/wp-json\/wp\/v2\/media\/9654"}],"wp:attachment":[{"href":"https:\/\/comtal.org\/es\/wp-json\/wp\/v2\/media?parent=9653"}],"wp:term":[{"taxonomy":"category","embeddable":true,"href":"https:\/\/comtal.org\/es\/wp-json\/wp\/v2\/categories?post=9653"},{"taxonomy":"post_tag","embeddable":true,"href":"https:\/\/comtal.org\/es\/wp-json\/wp\/v2\/tags?post=9653"}],"curies":[{"name":"wp","href":"https:\/\/api.w.org\/{rel}","templated":true}]}}