{"id":9610,"date":"2015-04-27T08:50:04","date_gmt":"2015-04-27T08:50:04","guid":{"rendered":"https:\/\/comtal.org\/?p=9610"},"modified":"2015-04-27T10:58:56","modified_gmt":"2015-04-27T10:58:56","slug":"9610","status":"publish","type":"post","link":"https:\/\/comtal.org\/es\/9610\/","title":{"rendered":"TOTAL PARTICIPACI\u00d3N EN LA CAMPA\u00d1A DE SANT JORDI"},"content":{"rendered":"<p>El jueves pasado\u00a0celebramos una de las fiestas m\u00e1s especiales del a\u00f1o en Catalunya, la\u00a0<strong>Diada de Sant Jordi<\/strong>. No pod\u00edamos dejar pasar la ocasi\u00f3n, un a\u00f1o m\u00e1s, de salir a la calle y acercarnos a la gente para explicar que <strong>creemos en las segundas oportunidades<\/strong>\u00a0de los que tienen menos recursos y animarla a regalar solidaridad.<\/p>\n<p>As\u00ed lo hicimos. El d\u00eda nos ha acompa\u00f1\u00f3 para compartir con toda la comunidad, los amigos y el barrio la campa\u00f1a \u00ab<strong>Una Rosa \u00e9s Una Oportunitat<\/strong>\u00ab, cuyo objetivo es\u00a0<strong>sensibilizar y recoger fondos para destinar a los programas de acompa\u00f1amiento y refuerzo\u00a0<\/strong>de los ni\u00f1os, adolescentes y j\u00f3venes que necesitan una ayuda para salir adelante.<\/p>\n<p><strong>El \u00e9xito fue absoluto<\/strong>. A las 12 h. tuvimos que pedir refuerzos para preparar y montar m\u00e1s rosas solidarias con el lema de la campa\u00f1a. La gente que se acercaba al stand situado delante del mercado de Santa Caterina nos lo dec\u00eda claramente: \u00abcada a\u00f1o intento venir aqu\u00ed a compraros las rosas de Sant Jordi. Me hace ilusi\u00f3n que sean\u00a0rosas solidarias, es una forma de colaborar&#8230; \u00bb<\/p>\n<p>Para la Fundaci\u00f3 esta fiesta es especial no s\u00f3lo porque conseguimos recaudar fondos y sensibilizar; tambi\u00e9n es importante porque <strong>todo el mundo se implica<\/strong>. Los educadores vienen con <strong>los j\u00f3venes y los voluntarios<\/strong> nos ayudan antes y durante la fiesta para hacer difusi\u00f3n colgando carteles, montando las\u00a0rosas, recogiendo, repartiendo material informativo\u2026 Tambi\u00e9n<strong>\u00a0empresas, comercios y colaboradores habituales participan en la campa\u00f1a<\/strong> y regalan solidaridad a sus trabajadores y clientes.<\/p>\n<p>La verdad es que estamos muy contentos porque cada a\u00f1o aumenta el n\u00famero de personas y colaboradores que se implican y comparten esta fecha con nosotros. Compran la rosa, colaboran con un donativo y aprovechan per darnos soporte.<\/p>\n<p><strong>\u00a1Gracias a todos y a todas por hacerlo posible!<\/strong> Y gracias, especialmente a:<\/p>\n<ul>\n<li>Los autores de \u00abEl Quarter De Sant Pere\u00bb por acompa\u00f1arnos firmando ejemplares de este libro que habla del barrio donde nosotros trabajamos. \u00a1Se agotaron los ejemplares!<\/li>\n<li>\u00a1Los voluntarios por su implicaci\u00f3n y dedicaci\u00f3n!<\/li>\n<li>\u00a1Las empresas, comercios y colaboradores por sumar en la campa\u00f1a: Banco Mediolanum, Pich Abogados, Restaurant Bona Sort, I Love Food, Coshop y tambi\u00e9n a Lorena Gaig!<\/li>\n<\/ul>\n<p><strong>\u00a1No os perd\u00e1is el <a href=\"https:\/\/www.flickr.com\/photos\/campanyatriaespai_fundaciocomtal\/sets\/72157649827279713\/\" target=\"_blank\" rel=\"noopener\">\u00e1lbum de fotos<\/a>!<\/strong><\/p>\n","protected":false},"excerpt":{"rendered":"<p>El jueves pasado\u00a0celebramos una de las fiestas m\u00e1s especiales del a\u00f1o en Catalunya, la\u00a0Diada de Sant Jordi. No pod\u00edamos dejar pasar la ocasi\u00f3n, un a\u00f1o m\u00e1s, de salir a la [&hellip;]<\/p>\n","protected":false},"author":2,"featured_media":9611,"comment_status":"closed","ping_status":"closed","sticky":false,"template":"","format":"standard","meta":{"footnotes":""},"categories":[21,22,23,24,25,19,26,28,30],"tags":[35,33,34,32],"class_list":["post-9610","post","type-post","status-publish","format-standard","has-post-thumbnail","hentry","category-actividades-en-la-calle","category-colaboradores","category-comunidad","category-educacion","category-fundacioncomtal","category-general-es","category-integracion","category-solidaridad","category-voluntariado","tag-futur-es","tag-igualtat-es","tag-oportunitats-es","tag-participacio-es"],"_links":{"self":[{"href":"https:\/\/comtal.org\/es\/wp-json\/wp\/v2\/posts\/9610","targetHints":{"allow":["GET"]}}],"collection":[{"href":"https:\/\/comtal.org\/es\/wp-json\/wp\/v2\/posts"}],"about":[{"href":"https:\/\/comtal.org\/es\/wp-json\/wp\/v2\/types\/post"}],"author":[{"embeddable":true,"href":"https:\/\/comtal.org\/es\/wp-json\/wp\/v2\/users\/2"}],"replies":[{"embeddable":true,"href":"https:\/\/comtal.org\/es\/wp-json\/wp\/v2\/comments?post=9610"}],"version-history":[{"count":5,"href":"https:\/\/comtal.org\/es\/wp-json\/wp\/v2\/posts\/9610\/revisions"}],"predecessor-version":[{"id":9618,"href":"https:\/\/comtal.org\/es\/wp-json\/wp\/v2\/posts\/9610\/revisions\/9618"}],"wp:featuredmedia":[{"embeddable":true,"href":"https:\/\/comtal.org\/es\/wp-json\/wp\/v2\/media\/9611"}],"wp:attachment":[{"href":"https:\/\/comtal.org\/es\/wp-json\/wp\/v2\/media?parent=9610"}],"wp:term":[{"taxonomy":"category","embeddable":true,"href":"https:\/\/comtal.org\/es\/wp-json\/wp\/v2\/categories?post=9610"},{"taxonomy":"post_tag","embeddable":true,"href":"https:\/\/comtal.org\/es\/wp-json\/wp\/v2\/tags?post=9610"}],"curies":[{"name":"wp","href":"https:\/\/api.w.org\/{rel}","templated":true}]}}