{"id":9143,"date":"2015-01-29T11:35:30","date_gmt":"2015-01-29T11:35:30","guid":{"rendered":"https:\/\/comtal.org\/?p=9143"},"modified":"2015-01-29T12:21:20","modified_gmt":"2015-01-29T12:21:20","slug":"gracies-per-fer-possible-un-nadal-especial%e2%80%8b","status":"publish","type":"post","link":"https:\/\/comtal.org\/es\/gracies-per-fer-possible-un-nadal-especial%e2%80%8b\/","title":{"rendered":"GRACIAS POR HACER POSIBLE UNA NAVIDAD ESPECIAL"},"content":{"rendered":"<p>M\u00e1s de 150 ni\u00f1os y j\u00f3venes del barrio de Sant Pere, Santa Caterina y la Ribera de Barcelona han recibido juguetes y material escolar para disfrutar de la Navidad con la ilusi\u00f3n que se merecen, y empezar el a\u00f1o con el material escolar b\u00e1sico que necesitan en la escuela. Y m\u00e1s de 370 ni\u00f1os, j\u00f3venes y familias podr\u00e1n mejorar su alimentaci\u00f3n a trav\u00e9s de los diferentes programas y talleres sociales que organizamos a lo largo del a\u00f1o.<\/p>\n<p>Sin vuestra colaboraci\u00f3n e implicaci\u00f3n en la campa\u00f1a solidaria de Navidad para la recogida de juguetes, material escolar y alimentos no habr\u00eda sido posible, por eso queremos daros, de todo coraz\u00f3n, las gracias.<\/p>\n<p>Cada a\u00f1o somos m\u00e1s las escuelas, empresas, organizaciones y personas que aportan su granito de arena para celebrar el ti\u00f3 y los reyes con el grupo del Centre Obert Tria y del Centre Residencial d&#8217;Acci\u00f3 Educativa. Y cada a\u00f1o son m\u00e1s los que recogen alimentos para que tengamos la despensa llena, demos de comer a los ni\u00f1os del centro, y podamos organizar los talleres para promover una alimentaci\u00f3n saludable.<\/p>\n<p>Para esta campa\u00f1a hemos contado con el apoyo incalculable de un gran grupo de voluntarios y alumnos que pon\u00edan en pr\u00e1ctica el aprenendizaje-servicio, y nos han ayudado no solo con la recogida, sin\u00f3 tambi\u00e9n con la organizaci\u00f3n de todo lo que \u00edbamos recogiendo.<\/p>\n<p>La Carmen Castrej\u00f3n, coordinadora del Centre Obert Tria, el programa de la Fundaci\u00f3 con mayor volumen de ni\u00f1os y j\u00f3venes, destaca: \u201cEl esfuerzo que supone para todo el\u00a0equipo humano la gesti\u00f3n, recogida, organizaci\u00f3n, etc. de esta campa\u00f1a es muy grande, pero compensa por la implicaci\u00f3n de todo el mundo. Las familias nos lo agradecen, vemos como brillan los ojos de los m\u00e1s peque\u00f1os antes de abrir los regalos&#8230;, no tiene precio\u201d.<\/p>\n<p>No os perd\u00e1is el \u00e1<a href=\"https:\/\/www.flickr.com\/photos\/campanyatriaespai_fundaciocomtal\/sets\/72157649900216155\/\" target=\"_blank\" rel=\"noopener\">lbum de fotograf\u00edas <\/a>de la celebraci\u00f3n del ti\u00f3.<\/p>\n<p>De todo coraz\u00f3n, gracias a todos los colaboradores:<\/p>\n<p>Banco Mediolanum<br \/>\nCentre Sant Pere Ap\u00f2stol<br \/>\nEscola Solc<br \/>\nEscola S\u00fanion<br \/>\nFinestra Oberta<br \/>\nGrup d&#8217;Opini\u00f3<br \/>\nInstitut Nacional d&#8217;Estad\u00edstica<br \/>\nLa Salle Bonanova<br \/>\nLa Salle Comtal<br \/>\nLa Salle Congr\u00e9s<br \/>\nLa Salle Manresa<br \/>\nLa Salle Montcada<br \/>\nOAK House<br \/>\nReal Dreams<\/p>\n","protected":false},"excerpt":{"rendered":"<p>M\u00e1s de 150 ni\u00f1os y j\u00f3venes del barrio de Sant Pere, Santa Caterina y la Ribera de Barcelona han recibido juguetes y material escolar para disfrutar de la Navidad con [&hellip;]<\/p>\n","protected":false},"author":2,"featured_media":0,"comment_status":"closed","ping_status":"closed","sticky":false,"template":"","format":"standard","meta":{"footnotes":""},"categories":[22,23,25,19,27,28,30],"tags":[31,33,34,32],"class_list":["post-9143","post","type-post","status-publish","format-standard","hentry","category-colaboradores","category-comunidad","category-fundacioncomtal","category-general-es","category-navidad","category-solidaridad","category-voluntariado","tag-families-es","tag-igualtat-es","tag-oportunitats-es","tag-participacio-es"],"_links":{"self":[{"href":"https:\/\/comtal.org\/es\/wp-json\/wp\/v2\/posts\/9143","targetHints":{"allow":["GET"]}}],"collection":[{"href":"https:\/\/comtal.org\/es\/wp-json\/wp\/v2\/posts"}],"about":[{"href":"https:\/\/comtal.org\/es\/wp-json\/wp\/v2\/types\/post"}],"author":[{"embeddable":true,"href":"https:\/\/comtal.org\/es\/wp-json\/wp\/v2\/users\/2"}],"replies":[{"embeddable":true,"href":"https:\/\/comtal.org\/es\/wp-json\/wp\/v2\/comments?post=9143"}],"version-history":[{"count":4,"href":"https:\/\/comtal.org\/es\/wp-json\/wp\/v2\/posts\/9143\/revisions"}],"predecessor-version":[{"id":9148,"href":"https:\/\/comtal.org\/es\/wp-json\/wp\/v2\/posts\/9143\/revisions\/9148"}],"wp:attachment":[{"href":"https:\/\/comtal.org\/es\/wp-json\/wp\/v2\/media?parent=9143"}],"wp:term":[{"taxonomy":"category","embeddable":true,"href":"https:\/\/comtal.org\/es\/wp-json\/wp\/v2\/categories?post=9143"},{"taxonomy":"post_tag","embeddable":true,"href":"https:\/\/comtal.org\/es\/wp-json\/wp\/v2\/tags?post=9143"}],"curies":[{"name":"wp","href":"https:\/\/api.w.org\/{rel}","templated":true}]}}