{"id":9114,"date":"2014-10-29T14:58:07","date_gmt":"2014-10-29T14:58:07","guid":{"rendered":"https:\/\/comtal.org\/ruta-historica-2\/"},"modified":"2015-01-27T22:21:40","modified_gmt":"2015-01-27T22:21:40","slug":"ruta-historica","status":"publish","type":"post","link":"https:\/\/comtal.org\/es\/ruta-historica\/","title":{"rendered":"RUTA HIST\u00d3RICA PARA GENTE HIST\u00d3RICA"},"content":{"rendered":"<p>M\u00e1s de 60 personas hist\u00f3ricas y comprometidas participaron el pasado viernes por la tarde en la ruta por el barrio de Sant Pere, Santa Caterina y la Ribera, haciendo posible el acto de conclusi\u00f3n del 20\u00ba aniversario de la Fundaci\u00f3 Comtal.<\/p>\n<p>A medida que los participantes llegaron a Forn de la Fonda, establecido como punto de encuentro, el Pere Vivancos, el Hermano David P\u00e9rez, la Carme Cobo y el Miguel Salinas, gu\u00edas voluntarios de la ruta conmemorativa del 1714, fueron conduciendo a los grupos por los escenarios m\u00e1s emblem\u00e1ticos de la guerra de sucesi\u00f3n, y explicando las historia y la historia de los diferentes rincones y espacios.<\/p>\n<p>1. Casa Gremial de los Cardadores<\/p>\n<p>2. Capilla de Marc\u00fas<\/p>\n<p>3. Calle de Montcada<\/p>\n<p>4. Paseo del Born<\/p>\n<p>5. La Seca<\/p>\n<p>6. Convento de Sant Agust\u00ed<\/p>\n<p>7. Baluarte y Portal Nuevo<\/p>\n<p>8. Antiguo Monasterio de Sant Pere de les Puel\u00b7les<\/p>\n<p>La ruta culmin\u00f3 en el Palau Al\u00f3s con un sorpresa, la representaci\u00f3n teatral de un fragmento de la obra enmarcada en el 1714 que prepararon miembros del grupo de teatro Sant Pere Ap\u00f2stol y trabajadores de la Fundaci\u00f3 Comtal.<\/p>\n<p>Ya hemos colgado el \u00e1lbum de fotos de la ruta, lo pod\u00e9is ver haciendo clic <a href=\"https:\/\/www.flickr.com\/photos\/campanyatriaespai_fundaciocomtal\/sets\/72157646662922774\/\" target=\"_blank\" rel=\"noopener\">aqu\u00ed<\/a>!<\/p>\n<p>Gracias a todas las personas que participasteis por compartir este momento con nosotros, y a les que quer\u00edais pero no pudisteis acompa\u00f1arnos. Seguro que nos encontraremos en la pr\u00f3xima.<\/p>\n<p>Seguimos!<\/p>\n","protected":false},"excerpt":{"rendered":"<p>M\u00e1s de 60 personas hist\u00f3ricas y comprometidas participaron el pasado viernes por la tarde en la ruta por el barrio de Sant Pere, Santa Caterina y la Ribera, haciendo posible [&hellip;]<\/p>\n","protected":false},"author":2,"featured_media":2111,"comment_status":"closed","ping_status":"closed","sticky":false,"template":"","format":"standard","meta":{"footnotes":""},"categories":[22,25,19,30],"tags":[32],"class_list":["post-9114","post","type-post","status-publish","format-standard","has-post-thumbnail","hentry","category-colaboradores","category-fundacioncomtal","category-general-es","category-voluntariado","tag-participacio-es"],"_links":{"self":[{"href":"https:\/\/comtal.org\/es\/wp-json\/wp\/v2\/posts\/9114","targetHints":{"allow":["GET"]}}],"collection":[{"href":"https:\/\/comtal.org\/es\/wp-json\/wp\/v2\/posts"}],"about":[{"href":"https:\/\/comtal.org\/es\/wp-json\/wp\/v2\/types\/post"}],"author":[{"embeddable":true,"href":"https:\/\/comtal.org\/es\/wp-json\/wp\/v2\/users\/2"}],"replies":[{"embeddable":true,"href":"https:\/\/comtal.org\/es\/wp-json\/wp\/v2\/comments?post=9114"}],"version-history":[{"count":2,"href":"https:\/\/comtal.org\/es\/wp-json\/wp\/v2\/posts\/9114\/revisions"}],"predecessor-version":[{"id":9116,"href":"https:\/\/comtal.org\/es\/wp-json\/wp\/v2\/posts\/9114\/revisions\/9116"}],"wp:featuredmedia":[{"embeddable":true,"href":"https:\/\/comtal.org\/es\/wp-json\/wp\/v2\/media\/2111"}],"wp:attachment":[{"href":"https:\/\/comtal.org\/es\/wp-json\/wp\/v2\/media?parent=9114"}],"wp:term":[{"taxonomy":"category","embeddable":true,"href":"https:\/\/comtal.org\/es\/wp-json\/wp\/v2\/categories?post=9114"},{"taxonomy":"post_tag","embeddable":true,"href":"https:\/\/comtal.org\/es\/wp-json\/wp\/v2\/tags?post=9114"}],"curies":[{"name":"wp","href":"https:\/\/api.w.org\/{rel}","templated":true}]}}