{"id":9111,"date":"2014-10-09T13:45:09","date_gmt":"2014-10-09T13:45:09","guid":{"rendered":"https:\/\/comtal.org\/vetllant-pel-bon-funcionament-de-lentitat-2\/"},"modified":"2015-03-31T08:44:41","modified_gmt":"2015-03-31T08:44:41","slug":"vetllant-pel-bon-funcionament-de-lentitat","status":"publish","type":"post","link":"https:\/\/comtal.org\/es\/vetllant-pel-bon-funcionament-de-lentitat\/","title":{"rendered":"VELANDO POR EL BUEN FUNCIONAMIENTO"},"content":{"rendered":"<p>El pasado d\u00eda 5 de octubre, en la reuni\u00f3n del Patronato de la Fundaci\u00f3 Comtal que se celebra de forma bimensual, todos los patrones por unanimidad acordaron la renovaci\u00f3n de los cargos, quedando actualmente conformado el Patronato de la siguiente manera:<\/p>\n<p>Presidente: Josep Guiteras y Llimona<br \/>\nVicepresidente: Jordi Jover y Oll\u00e9<br \/>\nSecretario: Josep Canal y Alavedra<br \/>\nAdministradora: Al\u00edcia Artiaga y Porcar<br \/>\nVocales:<br \/>\nJaume Albaig\u00e8s y Rosell\u00f3<br \/>\nIrene Borr\u00e0s y Garrido<br \/>\n\u00c0ngel Font y Vidal<br \/>\nJordi Palou y Loverdos<br \/>\nValeri J. Ruiz y Garcia<br \/>\nJos\u00e9 Luis Rodriguez y Gonz\u00e1lez<\/p>\n<p>En la reuni\u00f3n acordaron tambi\u00e9n por unanimidad nombrar al Hermano Salvador Fargas i Cots Presidente de Honor de la Fundaci\u00f3 Comtal. Su trayectoria vital y profesional, la vocaci\u00f3n de servicio y la dedicaci\u00f3n para estar al lado de los m\u00e1s fr\u00e1giles, le avalan en este nuevo cargo que asume. La historia de vida del Hermano Salvador est\u00e1 disponible en el blog Va de Vides, y se puede leer a trav\u00e9s de <a href=\"https:\/\/comtal.org\/fundaciocomtal\/?p=1040\">este enlace<\/a>.<\/p>\n<p>Todo el equipo humano de la Fundaci\u00f3 Comtal da la bienvenida a los nuevos miembros del Patronato, Josep Canal i Alavedra y Jos\u00e9 Luis Rodriguez i Gonz\u00e1lez y se despide del Hermano Javier Nu\u00f1ez i Fontiveros, agradeciendo que haya velado a lo largo de este tiempo por el buen funcionamiento de la entidad.<\/p>\n","protected":false},"excerpt":{"rendered":"<p>El pasado d\u00eda 5 de octubre, en la reuni\u00f3n del Patronato de la Fundaci\u00f3 Comtal que se celebra de forma bimensual, todos los patrones por unanimidad acordaron la renovaci\u00f3n de [&hellip;]<\/p>\n","protected":false},"author":2,"featured_media":0,"comment_status":"closed","ping_status":"closed","sticky":false,"template":"","format":"standard","meta":{"footnotes":""},"categories":[19],"tags":[],"class_list":["post-9111","post","type-post","status-publish","format-standard","hentry","category-general-es"],"_links":{"self":[{"href":"https:\/\/comtal.org\/es\/wp-json\/wp\/v2\/posts\/9111","targetHints":{"allow":["GET"]}}],"collection":[{"href":"https:\/\/comtal.org\/es\/wp-json\/wp\/v2\/posts"}],"about":[{"href":"https:\/\/comtal.org\/es\/wp-json\/wp\/v2\/types\/post"}],"author":[{"embeddable":true,"href":"https:\/\/comtal.org\/es\/wp-json\/wp\/v2\/users\/2"}],"replies":[{"embeddable":true,"href":"https:\/\/comtal.org\/es\/wp-json\/wp\/v2\/comments?post=9111"}],"version-history":[{"count":4,"href":"https:\/\/comtal.org\/es\/wp-json\/wp\/v2\/posts\/9111\/revisions"}],"predecessor-version":[{"id":9486,"href":"https:\/\/comtal.org\/es\/wp-json\/wp\/v2\/posts\/9111\/revisions\/9486"}],"wp:attachment":[{"href":"https:\/\/comtal.org\/es\/wp-json\/wp\/v2\/media?parent=9111"}],"wp:term":[{"taxonomy":"category","embeddable":true,"href":"https:\/\/comtal.org\/es\/wp-json\/wp\/v2\/categories?post=9111"},{"taxonomy":"post_tag","embeddable":true,"href":"https:\/\/comtal.org\/es\/wp-json\/wp\/v2\/tags?post=9111"}],"curies":[{"name":"wp","href":"https:\/\/api.w.org\/{rel}","templated":true}]}}