{"id":9092,"date":"2014-09-27T14:24:52","date_gmt":"2014-09-27T14:24:52","guid":{"rendered":"https:\/\/comtal.org\/?p=9092"},"modified":"2015-01-27T14:42:44","modified_gmt":"2015-01-27T14:42:44","slug":"la-fundacio-comtal-entidad-destacada","status":"publish","type":"post","link":"https:\/\/comtal.org\/es\/la-fundacio-comtal-entidad-destacada\/","title":{"rendered":"LA FUNDACI\u00d3 COMTAL, ENTIDAD DESTACADA"},"content":{"rendered":"<p>La 19\u00aa Muestra de Asociaciones de Barcelona se celebr\u00f3 el s\u00e1bado 20, domingo 21 y mi\u00e9rcoles 24 de setiembre en la plaza de Catalunya, en el marco de las Fiestas de la Merc\u00e8, y la Fundaci\u00f3 Comtal tuvo un espacio destacado para conmemorar su 20 Aniversario.<\/p>\n<p>Fue una gran oportunidad para hacer difusi\u00f3n de nuestro d\u00eda a d\u00eda, y para compartir con los voluntarios, las familias, y todas las personas que pudieron acompa\u00f1arnos los talleres y actividades que ten\u00edamos preparados.<\/p>\n<p>S\u00c1BADO 20<\/p>\n<p>11 a 13h: Taller infantil \u00abUn deseo, un barco, un viaje\u00bb.<\/p>\n<p>13 a 17h: \u00abQue hay detr\u00e1s del Ojo de la Cerradura de las puertas de Ciutat Vella?\u00bb Exposici\u00f3n fotogr\u00e1fica organizada por la comisi\u00f3n de voluntariado de la Fundaci\u00f3 Comtal.<\/p>\n<p>17 a 20h: Taller infantil \u00abPintamos, transformamos, crecemos\u00bb.<\/p>\n<p>DOMINGO 21<\/p>\n<p>11 a 13h: \u00abEl transformador de personas\u00bb. Photo Boot organizado para los\/as ni\u00f1os\/as.<\/p>\n<p>13 a 17h: Proyecci\u00f3n del v\u00eddeo \u00abFundaci\u00f3 Comtal, 20 a\u00f1os Educando para Transformar Vidas\u00bb.<\/p>\n<p>17 a 20h: Taller infantil \u00abUn deseo, un barco, un viaje\u00bb.<\/p>\n<p>MI\u00c9RCOLES 24<\/p>\n<p>11 a 13h: Taller infantil \u00abPintamos, transformamos, crecemos\u00bb.<\/p>\n<p>13 a 16h: A trav\u00e9s de diferentes siluetas, los\/as ni\u00f1os\/as y j\u00f3venes explican sus sue\u00f1os. Los quieres conocer?<\/p>\n<p>17h a 19h: \u00abEl transformador de personas\u00bb. Photo Boot organizado para los\/as ni\u00f1os\/as.<\/p>\n<p>No os perd\u00e1is el <a href=\"https:\/\/www.flickr.com\/photos\/campanyatriaespai_fundaciocomtal\/sets\/72157648009685061\/\" target=\"_blank\" rel=\"noopener\">\u00e1lbum de fotos<\/a>!<\/p>\n","protected":false},"excerpt":{"rendered":"<p>La 19\u00aa Muestra de Asociaciones de Barcelona se celebr\u00f3 el s\u00e1bado 20, domingo 21 y mi\u00e9rcoles 24 de setiembre en la plaza de Catalunya, en el marco de las Fiestas [&hellip;]<\/p>\n","protected":false},"author":2,"featured_media":2109,"comment_status":"closed","ping_status":"closed","sticky":false,"template":"","format":"standard","meta":{"footnotes":""},"categories":[19],"tags":[],"class_list":["post-9092","post","type-post","status-publish","format-standard","has-post-thumbnail","hentry","category-general-es"],"_links":{"self":[{"href":"https:\/\/comtal.org\/es\/wp-json\/wp\/v2\/posts\/9092","targetHints":{"allow":["GET"]}}],"collection":[{"href":"https:\/\/comtal.org\/es\/wp-json\/wp\/v2\/posts"}],"about":[{"href":"https:\/\/comtal.org\/es\/wp-json\/wp\/v2\/types\/post"}],"author":[{"embeddable":true,"href":"https:\/\/comtal.org\/es\/wp-json\/wp\/v2\/users\/2"}],"replies":[{"embeddable":true,"href":"https:\/\/comtal.org\/es\/wp-json\/wp\/v2\/comments?post=9092"}],"version-history":[{"count":1,"href":"https:\/\/comtal.org\/es\/wp-json\/wp\/v2\/posts\/9092\/revisions"}],"predecessor-version":[{"id":9093,"href":"https:\/\/comtal.org\/es\/wp-json\/wp\/v2\/posts\/9092\/revisions\/9093"}],"wp:featuredmedia":[{"embeddable":true,"href":"https:\/\/comtal.org\/es\/wp-json\/wp\/v2\/media\/2109"}],"wp:attachment":[{"href":"https:\/\/comtal.org\/es\/wp-json\/wp\/v2\/media?parent=9092"}],"wp:term":[{"taxonomy":"category","embeddable":true,"href":"https:\/\/comtal.org\/es\/wp-json\/wp\/v2\/categories?post=9092"},{"taxonomy":"post_tag","embeddable":true,"href":"https:\/\/comtal.org\/es\/wp-json\/wp\/v2\/tags?post=9092"}],"curies":[{"name":"wp","href":"https:\/\/api.w.org\/{rel}","templated":true}]}}