{"id":28876,"date":"2026-04-27T15:16:43","date_gmt":"2026-04-27T15:16:43","guid":{"rendered":"https:\/\/comtal.org\/un-sant-jordi-con-impacto-social\/"},"modified":"2026-04-27T15:16:43","modified_gmt":"2026-04-27T15:16:43","slug":"un-sant-jordi-con-impacto-social","status":"publish","type":"post","link":"https:\/\/comtal.org\/es\/un-sant-jordi-con-impacto-social\/","title":{"rendered":"UN SANT JORDI CON IMPACTO SOCIAL"},"content":{"rendered":"<h3 data-start=\"0\" data-end=\"98\"><span style=\"color: #ff9900;\">M\u00e1s de 28.000 \u20ac recaudados en Sant Jordi para impulsar la educaci\u00f3n de ni\u00f1os y ni\u00f1as vulnerables<\/span><\/h3>\n<p data-start=\"100\" data-end=\"350\">En la Fundaci\u00f3 Comtal hemos cerrado con \u00e9xito una nueva edici\u00f3n de la campa\u00f1a solidaria de Sant Jordi <strong>#UnaRosaUnaOportunidad<\/strong>, con la que hemos logrado recaudar m\u00e1s de 26.000 euros para apoyar a ni\u00f1os, ni\u00f1as y j\u00f3venes en situaci\u00f3n de vulnerabilidad.<\/p>\n<p data-start=\"352\" data-end=\"678\">Este \u00e9xito ha sido posible gracias a la implicaci\u00f3n de 58 empresas, escuelas y organizaciones comprometidas, que han colaborado adquiriendo rosas y marcap\u00e1ginas con valor social. Tambi\u00e9n queremos destacar la colaboraci\u00f3n de Mercabarna, que nos don\u00f3 500 rosas que vendimos durante la Diada frente al Mercat de Santa Caterina.<\/p>\n<p data-start=\"680\" data-end=\"1099\"><strong>Los fondos recaudados nos permitir\u00e1n seguir impulsando planes educativos individualizados, reforzar las competencias digitales a trav\u00e9s de asesoramiento, cursos y talleres, y ofrecer becas de estudio y transporte. Un apoyo esencial para que los ni\u00f1os, ni\u00f1as y j\u00f3venes a los que acompa\u00f1amos puedan continuar form\u00e1ndose y acercarse a sus sue\u00f1os, como Justin, que quiere ser cient\u00edfico, o Nini, que quiere ser profesora.<\/strong><\/p>\n<p data-start=\"1101\" data-end=\"1256\">Nada de esto habr\u00eda sido posible sin el compromiso de 70 personas voluntarias, que han dedicado tiempo y energ\u00eda a hacer realidad esta campa\u00f1a solidaria.<\/p>\n<p data-start=\"1258\" data-end=\"1637\">Tal como explica Maria Jos\u00e9 Rubio, responsable de la campa\u00f1a #UnaRosaUnaOportunidad de la Fundaci\u00f3 Comtal: \u201cSant Jordi es mucho m\u00e1s que una jornada cultural: es una oportunidad real para transformar vidas. La respuesta colectiva que hemos recibido nos permite acompa\u00f1ar mejor a ni\u00f1os, ni\u00f1as y j\u00f3venes para que puedan construir su futuro con m\u00e1s oportunidades y menos barreras\u201d.<\/p>\n<p data-start=\"1639\" data-end=\"1820\" data-is-last-node=\"\" data-is-only-node=\"\">Gracias de nuevo a todas las personas, empresas y escuelas que, con #UnaRosaUnaOportunidad, han hecho posible que cada aportaci\u00f3n se convierta en acompa\u00f1amiento, educaci\u00f3n y futuro:<\/p>\n<table data-tablestyle=\"MsoTableGrid\" data-tablelook=\"0\" aria-rowcount=\"1\">\n<tbody>\n<tr aria-rowindex=\"1\">\n<td data-celllook=\"4369\"><span style=\"color: #ff9900;\">Aig\u00fces de Barcelona\u00a0<\/span><\/p>\n<p><span style=\"color: #ff9900;\">Af\u00a0TaX\u00a0Legal\u00a0\u00a0<\/span><\/p>\n<p><span style=\"color: #ff9900;\">Barcelona Advocats i Assessors\u00a0<\/span><\/p>\n<p><span style=\"color: #ff9900;\">Btechc,\u00a0Intech\u00a0&amp; Co\u00a0<\/span><\/p>\n<p><span style=\"color: #ff9900;\">Cat Real\u00a0Estate\u00a0<\/span><\/p>\n<p><span style=\"color: #ff9900;\">Cerascem\u00a0<\/span><\/p>\n<p><span style=\"color: #ff9900;\">CETT\u00a0<\/span><\/p>\n<p><span style=\"color: #ff9900;\">Costaisa\u00a0<\/span><\/p>\n<p><span style=\"color: #ff9900;\">Ebroauto\u00a0<\/span><\/p>\n<p><span style=\"color: #ff9900;\">Gallina Blanca\u00a0<\/span><\/p>\n<p><span style=\"color: #ff9900;\">Hotel\u00a0Citadines\u00a0Ramblas\u00a0<\/span><\/p>\n<p><span style=\"color: #ff9900;\">Hostal Grau\u00a0<\/span><\/p>\n<p><span style=\"color: #ff9900;\">Hotel\u00a0Mirlo\u00a0<\/span><\/p>\n<p><span style=\"color: #ff9900;\">Hotel\u00a0Ohla\u00a0Boutique\u00a0<\/span><\/p>\n<p><span style=\"color: #ff9900;\">Hotel Dante\u00a0<\/span><\/p>\n<p><span style=\"color: #ff9900;\">Hotel Intercontinental Barcelona\u00a0<\/span><\/p>\n<p><span style=\"color: #ff9900;\">Hotel\u00a0Mandarin\u00a0Oriental\u00a0<\/span><\/p>\n<p><span style=\"color: #ff9900;\">Hotel\u00a0Mandarin\u00a0Residences\u00a0<\/span><\/p>\n<p><span style=\"color: #ff9900;\">Hotel Royal\u00a0\u00a0<\/span><\/p>\n<p><span style=\"color: #ff9900;\">Hotel\u00a0Vincci\u00a0<\/span><\/p>\n<p><span style=\"color: #ff9900;\" data-ccp-props=\"{&quot;201341983&quot;:1,&quot;335559685&quot;:107,&quot;335559740&quot;:248}\">\u00a0<\/span><\/td>\n<td data-celllook=\"4369\"><span style=\"color: #ff9900;\">Hotels\u00a0Catalonia\u00a0<\/span><\/p>\n<p><span style=\"color: #ff9900;\">Hotels H10\u00a0<\/span><\/p>\n<p><span style=\"color: #ff9900;\">Hotels Ibis\u00a0<\/span><\/p>\n<p><span style=\"color: #ff9900;\">Hotels\u00a0Ilunion\u00a0<\/span><\/p>\n<p><span style=\"color: #ff9900;\">Jos\u00e9\u00a0Gisberts\u00a0Fabrica de teixits\u00a0<\/span><\/p>\n<p><span style=\"color: #ff9900;\">La\u00a0Salle\u00a0Catalunya\u00a0<\/span><\/p>\n<p><span style=\"color: #ff9900;\">Mediolanum\u00a0<\/span><\/p>\n<p><span style=\"color: #ff9900;\">Musik\u00a0Hotel\u00a0<\/span><\/p>\n<p><span style=\"color: #ff9900;\">Navalia\u00a0Energ\u00eda\/Electry\u00a0Consulting\u00a0<\/span><\/p>\n<p><span style=\"color: #ff9900;\">Nexe\u00a0<\/span><\/p>\n<p><span style=\"color: #ff9900;\">Ohla\u00a0Boutique Hotels\u00a0<\/span><\/p>\n<p><span style=\"color: #ff9900;\">Omnipack\u00a0<\/span><\/p>\n<p><span style=\"color: #ff9900;\">Pib\u00a0Group Iberia\u00a0<\/span><\/p>\n<p><span style=\"color: #ff9900;\">Pich\u00a0Bnfix\u00a0<\/span><\/p>\n<p><span style=\"color: #ff9900;\">Revisa\u00a0<\/span><\/p>\n<p><span style=\"color: #ff9900;\">Seitsa\u00a0<\/span><\/p>\n<p><span style=\"color: #ff9900;\">Sercom\u00a0Informatics\u00a0<\/span><\/p>\n<p><span style=\"color: #ff9900;\">Serunion\/Hosteses\u00a0<\/span><\/p>\n<p><span style=\"color: #ff9900;\">Tappx\u00a0TECHSOULOGY\u00a0<\/span><\/p>\n<p><span style=\"color: #ff9900;\">Worldcoo\u00a0<\/span><\/p>\n<p><span data-ccp-props=\"{&quot;201341983&quot;:1,&quot;335559685&quot;:104,&quot;335559740&quot;:248}\">\u00a0<\/span><\/td>\n<\/tr>\n<\/tbody>\n<\/table>\n","protected":false},"excerpt":{"rendered":"<p>M\u00e1s de 28.000 \u20ac recaudados en Sant Jordi para impulsar la educaci\u00f3n de ni\u00f1os y ni\u00f1as vulnerables En la Fundaci\u00f3 Comtal hemos cerrado con \u00e9xito una nueva edici\u00f3n de la [&hellip;]<\/p>\n","protected":false},"author":2,"featured_media":28873,"comment_status":"closed","ping_status":"closed","sticky":false,"template":"","format":"standard","meta":{"footnotes":""},"categories":[19],"tags":[],"class_list":["post-28876","post","type-post","status-publish","format-standard","has-post-thumbnail","hentry","category-general-es"],"_links":{"self":[{"href":"https:\/\/comtal.org\/es\/wp-json\/wp\/v2\/posts\/28876","targetHints":{"allow":["GET"]}}],"collection":[{"href":"https:\/\/comtal.org\/es\/wp-json\/wp\/v2\/posts"}],"about":[{"href":"https:\/\/comtal.org\/es\/wp-json\/wp\/v2\/types\/post"}],"author":[{"embeddable":true,"href":"https:\/\/comtal.org\/es\/wp-json\/wp\/v2\/users\/2"}],"replies":[{"embeddable":true,"href":"https:\/\/comtal.org\/es\/wp-json\/wp\/v2\/comments?post=28876"}],"version-history":[{"count":0,"href":"https:\/\/comtal.org\/es\/wp-json\/wp\/v2\/posts\/28876\/revisions"}],"wp:featuredmedia":[{"embeddable":true,"href":"https:\/\/comtal.org\/es\/wp-json\/wp\/v2\/media\/28873"}],"wp:attachment":[{"href":"https:\/\/comtal.org\/es\/wp-json\/wp\/v2\/media?parent=28876"}],"wp:term":[{"taxonomy":"category","embeddable":true,"href":"https:\/\/comtal.org\/es\/wp-json\/wp\/v2\/categories?post=28876"},{"taxonomy":"post_tag","embeddable":true,"href":"https:\/\/comtal.org\/es\/wp-json\/wp\/v2\/tags?post=28876"}],"curies":[{"name":"wp","href":"https:\/\/api.w.org\/{rel}","templated":true}]}}