{"id":28856,"date":"2026-03-18T09:36:57","date_gmt":"2026-03-18T09:36:57","guid":{"rendered":"https:\/\/comtal.org\/?p=28856"},"modified":"2026-03-18T11:38:41","modified_gmt":"2026-03-18T11:38:41","slug":"una-realidad-social-que-nos-interpela","status":"publish","type":"post","link":"https:\/\/comtal.org\/es\/una-realidad-social-que-nos-interpela\/","title":{"rendered":"UNA REALIDAD SOCIAL QUE NOS INTERPELA"},"content":{"rendered":"<p>[vc_row][vc_column][vc_column_text]<\/p>\n<h2 data-start=\"98\" data-end=\"151\"><span style=\"color: #ff9900;\"><strong data-start=\"98\" data-end=\"151\">Cuando los datos ponen nombre a las desigualdades<\/strong><\/span><\/h2>\n<p data-start=\"153\" data-end=\"714\">El Informe Social de Catalu\u00f1a 2025, elaborado por el Departamento de Derechos Sociales e Inclusi\u00f3n de la Generalitat de Catalu\u00f1a, ofrece una radiograf\u00eda completa de la situaci\u00f3n social del pa\u00eds y pone de manifiesto una realidad que, desde la Fundaci\u00f3n Comtal, vemos cada d\u00eda en nuestra labor de acompa\u00f1amiento a ni\u00f1os, j\u00f3venes y familias. Aunque algunos indicadores macroecon\u00f3micos muestran signos de crecimiento econ\u00f3mico y mejora en el empleo, el diagn\u00f3stico confirma que la pobreza y las desigualdades siguen profundamente arraigadas en la sociedad catalana.<\/p>\n<p data-start=\"716\" data-end=\"1308\">Alrededor de u<strong>na cuarta parte de la poblaci\u00f3n catalana<\/strong> \u2014cerca del 25 %\u2014 se encuentra en riesgo de pobreza o exclusi\u00f3n social. Esta situaci\u00f3n afecta especialmente a la infancia: <strong>m\u00e1s del 36 % de los ni\u00f1os, ni\u00f1as y adolescentes menores de 16 a\u00f1os viven en contextos de vulnerabilidad econ\u00f3mica. Estos datos evidencian que muchas familias con hijos e hijas tienen dificultades crecientes para cubrir los gastos esenciales del d\u00eda a d<\/strong>\u00eda, especialmente en un contexto marcado por el aumento del coste de la vida, el encarecimiento de la vivienda y la p\u00e9rdida de poder adquisitivo de muchos hogares.<\/p>\n<p data-start=\"1310\" data-end=\"1875\">El informe tambi\u00e9n se\u00f1ala que, a pesar de la reducci\u00f3n del paro en los \u00faltimos a\u00f1os, l<strong>a precariedad laboral sigue siendo una realidad para muchas personas.<\/strong> Cada vez hay m\u00e1s trabajadores y trabajadoras que, a pesar de tener empleo, no consiguen ingresos suficientes para vivir dignamente. Esta situaci\u00f3n, conocida como \u201ctrabajador\/a pobre\u201d, refleja las tensiones del mercado laboral actual, con s<strong>alarios estancados y empleos inestables que dificultan cubrir necesidades b\u00e1sicas como una vivienda adecuada, la alimentaci\u00f3n o el acceso a servicios de salud y cuidados.<\/strong><\/p>\n<p data-start=\"1877\" data-end=\"2506\">El documento tambi\u00e9n pone el foco en factores estructurales que contribuyen a mantener estas desigualdades. Entre ellos destaca la <strong>vivienda inasequible, con precios de alquiler y compra que absorben una parte cada vez mayor de los ingresos familiares.<\/strong> A ello se suman las dificultades de acceso a servicios sociales y educativos de calidad o las desigualdades territoriales entre barrios y municipios. Todo ello dibuja un escenario en el que casi la mitad de los hogares manifiestan tener dificultades para llegar a fin de mes, una realidad que demuestra que el crecimiento econ\u00f3mico por s\u00ed solo no garantiza el bienestar social.<\/p>\n<p>[\/vc_column_text][vc_single_image image=\u00bb28848&#8243; img_size=\u00bbfull\u00bb][vc_column_text]<\/p>\n<h2 data-start=\"2508\" data-end=\"2573\"><span style=\"color: #ff9900;\"><strong data-start=\"2508\" data-end=\"2573\">Nuestra respuesta: transformar desigualdades en oportunidades<\/strong><\/span><\/h2>\n<p data-start=\"2575\" data-end=\"2742\">Ante este contexto, en la Fundaci\u00f3n Comtal trabajamos cada d\u00eda para dar respuesta a estas desigualdades desde un enfoque integral que pone a las personas en el centro.<\/p>\n<p data-start=\"2744\" data-end=\"2991\">Nuestra acci\u00f3n social parte del acompa\u00f1amiento personalizado y continuado a ni\u00f1os, j\u00f3venes y familias que se encuentran en situaciones de vulnerabilidad, con el objetivo de <strong>generar oportunidades reales que permitan romper el c\u00edrculo de la pobreza.<\/strong><\/p>\n<p data-start=\"2993\" data-end=\"3292\">A trav\u00e9s de nuestros proyectos socioeducativos, acompa\u00f1amos a ni\u00f1os, ni\u00f1as y adolescentes para que puedan desarrollar sus capacidades y construir un buen futuro. Lo hacemos mediante <strong>apoyo escolar, actividades educativas y de ocio, formaci\u00f3n y generando espacios seguros donde crecer y desarrollarse.<\/strong><\/p>\n<p data-start=\"3294\" data-end=\"3671\">Al mismo tiempo, ofrecemos un acompa\u00f1amiento integral a las familias, proporcionando <strong>apoyo emocional, orientaci\u00f3n en la crianza y asesoramiento<\/strong> para acceder a los recursos sociales disponibles. Este trabajo nos permite reforzar los v\u00ednculos familiares y dar herramientas para que las familias puedan afrontar situaciones de inestabilidad econ\u00f3mica o social con mayor autonom\u00eda.<\/p>\n<p data-start=\"3673\" data-end=\"4145\">Tambi\u00e9n impulsamos programas de<strong> inserci\u00f3n sociolaboral dirigidos a personas j\u00f3venes y adultas<\/strong> que tienen dificultades para acceder al mercado laboral. A trav\u00e9s de formaci\u00f3n profesional, orientaci\u00f3n laboral y la colaboraci\u00f3n con empresas, facilitamos itinerarios que permiten mejorar la empleabilidad y acceder a empleos m\u00e1s estables. Paralelamente, trabajamos para<strong> garantizar condiciones de vida dignas mediante iniciativas vinculadas a la vivienda y la protecci\u00f3n social.<\/strong><\/p>\n<p data-start=\"4147\" data-end=\"4295\">Con esta acci\u00f3n continuada, contribuimos a reducir el impacto de las desigualdades y a generar oportunidades reales de desarrollo personal y social.<\/p>\n<h2 data-start=\"4297\" data-end=\"4343\"><strong><span style=\"color: #ff9900;\">Juntos y juntas podemos cambiar realidades<\/span><\/strong><\/h2>\n<p data-start=\"4345\" data-end=\"4529\">En la Fundaci\u00f3n Comtal trabajamos para que ni\u00f1os, j\u00f3venes y familias puedan construir un futuro con m\u00e1s oportunidades. Pero este reto solo es posible con el compromiso de la comunidad.<\/p>\n<p data-start=\"4531\" data-end=\"4761\">Si quieres formar parte del cambio, <span style=\"color: #ff9900;\"><a style=\"color: #ff9900;\" href=\"https:\/\/comtal.org\/es\/colabora-2\/hazte-socio\/\">hazte socio\/a<\/a><\/span>, <span style=\"color: #ff9900;\"><a style=\"color: #ff9900;\" href=\"https:\/\/comtal.org\/es\/colabora-2\/haz-un-donativo\/\">colabora como donante<\/a><\/span> o <a href=\"https:\/\/comtal.org\/es\/colabora-2\/voluntariado\/\">participa como voluntario\/a<\/a>. Con tu apoyo podemos seguir acompa\u00f1ando a personas, generando oportunidades y construyendo una sociedad m\u00e1s justa e inclusiva.<\/p>\n<p>[\/vc_column_text][\/vc_column][\/vc_row]<\/p>\n","protected":false},"excerpt":{"rendered":"<p>[vc_row][vc_column][vc_column_text] Cuando los datos ponen nombre a las desigualdades El Informe Social de Catalu\u00f1a 2025, elaborado por el Departamento de Derechos Sociales e Inclusi\u00f3n de la Generalitat de Catalu\u00f1a, ofrece [&hellip;]<\/p>\n","protected":false},"author":2,"featured_media":28853,"comment_status":"closed","ping_status":"closed","sticky":false,"template":"","format":"standard","meta":{"footnotes":""},"categories":[19],"tags":[],"class_list":["post-28856","post","type-post","status-publish","format-standard","has-post-thumbnail","hentry","category-general-es"],"_links":{"self":[{"href":"https:\/\/comtal.org\/es\/wp-json\/wp\/v2\/posts\/28856","targetHints":{"allow":["GET"]}}],"collection":[{"href":"https:\/\/comtal.org\/es\/wp-json\/wp\/v2\/posts"}],"about":[{"href":"https:\/\/comtal.org\/es\/wp-json\/wp\/v2\/types\/post"}],"author":[{"embeddable":true,"href":"https:\/\/comtal.org\/es\/wp-json\/wp\/v2\/users\/2"}],"replies":[{"embeddable":true,"href":"https:\/\/comtal.org\/es\/wp-json\/wp\/v2\/comments?post=28856"}],"version-history":[{"count":12,"href":"https:\/\/comtal.org\/es\/wp-json\/wp\/v2\/posts\/28856\/revisions"}],"predecessor-version":[{"id":28868,"href":"https:\/\/comtal.org\/es\/wp-json\/wp\/v2\/posts\/28856\/revisions\/28868"}],"wp:featuredmedia":[{"embeddable":true,"href":"https:\/\/comtal.org\/es\/wp-json\/wp\/v2\/media\/28853"}],"wp:attachment":[{"href":"https:\/\/comtal.org\/es\/wp-json\/wp\/v2\/media?parent=28856"}],"wp:term":[{"taxonomy":"category","embeddable":true,"href":"https:\/\/comtal.org\/es\/wp-json\/wp\/v2\/categories?post=28856"},{"taxonomy":"post_tag","embeddable":true,"href":"https:\/\/comtal.org\/es\/wp-json\/wp\/v2\/tags?post=28856"}],"curies":[{"name":"wp","href":"https:\/\/api.w.org\/{rel}","templated":true}]}}