{"id":28807,"date":"2026-02-20T13:29:30","date_gmt":"2026-02-20T13:29:30","guid":{"rendered":"https:\/\/comtal.org\/?p=28807"},"modified":"2026-03-18T09:30:44","modified_gmt":"2026-03-18T09:30:44","slug":"como-funciona-una-uec","status":"publish","type":"post","link":"https:\/\/comtal.org\/es\/como-funciona-una-uec\/","title":{"rendered":"\u00bfC\u00d3MO FUNCIONA UNA UEC? TE LO EXPLICAMOS"},"content":{"rendered":"<p>[vc_row][vc_column][vc_column_text]<\/p>\n<h2 aria-level=\"1\"><span style=\"color: #ff9900;\"><b>Las Unidades de Escolarizaci\u00f3n Compartida (UEC), una respuesta para j\u00f3venes en riesgo de abandono de la ESO<\/b>\u00a0<\/span><\/h2>\n<p><span data-contrast=\"auto\">Las Unidades de Escolarizaci\u00f3n Compartida (UEC) son un recurso educativo dirigido a j\u00f3venes de 14 a 16 a\u00f1os que se encuentran en riesgo de abandonar la Educaci\u00f3n Secundaria Obligatoria (ESO) y que presentan dificultades de aprendizaje, problemas de adaptaci\u00f3n escolar, absentismo o rechazo escolar.<\/span><span data-ccp-props=\"{&quot;134233117&quot;:false,&quot;134233118&quot;:false,&quot;335551550&quot;:0,&quot;335551620&quot;:0,&quot;335559738&quot;:240,&quot;335559739&quot;:240}\">\u00a0<\/span><\/p>\n<p><span data-contrast=\"auto\">A diferencia de un instituto convencional, las UEC ofrecen grupos reducidos, lo que permite una atenci\u00f3n mucho m\u00e1s personalizada y adaptada a la realidad del alumnado.<\/span><span data-ccp-props=\"{&quot;134233117&quot;:false,&quot;134233118&quot;:false,&quot;335551550&quot;:0,&quot;335551620&quot;:0,&quot;335559738&quot;:240,&quot;335559739&quot;:240}\">\u00a0<\/span><\/p>\n<p><span data-contrast=\"auto\">En la UEC Comtal de la Fundaci\u00f3n Comtal, integrada dentro de la Escuela de Segunda Oportunidad, trabajamos para que ning\u00fan joven se quede atr\u00e1s y pueda construir un futuro con formaci\u00f3n y oportunidades laborales.<\/span><span data-ccp-props=\"{&quot;134233117&quot;:false,&quot;134233118&quot;:false,&quot;335551550&quot;:0,&quot;335551620&quot;:0,&quot;335559738&quot;:240,&quot;335559739&quot;:240}\">\u00a0<\/span><\/p>\n<h2 aria-level=\"2\"><span style=\"color: #ff9900;\"><b>\u00bfCu\u00e1l es el objetivo de una UEC?<\/b>\u00a0<\/span><\/h2>\n<p><span data-contrast=\"auto\">Las UEC tienen una misi\u00f3n clara: prevenir el abandono escolar prematuro y ofrecer una nueva oportunidad a la juventud que necesita un entorno adaptado y diferente para continuar aprendiendo.<\/span><span data-ccp-props=\"{&quot;134233117&quot;:false,&quot;134233118&quot;:false,&quot;335551550&quot;:0,&quot;335551620&quot;:0,&quot;335559738&quot;:240,&quot;335559739&quot;:240}\">\u00a0<\/span><\/p>\n<p><span data-contrast=\"auto\">Los principales objetivos son:<\/span><span data-ccp-props=\"{&quot;134233117&quot;:false,&quot;134233118&quot;:false,&quot;335551550&quot;:0,&quot;335551620&quot;:0,&quot;335559738&quot;:240,&quot;335559739&quot;:240}\">\u00a0<\/span><\/p>\n<ul>\n<li><span data-contrast=\"auto\">Facilitar que el alumnado pueda obtener el t\u00edtulo de ESO o continuar en un itinerario formativo.<\/span><\/li>\n<li>Acompa\u00f1arles\u00a0en la construcci\u00f3n de un proyecto formativo y laboral realista.<\/li>\n<li>Fomentar la motivaci\u00f3n del alumnado.<span data-ccp-props=\"{&quot;134233117&quot;:false,&quot;134233118&quot;:false,&quot;335551550&quot;:0,&quot;335551620&quot;:0,&quot;335559738&quot;:240,&quot;335559739&quot;:240}\">\u00a0<\/span><\/li>\n<\/ul>\n<p><span data-contrast=\"auto\">Seg\u00fan explica Maria Abella, responsable de la Escuela de Segunda Oportunidad de la Fundaci\u00f3n Comtal, donde se imparte la UEC Comtal:<\/span><span data-ccp-props=\"{&quot;134233117&quot;:false,&quot;134233118&quot;:false,&quot;335551550&quot;:0,&quot;335551620&quot;:0,&quot;335559738&quot;:240,&quot;335559739&quot;:240}\">\u00a0<\/span><\/p>\n<p><em><strong>\u201cEl objetivo principal es evitar que estos j\u00f3venes abandonen los estudios y ayudarles a reincorporarse a la educaci\u00f3n postobligatoria.\u00a0Les\u00a0acompa\u00f1amos para que puedan construir un itinerario formativo y laboral que les permita imaginar un futuro mejor.\u201d\u00a0<\/strong><\/em><\/p>\n<p><span data-contrast=\"auto\">M\u00e1s all\u00e1 de los contenidos acad\u00e9micos, Abella destaca que en la UEC se trabajan aspectos clave como la educaci\u00f3n emocional, la adquisici\u00f3n de h\u00e1bitos b\u00e1sicos, el trabajo por competencias y la orientaci\u00f3n personalizada.<\/span><span data-ccp-props=\"{&quot;134233117&quot;:false,&quot;134233118&quot;:false,&quot;335551550&quot;:0,&quot;335551620&quot;:0,&quot;335559738&quot;:240,&quot;335559739&quot;:240}\">\u00a0<\/span>[\/vc_column_text][vc_column_text]<\/p>\n<h2 aria-level=\"2\"><b><span data-contrast=\"none\">Metodolog\u00eda de la UEC Comtal: aprendizaje pr\u00e1ctico y acompa\u00f1amiento personalizado<\/span><\/b><span data-ccp-props=\"{&quot;134233117&quot;:false,&quot;134233118&quot;:false,&quot;134245418&quot;:true,&quot;134245529&quot;:true,&quot;335551550&quot;:0,&quot;335551620&quot;:0,&quot;335559738&quot;:299,&quot;335559739&quot;:299}\">\u00a0<\/span><\/h2>\n<p><span data-contrast=\"auto\">En la UEC Comtal, el curr\u00edculum escolar se adapta a la realidad de cada alumno. No se trata de replicar el modelo de un instituto tradicional, sino de ofrecer un espacio educativo alternativo donde el aprendizaje sea significativo y motivador.<\/span><span data-ccp-props=\"{&quot;134233117&quot;:false,&quot;134233118&quot;:false,&quot;335551550&quot;:0,&quot;335551620&quot;:0,&quot;335559738&quot;:240,&quot;335559739&quot;:240}\">\u00a0<\/span><\/p>\n<p><span data-contrast=\"auto\">Entre los elementos clave de la metodolog\u00eda encontramos:<\/span><span data-ccp-props=\"{&quot;134233117&quot;:false,&quot;134233118&quot;:false,&quot;335551550&quot;:0,&quot;335551620&quot;:0,&quot;335559738&quot;:240,&quot;335559739&quot;:240}\">\u00a0<\/span><\/p>\n<ul>\n<li aria-setsize=\"-1\" data-leveltext=\"\uf0b7\" data-font=\"Symbol\" data-listid=\"8\" data-list-defn-props=\"{&quot;335552541&quot;:1,&quot;335559683&quot;:0,&quot;335559684&quot;:-2,&quot;335559685&quot;:720,&quot;335559991&quot;:360,&quot;469769226&quot;:&quot;Symbol&quot;,&quot;469769242&quot;:[8226],&quot;469777803&quot;:&quot;left&quot;,&quot;469777804&quot;:&quot;\uf0b7&quot;,&quot;469777815&quot;:&quot;hybridMultilevel&quot;}\" data-aria-posinset=\"1\" data-aria-level=\"1\"><span data-contrast=\"auto\">Adaptaci\u00f3n curricular individualizada.<\/span><span data-ccp-props=\"{&quot;134233117&quot;:false,&quot;134233118&quot;:false,&quot;335551550&quot;:0,&quot;335551620&quot;:0,&quot;335559738&quot;:240,&quot;335559739&quot;:240}\">\u00a0<\/span><\/li>\n<\/ul>\n<ul>\n<li aria-setsize=\"-1\" data-leveltext=\"\uf0b7\" data-font=\"Symbol\" data-listid=\"8\" data-list-defn-props=\"{&quot;335552541&quot;:1,&quot;335559683&quot;:0,&quot;335559684&quot;:-2,&quot;335559685&quot;:720,&quot;335559991&quot;:360,&quot;469769226&quot;:&quot;Symbol&quot;,&quot;469769242&quot;:[8226],&quot;469777803&quot;:&quot;left&quot;,&quot;469777804&quot;:&quot;\uf0b7&quot;,&quot;469777815&quot;:&quot;hybridMultilevel&quot;}\" data-aria-posinset=\"2\" data-aria-level=\"1\"><span data-contrast=\"auto\">Talleres de oficios como cocina o carpinter\u00eda, que permiten descubrir vocaciones y facilitar el acceso a la formaci\u00f3n profesional.<\/span><span data-ccp-props=\"{&quot;134233117&quot;:false,&quot;134233118&quot;:false,&quot;335551550&quot;:0,&quot;335551620&quot;:0,&quot;335559738&quot;:240,&quot;335559739&quot;:240}\">\u00a0<\/span><\/li>\n<\/ul>\n<ul>\n<li aria-setsize=\"-1\" data-leveltext=\"\uf0b7\" data-font=\"Symbol\" data-listid=\"8\" data-list-defn-props=\"{&quot;335552541&quot;:1,&quot;335559683&quot;:0,&quot;335559684&quot;:-2,&quot;335559685&quot;:720,&quot;335559991&quot;:360,&quot;469769226&quot;:&quot;Symbol&quot;,&quot;469769242&quot;:[8226],&quot;469777803&quot;:&quot;left&quot;,&quot;469777804&quot;:&quot;\uf0b7&quot;,&quot;469777815&quot;:&quot;hybridMultilevel&quot;}\" data-aria-posinset=\"3\" data-aria-level=\"1\"><span data-contrast=\"auto\">Trabajo de las competencias emocionales y sociales.<\/span><span data-ccp-props=\"{&quot;134233117&quot;:false,&quot;134233118&quot;:false,&quot;335551550&quot;:0,&quot;335551620&quot;:0,&quot;335559738&quot;:240,&quot;335559739&quot;:240}\">\u00a0<\/span><\/li>\n<\/ul>\n<ul>\n<li aria-setsize=\"-1\" data-leveltext=\"\uf0b7\" data-font=\"Symbol\" data-listid=\"8\" data-list-defn-props=\"{&quot;335552541&quot;:1,&quot;335559683&quot;:0,&quot;335559684&quot;:-2,&quot;335559685&quot;:720,&quot;335559991&quot;:360,&quot;469769226&quot;:&quot;Symbol&quot;,&quot;469769242&quot;:[8226],&quot;469777803&quot;:&quot;left&quot;,&quot;469777804&quot;:&quot;\uf0b7&quot;,&quot;469777815&quot;:&quot;hybridMultilevel&quot;}\" data-aria-posinset=\"4\" data-aria-level=\"1\"><span data-contrast=\"auto\">Acompa\u00f1amiento individualizado y coordinaci\u00f3n con institutos y familias.<\/span><span data-ccp-props=\"{&quot;134233117&quot;:false,&quot;134233118&quot;:false,&quot;335551550&quot;:0,&quot;335551620&quot;:0,&quot;335559738&quot;:240,&quot;335559739&quot;:240}\">\u00a0<\/span><\/li>\n<\/ul>\n<p><span data-contrast=\"auto\">La ratio reducida es fundamental para poder ofrecer esta atenci\u00f3n personalizada. En un entorno con menos alumnos, el equipo profesional puede dedicar tiempo a escuchar, orientar y reforzar la confianza de los j\u00f3venes.<\/span><span data-ccp-props=\"{&quot;134233117&quot;:false,&quot;134233118&quot;:false,&quot;335551550&quot;:0,&quot;335551620&quot;:0,&quot;335559738&quot;:240,&quot;335559739&quot;:240}\">\u00a0<\/span><\/p>\n<p><span data-contrast=\"auto\">Para muchos, recuperar la autoestima es tan importante como recuperar el ritmo acad\u00e9mico.<\/span>[\/vc_column_text][vc_column_text]<\/p>\n<h2 aria-level=\"2\"><span style=\"color: #ff9900;\"><b>\u201cAqu\u00ed te escuchan\u201d: la voz de los alumnos de la UEC Comtal<\/b><\/span><\/h2>\n<p>[\/vc_column_text][vc_single_image image=\u00bb28799&#8243; img_size=\u00bbfull\u00bb][vc_column_text]<\/p>\n<p aria-level=\"2\"><span data-contrast=\"auto\">Uno de los aspectos que m\u00e1s valoran los alumnos de la UEC es sentirse escuchados. No son un n\u00famero m\u00e1s dentro de un centro con cientos de estudiantes, sino personas con una historia y unas necesidades propias.<\/span><span data-ccp-props=\"{&quot;134233117&quot;:false,&quot;134233118&quot;:false,&quot;335551550&quot;:0,&quot;335551620&quot;:0,&quot;335559738&quot;:240,&quot;335559739&quot;:240}\">\u00a0<\/span><\/p>\n<p><span data-contrast=\"auto\">Moussa, de 15 a\u00f1os y vecino del\u00a0Bes\u00f2s, lo explica as\u00ed:<\/span><span data-ccp-props=\"{&quot;134233117&quot;:false,&quot;134233118&quot;:false,&quot;335551550&quot;:0,&quot;335551620&quot;:0,&quot;335559738&quot;:240,&quot;335559739&quot;:240}\">\u00a0<\/span><\/p>\n<p><em><strong>\u201cEn el instituto hay mucha m\u00e1s gente y van muy r\u00e1pido. En la UEC s\u00ed tienen tiempo para ayudarte.\u201d\u00a0<\/strong><\/em><\/p>\n<p><span data-contrast=\"auto\">Este sentimiento de acompa\u00f1amiento es clave para que la juventud recupere la confianza en s\u00ed misma y en el sistema educativo. En la UEC Comtal, el \u00e9nfasis no solo est\u00e1 en el rendimiento acad\u00e9mico, sino tambi\u00e9n en la persona, en su realidad y en su potencial.<\/span><span data-ccp-props=\"{&quot;134233117&quot;:false,&quot;134233118&quot;:false,&quot;335551550&quot;:0,&quot;335551620&quot;:0,&quot;335559738&quot;:240,&quot;335559739&quot;:240}\">\u00a0<\/span><\/p>\n<h2 aria-level=\"2\"><span style=\"color: #ff9900;\"><b>La UEC Comtal, un paso hacia un futuro con oportunidades<\/b>\u00a0<\/span><\/h2>\n<p><span data-contrast=\"auto\">La UEC Comtal es mucho m\u00e1s que un recurso educativo: es un espacio donde los j\u00f3venes pueden volver a creer en sus capacidades, retomar su itinerario formativo y empezar a imaginar un futuro con m\u00e1s oportunidades, ya sea continuando los estudios o incorpor\u00e1ndose al mundo laboral.<\/span><span data-ccp-props=\"{&quot;134233117&quot;:false,&quot;134233118&quot;:false,&quot;335551550&quot;:0,&quot;335551620&quot;:0,&quot;335559738&quot;:240,&quot;335559739&quot;:240}\">\u00a0<\/span><\/p>\n<p><span data-contrast=\"auto\">Cuando una persona joven recibe el apoyo adecuado, el acompa\u00f1amiento necesario y un espacio donde se siente escuchada, las posibilidades se multiplican.<\/span><span data-ccp-props=\"{&quot;134233117&quot;:false,&quot;134233118&quot;:false,&quot;335551550&quot;:0,&quot;335551620&quot;:0,&quot;335559738&quot;:240,&quot;335559739&quot;:240}\">\u00a0<\/span><\/p>\n<h2 aria-level=\"2\"><span style=\"color: #ff9900;\"><b>Haz posibles nuevas oportunidades<\/b><\/span><span data-ccp-props=\"{&quot;134233117&quot;:false,&quot;134233118&quot;:false,&quot;134245418&quot;:true,&quot;134245529&quot;:true,&quot;335551550&quot;:0,&quot;335551620&quot;:0,&quot;335559738&quot;:299,&quot;335559739&quot;:299}\">\u00a0<\/span><\/h2>\n<p><span data-contrast=\"auto\">La UEC Comtal es posible gracias al compromiso de personas y entidades p\u00fablicas que creen en la educaci\u00f3n como herramienta de transformaci\u00f3n social.<\/span><span data-ccp-props=\"{&quot;134233117&quot;:false,&quot;134233118&quot;:false,&quot;335551550&quot;:0,&quot;335551620&quot;:0,&quot;335559738&quot;:240,&quot;335559739&quot;:240}\">\u00a0<\/span><\/p>\n<p><span data-contrast=\"auto\">Si quieres ayudarnos a continuar acompa\u00f1ando a j\u00f3venes en riesgo de abandono escolar, puedes:<\/span><span data-ccp-props=\"{&quot;134233117&quot;:false,&quot;134233118&quot;:false,&quot;335551550&quot;:0,&quot;335551620&quot;:0,&quot;335559738&quot;:240,&quot;335559739&quot;:240}\">\u00a0<\/span><\/p>\n<ul>\n<li aria-setsize=\"-1\" data-leveltext=\"\uf0b7\" data-font=\"Symbol\" data-listid=\"9\" data-list-defn-props=\"{&quot;335552541&quot;:1,&quot;335559683&quot;:0,&quot;335559684&quot;:-2,&quot;335559685&quot;:720,&quot;335559991&quot;:360,&quot;469769226&quot;:&quot;Symbol&quot;,&quot;469769242&quot;:[8226],&quot;469777803&quot;:&quot;left&quot;,&quot;469777804&quot;:&quot;\uf0b7&quot;,&quot;469777815&quot;:&quot;hybridMultilevel&quot;}\" data-aria-posinset=\"1\" data-aria-level=\"1\"><a href=\"https:\/\/comtal.org\/es\/colabora-2\/haz-un-donativo\/\"><span data-contrast=\"auto\">Hacer un donativo<\/span><span data-ccp-props=\"{&quot;134233117&quot;:false,&quot;134233118&quot;:false,&quot;335551550&quot;:0,&quot;335551620&quot;:0,&quot;335559738&quot;:240,&quot;335559739&quot;:240}\">\u00a0<\/span><\/a><\/li>\n<\/ul>\n<ul>\n<li aria-setsize=\"-1\" data-leveltext=\"\uf0b7\" data-font=\"Symbol\" data-listid=\"9\" data-list-defn-props=\"{&quot;335552541&quot;:1,&quot;335559683&quot;:0,&quot;335559684&quot;:-2,&quot;335559685&quot;:720,&quot;335559991&quot;:360,&quot;469769226&quot;:&quot;Symbol&quot;,&quot;469769242&quot;:[8226],&quot;469777803&quot;:&quot;left&quot;,&quot;469777804&quot;:&quot;\uf0b7&quot;,&quot;469777815&quot;:&quot;hybridMultilevel&quot;}\" data-aria-posinset=\"2\" data-aria-level=\"1\"><a href=\"https:\/\/comtal.org\/es\/colabora-2\/hazte-socio\/\"><span data-contrast=\"auto\">Hacerte socio o socia<\/span><\/a><span data-ccp-props=\"{&quot;134233117&quot;:false,&quot;134233118&quot;:false,&quot;335551550&quot;:0,&quot;335551620&quot;:0,&quot;335559738&quot;:240,&quot;335559739&quot;:240}\">\u00a0<\/span><\/li>\n<\/ul>\n<p><span data-contrast=\"auto\">Con tu apoyo, m\u00e1s j\u00f3venes como\u00a0Moussa\u00a0podr\u00e1n recuperar la confianza, seguir form\u00e1ndose e imaginar un futuro mejor.<\/span><span data-ccp-props=\"{&quot;134233117&quot;:false,&quot;134233118&quot;:false,&quot;335551550&quot;:0,&quot;335551620&quot;:0,&quot;335559738&quot;:240,&quot;335559739&quot;:240}\">\u00a0<\/span>[\/vc_column_text][\/vc_column][\/vc_row]<\/p>\n","protected":false},"excerpt":{"rendered":"<p>[vc_row][vc_column][vc_column_text] Las Unidades de Escolarizaci\u00f3n Compartida (UEC), una respuesta para j\u00f3venes en riesgo de abandono de la ESO\u00a0 Las Unidades de Escolarizaci\u00f3n Compartida (UEC) son un recurso educativo dirigido a [&hellip;]<\/p>\n","protected":false},"author":2,"featured_media":28800,"comment_status":"closed","ping_status":"closed","sticky":false,"template":"","format":"standard","meta":{"footnotes":""},"categories":[24,19],"tags":[],"class_list":["post-28807","post","type-post","status-publish","format-standard","has-post-thumbnail","hentry","category-educacion","category-general-es"],"_links":{"self":[{"href":"https:\/\/comtal.org\/es\/wp-json\/wp\/v2\/posts\/28807","targetHints":{"allow":["GET"]}}],"collection":[{"href":"https:\/\/comtal.org\/es\/wp-json\/wp\/v2\/posts"}],"about":[{"href":"https:\/\/comtal.org\/es\/wp-json\/wp\/v2\/types\/post"}],"author":[{"embeddable":true,"href":"https:\/\/comtal.org\/es\/wp-json\/wp\/v2\/users\/2"}],"replies":[{"embeddable":true,"href":"https:\/\/comtal.org\/es\/wp-json\/wp\/v2\/comments?post=28807"}],"version-history":[{"count":15,"href":"https:\/\/comtal.org\/es\/wp-json\/wp\/v2\/posts\/28807\/revisions"}],"predecessor-version":[{"id":28855,"href":"https:\/\/comtal.org\/es\/wp-json\/wp\/v2\/posts\/28807\/revisions\/28855"}],"wp:featuredmedia":[{"embeddable":true,"href":"https:\/\/comtal.org\/es\/wp-json\/wp\/v2\/media\/28800"}],"wp:attachment":[{"href":"https:\/\/comtal.org\/es\/wp-json\/wp\/v2\/media?parent=28807"}],"wp:term":[{"taxonomy":"category","embeddable":true,"href":"https:\/\/comtal.org\/es\/wp-json\/wp\/v2\/categories?post=28807"},{"taxonomy":"post_tag","embeddable":true,"href":"https:\/\/comtal.org\/es\/wp-json\/wp\/v2\/tags?post=28807"}],"curies":[{"name":"wp","href":"https:\/\/api.w.org\/{rel}","templated":true}]}}