{"id":28203,"date":"2025-03-03T12:59:10","date_gmt":"2025-03-03T12:59:10","guid":{"rendered":"https:\/\/comtal.org\/reducir-la-brecha-digital-nuestro-compromiso\/"},"modified":"2025-03-17T10:14:10","modified_gmt":"2025-03-17T10:14:10","slug":"reducir-la-brecha-digital-nuestro-compromiso","status":"publish","type":"post","link":"https:\/\/comtal.org\/es\/reducir-la-brecha-digital-nuestro-compromiso\/","title":{"rendered":"REDUCIR LA BRECHA DIGITAL: NUESTRO COMPROMISO"},"content":{"rendered":"<p data-start=\"48\" data-end=\"205\">Vivimos en una era digital donde el acceso a la tecnolog\u00eda y el dominio de habilidades digitales son fundamentales para participar plenamente en la sociedad.<\/p>\n<p data-start=\"207\" data-end=\"971\">Una parte significativa de la poblaci\u00f3n de Catalu\u00f1a contin\u00faa excluida del acceso y uso de las tecnolog\u00edas de la informaci\u00f3n y la comunicaci\u00f3n (TIC), creando una brecha digital que afecta especialmente a los colectivos vulnerables. Esta brecha <strong>provoca p\u00e9rdidas de oportunidades laborales, formativas y de acceso a ayudas administrativas, incrementando las desigualdades socioecon\u00f3micas y el riesgo de exclusi\u00f3n social.<\/strong> <strong>Es preocupante que el 52% de los hogares en situaci\u00f3n de vulnerabilidad no puedan ofrecer el apoyo educativo adecuado a sus hijos e hijas, <\/strong>lo cual agrava las desigualdades digitales en las futuras generaciones, ya que muchos ni\u00f1os y ni\u00f1as no tienen acceso a Internet ni a dispositivos adecuados para desarrollar competencias digitales esenciales. Adem\u00e1s, la falta de habilidades digitales y de l\u00edmites en el uso de estos dispositivos puede llevar a un uso inadecuado de la tecnolog\u00eda. Por eso, desde la Fundaci\u00f3 Comtal <strong>no solo trabajamos para garantizar el acceso a los recursos digitales, sino tambi\u00e9n para fomentar un uso responsable y consciente de la tecnolog\u00eda, proporcionando herramientas y formaci\u00f3n para evitar los riesgos asociados.<\/strong><\/p>\n<h2 data-start=\"973\" data-end=\"999\"><span style=\"color: #ff9900;\"><strong>\u00bfQu\u00e9 es la brecha digital?<\/strong><\/span><\/h2>\n<p data-start=\"1001\" data-end=\"1623\"><strong>La brecha digital se refiere a la desigualdad existente entre las personas que tienen acceso, conocimientos y capacidad para utilizar las tecnolog\u00edas digitales y aquellas que no<\/strong>. Esta desigualdad se manifiesta en tres niveles: <strong>el acceso a dispositivos y conexi\u00f3n a Internet, las competencias para utilizar adecuadamente las herramientas digitales y la capacidad de aprovechar sus beneficios en \u00e1mbitos como la educaci\u00f3n, el trabajo y el acceso a servicios.<\/strong> Esta brecha, frecuentemente alimentada por factores socioecon\u00f3micos, agrava las desigualdades sociales y limita las oportunidades de inclusi\u00f3n y desarrollo personal.<\/p>\n<h3 data-start=\"1625\" data-end=\"1652\"><strong><span style=\"color: #ff9900;\">Causas de la brecha digital<\/span><\/strong><\/h3>\n<p data-start=\"1654\" data-end=\"1768\">Las causas de la brecha digital son m\u00faltiples, pero est\u00e1n estrechamente relacionadas con factores socioecon\u00f3micos:<\/p>\n<ul>\n<li data-start=\"1773\" data-end=\"1904\"><strong>Desigualdad de ingresos<\/strong>: Las familias con menos recursos econ\u00f3micos tienen menos acceso a dispositivos y a una conexi\u00f3n de calidad.<\/li>\n<li data-start=\"1773\" data-end=\"1904\"><strong>Falta de formaci\u00f3n<\/strong>: Muchas personas, especialmente en edades avanzadas o en situaci\u00f3n de vulnerabilidad, no han tenido la oportunidad de recibir formaci\u00f3n en competencias digitales b\u00e1sicas.<\/li>\n<li data-start=\"1773\" data-end=\"1904\"><strong>Limitaci\u00f3n de infraestructuras<\/strong>: Algunas zonas a\u00fan no cuentan con una cobertura de Internet adecuada o con espacios p\u00fablicos para el uso tecnol\u00f3gico.<\/li>\n<\/ul>\n<h3><span style=\"color: #ff9900;\"><strong>Consecuencias de la brecha digital<\/strong><\/span><\/h3>\n<p data-start=\"2295\" data-end=\"2400\">Las consecuencias de esta desigualdad son profundas y se manifiestan en varios \u00e1mbitos de la vida diaria:<\/p>\n<ul>\n<li data-start=\"2404\" data-end=\"2568\"><strong>Exclusi\u00f3n educativa<\/strong>: Los ni\u00f1os\/as y j\u00f3venes sin acceso a dispositivos o conexi\u00f3n pierden oportunidades de aprendizaje, especialmente en momentos de formaci\u00f3n en l\u00ednea.<\/li>\n<li data-start=\"2404\" data-end=\"2568\"><strong>Dificultades laborales<\/strong>: Las personas sin competencias digitales b\u00e1sicas quedan fuera de un mercado laboral cada vez m\u00e1s digitalizado.<\/li>\n<li data-start=\"2404\" data-end=\"2568\"><strong>Dificultades en el acceso a servicios esenciales<\/strong>: La digitalizaci\u00f3n de muchos servicios, como la sanidad o la administraci\u00f3n p\u00fablica, deja fuera a aquellas personas que no pueden acceder o utilizar estas herramientas de forma efectiva.<\/li>\n<\/ul>\n<h2 data-start=\"2952\" data-end=\"3003\"><span style=\"color: #ff9900;\"><strong>El Proyecto Codi: una respuesta a la brecha digital<\/strong><\/span><\/h2>\n<p data-start=\"3005\" data-end=\"3260\">Ante este desaf\u00edo, en la Fundaci\u00f3n Comtal hemos lanzado el Proyecto Codi, financiado por la Uni\u00f3n Europea (NextGenerationEU), dentro del Plan de Recuperaci\u00f3n, Transformaci\u00f3n y Resiliencia, y por el Ministerio de Juventud e Infancia del Gobierno de Espa\u00f1a.<\/p>\n<p data-start=\"3262\" data-end=\"3466\"><strong>El proyecto Codi tiene como objetivo reducir la brecha digital y proporcionar a personas en situaci\u00f3n de vulnerabilidad las competencias digitales que necesitan para mejorar su calidad de vida.<\/strong> Ofrecemos:<\/p>\n<ul>\n<li data-start=\"3470\" data-end=\"3766\"><strong>Formaci\u00f3n en competencias digitales b\u00e1sicas y avanzadas:<\/strong> A trav\u00e9s de talleres pr\u00e1cticos, ense\u00f1amos a hacer un uso efectivo de herramientas digitales como la gesti\u00f3n del correo electr\u00f3nico, la navegaci\u00f3n segura por Internet, la realizaci\u00f3n de tr\u00e1mites en l\u00ednea o el uso de aplicaciones ofim\u00e1ticas.<\/li>\n<li data-start=\"3470\" data-end=\"3766\"><strong>Acceso a dispositivos tecnol\u00f3gicos:<\/strong> Conscientes de que muchos participantes no disponen de ordenadores, tabletas o de una conexi\u00f3n estable, el proyecto tambi\u00e9n proporciona los recursos necesarios para garantizar que puedan seguir la formaci\u00f3n y aplicar las competencias adquiridas.<\/li>\n<li data-start=\"3470\" data-end=\"3766\"><strong>Acompa\u00f1amiento personalizado<\/strong>: Cada persona recibe un seguimiento adaptado a sus necesidades y capacidades, garantizando que las competencias adquiridas se traduzcan en una mayor autonom\u00eda en su vida cotidiana y profesional.<\/li>\n<\/ul>\n<h3 data-start=\"4286\" data-end=\"4311\"><span style=\"color: #ff9900;\"><strong>Impacto del Proyecto Codi<\/strong><\/span><\/h3>\n<p><span class=\"responsive\"><a href=\"https:\/\/comtal.org\/wp-content\/uploads\/bretxa_digital.jpg\"><img loading=\"lazy\" decoding=\"async\" class=\"alignnone wp-image-28217 size-full\" src=\"https:\/\/comtal.org\/wp-content\/uploads\/bretxa_digital.jpg\" alt=\"bretxa digital\" width=\"966\" height=\"641\" srcset=\"https:\/\/comtal.org\/wp-content\/uploads\/bretxa_digital.jpg 966w, https:\/\/comtal.org\/wp-content\/uploads\/bretxa_digital-300x199.jpg 300w, https:\/\/comtal.org\/wp-content\/uploads\/bretxa_digital-768x510.jpg 768w, https:\/\/comtal.org\/wp-content\/uploads\/bretxa_digital-188x125.jpg 188w\" sizes=\"auto, (max-width: 966px) 100vw, 966px\" \/><\/a><\/span><\/p>\n<p data-start=\"4313\" data-end=\"4406\"><strong>Gracias al Proyecto Codi, hemos logrado proporcionar formaci\u00f3n digital a 120 ni\u00f1as, ni\u00f1os y j\u00f3venes.<\/strong><\/p>\n<p data-start=\"4408\" data-end=\"4681\">En un contexto de creciente digitalizaci\u00f3n, el proyecto ha permitido no solo ayudar a romper la brecha digital, sino tambi\u00e9n permitir que los y las participantes m\u00e1s j\u00f3venes accedan a nuevas oportunidades formativas y laborales, as\u00ed como ganar m\u00e1s autonom\u00eda en su vida cotidiana.<\/p>\n<p data-start=\"4683\" data-end=\"4699\" data-is-last-node=\"\" data-is-only-node=\"\">Con el apoyo de:<\/p>\n<p data-start=\"4683\" data-end=\"4699\" data-is-last-node=\"\" data-is-only-node=\"\">[vc_single_image image=\u00bb28198&#8243; img_size=\u00bbfull\u00bb]<\/p>\n","protected":false},"excerpt":{"rendered":"<p>El proyecto Codi tiene como objetivo reducir la brecha digital y proporcionar a personas en situaci\u00f3n de vulnerabilidad las competencias digitales que necesitan para mejorar su calidad de vida.<\/p>\n","protected":false},"author":2,"featured_media":28219,"comment_status":"closed","ping_status":"closed","sticky":false,"template":"","format":"standard","meta":{"footnotes":""},"categories":[19],"tags":[],"class_list":["post-28203","post","type-post","status-publish","format-standard","has-post-thumbnail","hentry","category-general-es"],"_links":{"self":[{"href":"https:\/\/comtal.org\/es\/wp-json\/wp\/v2\/posts\/28203","targetHints":{"allow":["GET"]}}],"collection":[{"href":"https:\/\/comtal.org\/es\/wp-json\/wp\/v2\/posts"}],"about":[{"href":"https:\/\/comtal.org\/es\/wp-json\/wp\/v2\/types\/post"}],"author":[{"embeddable":true,"href":"https:\/\/comtal.org\/es\/wp-json\/wp\/v2\/users\/2"}],"replies":[{"embeddable":true,"href":"https:\/\/comtal.org\/es\/wp-json\/wp\/v2\/comments?post=28203"}],"version-history":[{"count":11,"href":"https:\/\/comtal.org\/es\/wp-json\/wp\/v2\/posts\/28203\/revisions"}],"predecessor-version":[{"id":28237,"href":"https:\/\/comtal.org\/es\/wp-json\/wp\/v2\/posts\/28203\/revisions\/28237"}],"wp:featuredmedia":[{"embeddable":true,"href":"https:\/\/comtal.org\/es\/wp-json\/wp\/v2\/media\/28219"}],"wp:attachment":[{"href":"https:\/\/comtal.org\/es\/wp-json\/wp\/v2\/media?parent=28203"}],"wp:term":[{"taxonomy":"category","embeddable":true,"href":"https:\/\/comtal.org\/es\/wp-json\/wp\/v2\/categories?post=28203"},{"taxonomy":"post_tag","embeddable":true,"href":"https:\/\/comtal.org\/es\/wp-json\/wp\/v2\/tags?post=28203"}],"curies":[{"name":"wp","href":"https:\/\/api.w.org\/{rel}","templated":true}]}}