{"id":28118,"date":"2025-02-03T10:37:21","date_gmt":"2025-02-03T10:37:21","guid":{"rendered":"https:\/\/comtal.org\/?p=28118"},"modified":"2025-02-03T10:37:30","modified_gmt":"2025-02-03T10:37:30","slug":"mas-que-un-hogar-un-futuro","status":"publish","type":"post","link":"https:\/\/comtal.org\/es\/mas-que-un-hogar-un-futuro\/","title":{"rendered":"M\u00c1S QUE UN HOGAR, UN FUTURO"},"content":{"rendered":"<p>Hace 8 meses, inauguramos la Llar Germ\u00e0 Salvador, un proyecto ubicado en el coraz\u00f3n del Barrio G\u00f3tico de Barcelona, destinado a acoger a cuatro j\u00f3venes extutelados en situaci\u00f3n de vulnerabilidad. Esta iniciativa tiene como objetivo principal <strong>ofrecerles un espacio seguro y un acompa\u00f1amiento integral que les permita continuar su proceso formativo, adquirir las herramientas necesarias para su emancipaci\u00f3n y afrontar con garant\u00edas su paso hacia la autonom\u00eda.<\/strong><\/p>\n<h3><span style=\"color: #ff9900;\"><strong>Responder a una realidad urgente<\/strong><\/span><\/h3>\n<p>El aumento de j\u00f3venes migrantes en situaci\u00f3n de vulnerabilidad pone de manifiesto la necesidad urgente de ampliar los esfuerzos en la atenci\u00f3n a este colectivo, especialmente en lo que respecta al acceso a la vivienda. En la Fundaci\u00f3 Comtal hemos detectado que muchos j\u00f3venes, a pesar de haber vivido en CRAEs o en otros recursos de protecci\u00f3n, llegan a la mayor\u00eda de edad sin el apoyo suficiente para continuar su formaci\u00f3n o consolidar su proyecto de vida.<\/p>\n<h3><span style=\"color: #ff9900;\"><strong>M\u00e1s que un hogar, un futuro<\/strong><\/span><\/h3>\n<p>La Llar Germ\u00e0 Salvador da una respuesta integral a esta necesidad, ofreciendo mucho m\u00e1s que un techo: proporciona un entorno estable y recursos clave para que los j\u00f3venes puedan desarrollarse personal y profesionalmente. A trav\u00e9s de un acompa\u00f1amiento integral, se trabaja para facilitarles el camino hacia la autonom\u00eda, promoviendo su inclusi\u00f3n plena en la sociedad y asegurando que dispongan de oportunidades para construir un futuro independiente y satisfactorio.<\/p>\n<h2><span style=\"color: #ff9900;\"><strong>La resiliencia que florece de la adversidad<\/strong><\/span><\/h2>\n<p>Con esfuerzo, perseverancia y el apoyo constante del equipo educativo que le acompa\u00f1a, Anass, beneficiario de la Llar Germ\u00e0 Salvador, est\u00e1 trazando un camino prometedor hacia su futuro. Ha completado con \u00e9xito el Ciclo Formativo de Grado Medio en Auxiliar de Enfermer\u00eda y, actualmente, trabaja los fines de semana en tareas de mantenimiento y limpieza en el puerto de Barcelona<strong>. Su gran sue\u00f1o es seguir avanzando en sus estudios para, en el futuro, formarse y trabajar como Mosso d&#8217;Esquadra.<\/strong><\/p>\n<p>Anass, ahora con 22 a\u00f1os, lleg\u00f3 a Barcelona desde Marruecos a los 18 a\u00f1os con una clara determinaci\u00f3n: mejorar su futuro y alcanzar sus objetivos personales y profesionales a trav\u00e9s de la formaci\u00f3n.<\/p>\n<p>En 2020 se incorpor\u00f3 a la Fundaci\u00f3 Comtal, entrando inicialmente en la Llar Germ\u00e0 Adri\u00e0 procedente del ASJTET (\u00c1rea de Apoyo a J\u00f3venes Tutelados y Extutelados). Cuatro a\u00f1os despu\u00e9s, se traslad\u00f3 a la Llar Germ\u00e0 Salvador para continuar avanzando en su proyecto formativo y vital.<\/p>\n<p>Durante este tiempo, ha obtenido el Ciclo Formativo de Grado Medio en Auxiliar de Enfermer\u00eda, un logro que refleja su deseo de ayudar a los dem\u00e1s. <strong>\u201cEleg\u00ed enfermer\u00eda porque me gusta mucho ayudar a las personas y sentir que mi trabajo tiene un impacto positivo en sus vidas\u201d, explica con entusiasmo Anass<\/strong>. Ahora busca un trabajo a tiempo parcial en este \u00e1mbito para seguir acumulando experiencia.<\/p>\n<p><strong>Actualmente, est\u00e1 cursando un CFGS de Ense\u00f1anza y Actividades Socioeducativas, una formaci\u00f3n que le apasiona y en la que est\u00e1 obteniendo excelentes resultados.<\/strong><\/p>\n<p>El equipo educativo de los pisos de emancipaci\u00f3n de la Fundaci\u00f3 Comtal valora muy positivamente su actitud proactiva, su alto nivel de responsabilidad y el compromiso que demuestra a diario en todas sus tareas y retos.<\/p>\n<p><strong>Los y las educadoras han proporcionado a Anass un acompa\u00f1amiento integral y personalizado, que abarca diversas \u00e1reas: apoyo laboral, emocional, jur\u00eddico y econ\u00f3mico.<\/strong><\/p>\n<p>Gracias a este apoyo, Anass ha podido desarrollar y potenciar sus habilidades relacionales y comunicativas. Este crecimiento lo ha llevado a jugar un papel clave como puente entre el equipo educativo y el resto de j\u00f3venes, as\u00ed como a destacar por su perfil acogedor y de apoyo entre iguales.<\/p>\n<p>El equipo tambi\u00e9n le ha ayudado a gestionar emocionalmente situaciones familiares complejas, especialmente teniendo en cuenta que su familia directa vive en Marruecos. <strong>Adem\u00e1s, le han brindado apoyo en la toma de decisiones para poder estar presente con su familia en momentos significativos o delicados.<\/strong><\/p>\n<p>\u201cVivir lejos de tu familia siempre es dif\u00edcil, pero a\u00fan m\u00e1s cuando sabes que las cosas no van bien\u201d, explica Jos\u00e9 Hern\u00e1ndez, educador de referencia de Anass.<\/p>\n<p>El apoyo que ha recibido Anass tambi\u00e9n ha sido posible gracias a las becas de estudio de la Fundaci\u00f3n Nous Cims, que han facilitado su acceso a la formaci\u00f3n, y al programa Incorpora Joven de La Caixa, que ha sido clave para su proceso de inserci\u00f3n laboral. Este \u00faltimo le ha proporcionado becas de transporte, asesoramiento en la elaboraci\u00f3n de curr\u00edculos y preparaci\u00f3n para entrevistas de trabajo.<\/p>\n<p>El camino de Anass no ha sido exento de dificultades, pero su determinaci\u00f3n, el trabajo constante y el acompa\u00f1amiento recibido est\u00e1n siendo claves para alcanzar sus sue\u00f1os. Su objetivo es formar parte del cuerpo de Mossos d&#8217;Esquadra y seguir ayudando a su familia. \u00a1Estamos convencidos que con su actitud y aptitudes, conseguir\u00e1 todo lo que se proponga!<\/p>\n","protected":false},"excerpt":{"rendered":"<p>Hace 8 meses, inauguramos la Llar Germ\u00e0 Salvador, un proyecto ubicado en el coraz\u00f3n del Barrio G\u00f3tico de Barcelona, destinado a acoger a cuatro j\u00f3venes extutelados en situaci\u00f3n de vulnerabilidad. [&hellip;]<\/p>\n","protected":false},"author":2,"featured_media":28154,"comment_status":"closed","ping_status":"closed","sticky":false,"template":"","format":"standard","meta":{"footnotes":""},"categories":[19],"tags":[],"class_list":["post-28118","post","type-post","status-publish","format-standard","has-post-thumbnail","hentry","category-general-es"],"_links":{"self":[{"href":"https:\/\/comtal.org\/es\/wp-json\/wp\/v2\/posts\/28118","targetHints":{"allow":["GET"]}}],"collection":[{"href":"https:\/\/comtal.org\/es\/wp-json\/wp\/v2\/posts"}],"about":[{"href":"https:\/\/comtal.org\/es\/wp-json\/wp\/v2\/types\/post"}],"author":[{"embeddable":true,"href":"https:\/\/comtal.org\/es\/wp-json\/wp\/v2\/users\/2"}],"replies":[{"embeddable":true,"href":"https:\/\/comtal.org\/es\/wp-json\/wp\/v2\/comments?post=28118"}],"version-history":[{"count":3,"href":"https:\/\/comtal.org\/es\/wp-json\/wp\/v2\/posts\/28118\/revisions"}],"predecessor-version":[{"id":28121,"href":"https:\/\/comtal.org\/es\/wp-json\/wp\/v2\/posts\/28118\/revisions\/28121"}],"wp:featuredmedia":[{"embeddable":true,"href":"https:\/\/comtal.org\/es\/wp-json\/wp\/v2\/media\/28154"}],"wp:attachment":[{"href":"https:\/\/comtal.org\/es\/wp-json\/wp\/v2\/media?parent=28118"}],"wp:term":[{"taxonomy":"category","embeddable":true,"href":"https:\/\/comtal.org\/es\/wp-json\/wp\/v2\/categories?post=28118"},{"taxonomy":"post_tag","embeddable":true,"href":"https:\/\/comtal.org\/es\/wp-json\/wp\/v2\/tags?post=28118"}],"curies":[{"name":"wp","href":"https:\/\/api.w.org\/{rel}","templated":true}]}}