{"id":28029,"date":"2025-01-02T12:51:28","date_gmt":"2025-01-02T12:51:28","guid":{"rendered":"https:\/\/comtal.org\/?p=28029"},"modified":"2025-01-28T16:10:42","modified_gmt":"2025-01-28T16:10:42","slug":"navidad-suenos-y-solidaridad","status":"publish","type":"post","link":"https:\/\/comtal.org\/es\/navidad-suenos-y-solidaridad\/","title":{"rendered":"UNA NAVIDAD DE SUE\u00d1OS Y SOLIDARIDAD"},"content":{"rendered":"<p>[vc_row][vc_column][vc_column_text]<span data-contrast=\"auto\">Esta Navidad, en la <\/span><b><span data-contrast=\"auto\">Fundaci\u00f3 Comtal<\/span><\/b><span data-contrast=\"auto\">, hemos unido esfuerzos para que los ni\u00f1os, ni\u00f1as y j\u00f3venes en situaci\u00f3n de vulnerabilidad a los que atendemos vivieran unas fiestas llenas de ilusi\u00f3n y contaran con los recursos necesarios para continuar estudiando y construyendo un futuro mejor.<\/span><span data-ccp-props=\"{&quot;134233117&quot;:false,&quot;134233118&quot;:false,&quot;335559738&quot;:240,&quot;335559739&quot;:240}\">\u00a0<\/span><\/p>\n<p><span data-contrast=\"auto\">Gracias a los m\u00e1s de <\/span><b><span data-contrast=\"auto\">19.800 \u20ac recaudados<\/span><\/b><span data-contrast=\"auto\">, 35 j\u00f3venes podr\u00e1n acceder a becas para formaci\u00f3n, transporte y\/o vivienda, adem\u00e1s de recibir un acompa\u00f1amiento personalizado. Este apoyo les ayudar\u00e1 a mejorar su situaci\u00f3n residencial, administrativa y laboral, y a avanzar con m\u00e1s seguridad y garant\u00edas hacia una vida adulta con mayores oportunidades.<\/span><span data-ccp-props=\"{&quot;134233117&quot;:false,&quot;134233118&quot;:false,&quot;335559738&quot;:240,&quot;335559739&quot;:240}\">\u00a0<\/span><\/p>\n<p><span data-contrast=\"auto\">Tambi\u00e9n hemos recibido donaciones en especie. Gracias a la colaboraci\u00f3n de las escuelas de <\/span><b><span data-contrast=\"auto\">La Salle Catalunya<\/span><\/b><span data-contrast=\"auto\">, hemos distribuido <\/span><b><span data-contrast=\"auto\">61 kg de material escolar<\/span><\/b><span data-contrast=\"auto\"> entre los ni\u00f1os, ni\u00f1as y j\u00f3venes que participan en nuestros proyectos. Con estos recursos, garantizamos que puedan seguir estudiando sin limitaciones materiales.<\/span><span data-ccp-props=\"{&quot;134233117&quot;:false,&quot;134233118&quot;:false,&quot;335559738&quot;:240,&quot;335559739&quot;:240}\">\u00a0<\/span>[\/vc_column_text][\/vc_column][\/vc_row][vc_row][vc_column width=\u00bb1\/2&#8243;][vc_single_image image=\u00bb28016&#8243; img_size=\u00bbfull\u00bb][\/vc_column][vc_column width=\u00bb1\/2&#8243;][vc_single_image image=\u00bb28018&#8243; img_size=\u00bbfull\u00bb][\/vc_column][\/vc_row][vc_row][vc_column][vc_column_text]<\/p>\n<h3><span style=\"color: #ff9900;\"><strong>Regalos de Navidad llenos de magia para los ni\u00f1os y j\u00f3venes<\/strong><\/span><\/h3>\n<p><b><span data-contrast=\"auto\">Y esto no es todo:<\/span><\/b><span data-contrast=\"auto\"> aseguraremos la alimentaci\u00f3n y la higiene de los ni\u00f1os, ni\u00f1as y j\u00f3venes del \u00e1rea residencial durante cuatro meses, gracias a los <\/span><b><span data-contrast=\"auto\">3.103 kg de alimentos no perecederos<\/span><\/b><span data-contrast=\"auto\"> que hemos recibido. Estas donaciones son fundamentales para cubrir sus necesidades b\u00e1sicas.<\/span><span data-ccp-props=\"{&quot;134233117&quot;:false,&quot;134233118&quot;:false,&quot;335559738&quot;:240,&quot;335559739&quot;:240}\">\u00a0<\/span><\/p>\n<p><span data-contrast=\"auto\">No pod\u00edamos olvidar la magia de la Navidad. Gracias al apoyo de <\/span><b><span data-contrast=\"auto\">CaixaBank<\/span><\/b><span data-contrast=\"auto\"> y <\/span><b><span data-contrast=\"auto\">Back to Eco<\/span><\/b><span data-contrast=\"auto\">, hemos hecho realidad los sue\u00f1os de nuestros ni\u00f1os, ni\u00f1as y j\u00f3venes, entregando <\/span><b><span data-contrast=\"auto\">131 regalos<\/span><\/b><span data-contrast=\"auto\"> que han recibido con mucha emoci\u00f3n y agradecimiento.<\/span><span data-ccp-props=\"{&quot;134233117&quot;:false,&quot;134233118&quot;:false,&quot;335559738&quot;:240,&quot;335559739&quot;:240}\">\u00a0<\/span>[\/vc_column_text][\/vc_column][\/vc_row][vc_row][vc_column][vc_column_text]<\/p>\n<h3><strong><span style=\"color: #ff9900;\">Un futuro mejor, gracias a la solidaridad<\/span><\/strong><\/h3>\n<p><b><span data-contrast=\"auto\">Este \u00e9xito ha sido posible gracias a una red de solidaridad formada por 23 empresas, escuelas y personas solidarias<\/span><\/b><span data-contrast=\"auto\"> que se han implicado activamente en la campa\u00f1a y han querido formar parte de esta historia.<\/span><span data-ccp-props=\"{&quot;134233117&quot;:false,&quot;134233118&quot;:false,&quot;335559738&quot;:240,&quot;335559739&quot;:240}\">\u00a0<\/span><\/p>\n<p><span data-contrast=\"auto\">En la <\/span><b><span data-contrast=\"auto\">Fundaci\u00f3 Comtal<\/span><\/b><span data-contrast=\"auto\">, sabemos que un futuro mejor solo es posible cuando unimos esfuerzos, y esta campa\u00f1a de Navidad lo ha demostrado. Juntos y juntas hemos logrado que estas fiestas sean mucho m\u00e1s que un momento especial: han sido una oportunidad para construir, so\u00f1ar y avanzar.<\/span><\/p>\n<p>Gracias por hacerlo posible:[\/vc_column_text][vc_single_image image=\u00bb28024&#8243; img_size=\u00bbfull\u00bb][\/vc_column][\/vc_row]<\/p>\n","protected":false},"excerpt":{"rendered":"<p>[vc_row][vc_column][vc_column_text]Esta Navidad, en la Fundaci\u00f3 Comtal, hemos unido esfuerzos para que los ni\u00f1os, ni\u00f1as y j\u00f3venes en situaci\u00f3n de vulnerabilidad a los que atendemos vivieran unas fiestas llenas de ilusi\u00f3n [&hellip;]<\/p>\n","protected":false},"author":2,"featured_media":28023,"comment_status":"closed","ping_status":"closed","sticky":false,"template":"","format":"standard","meta":{"footnotes":""},"categories":[19],"tags":[],"class_list":["post-28029","post","type-post","status-publish","format-standard","has-post-thumbnail","hentry","category-general-es"],"_links":{"self":[{"href":"https:\/\/comtal.org\/es\/wp-json\/wp\/v2\/posts\/28029","targetHints":{"allow":["GET"]}}],"collection":[{"href":"https:\/\/comtal.org\/es\/wp-json\/wp\/v2\/posts"}],"about":[{"href":"https:\/\/comtal.org\/es\/wp-json\/wp\/v2\/types\/post"}],"author":[{"embeddable":true,"href":"https:\/\/comtal.org\/es\/wp-json\/wp\/v2\/users\/2"}],"replies":[{"embeddable":true,"href":"https:\/\/comtal.org\/es\/wp-json\/wp\/v2\/comments?post=28029"}],"version-history":[{"count":9,"href":"https:\/\/comtal.org\/es\/wp-json\/wp\/v2\/posts\/28029\/revisions"}],"predecessor-version":[{"id":28151,"href":"https:\/\/comtal.org\/es\/wp-json\/wp\/v2\/posts\/28029\/revisions\/28151"}],"wp:featuredmedia":[{"embeddable":true,"href":"https:\/\/comtal.org\/es\/wp-json\/wp\/v2\/media\/28023"}],"wp:attachment":[{"href":"https:\/\/comtal.org\/es\/wp-json\/wp\/v2\/media?parent=28029"}],"wp:term":[{"taxonomy":"category","embeddable":true,"href":"https:\/\/comtal.org\/es\/wp-json\/wp\/v2\/categories?post=28029"},{"taxonomy":"post_tag","embeddable":true,"href":"https:\/\/comtal.org\/es\/wp-json\/wp\/v2\/tags?post=28029"}],"curies":[{"name":"wp","href":"https:\/\/api.w.org\/{rel}","templated":true}]}}