{"id":27665,"date":"2024-10-11T08:56:55","date_gmt":"2024-10-11T08:56:55","guid":{"rendered":"https:\/\/comtal.org\/?p=27665"},"modified":"2024-11-13T18:55:23","modified_gmt":"2024-11-13T18:55:23","slug":"de-la-incertidumbre-a-la-empleabilidad","status":"publish","type":"post","link":"https:\/\/comtal.org\/es\/de-la-incertidumbre-a-la-empleabilidad\/","title":{"rendered":"DE LA INCERTIDUMBRE A LA EMPLEABILIDAD"},"content":{"rendered":"<p>Con el prop\u00f3sito de facilitar la inserci\u00f3n en el mercado laboral y mejorar la calidad de vida de los j\u00f3venes, desde el a\u00f1o 2020 somos entidad colaboradora del programa <strong>Incorpora Joven<\/strong> de la Fundaci\u00f3n \u00abla Caixa\u00bb, que ofrece formaci\u00f3n t\u00e9cnica, orientaci\u00f3n laboral y desarrollo de competencias personales a j\u00f3venes de entre 18 y 24 a\u00f1os que provienen del sistema de protecci\u00f3n de menores y\/o se encuentran en una situaci\u00f3n de alta vulnerabilidad.<\/p>\n<p>Este programa tiene como <strong>misi\u00f3n impulsar la integraci\u00f3n sociolaboral de personas en situaci\u00f3n de vulnerabilidad, ofreci\u00e9ndoles las herramientas y el apoyo necesarios para superar los obst\u00e1culos que a menudo les impiden acceder al mundo laboral.<\/strong><\/p>\n<h3><strong><span style=\"color: #ff9900;\">La empleabilidad juvenil como soluci\u00f3n para combatir la pobreza<\/span><\/strong><\/h3>\n<p>La mejora de la empleabilidad tiene un impacto directo en la reducci\u00f3n de la pobreza. Los j\u00f3venes que logran un empleo estable pueden mejorar su calidad de vida, aumentar sus ingresos y acceder a recursos b\u00e1sicos como la vivienda o la formaci\u00f3n continua.<\/p>\n<p>En un contexto en el que <strong>el desempleo juvenil en Espa\u00f1a a\u00fan supera el 25%, proyectos como Incorpora Joven se vuelven fundamentales para revertir esta tendencia y ofrecer alternativas reales a los j\u00f3venes.<\/strong><\/p>\n<h3><strong><span style=\"color: #ff9900;\">El caso de Ousman: de la incertidumbre a la inserci\u00f3n laboral<\/span><\/strong><\/h3>\n<p>Ousman, de 18 a\u00f1os, naci\u00f3 en Nasse, una peque\u00f1a localidad de Gambia. Hace tres a\u00f1os emprendi\u00f3 una dura traves\u00eda hasta las Islas Canarias con la esperanza <strong>de mejorar su calidad de vida y encontrar m\u00e1s oportunidades formativas y laborales.<\/strong> En Canarias fue trasladado a varios centros de menores hasta llegar a un centro en Matar\u00f3, donde comenz\u00f3 a estudiar un CFGM de Electricidad, su verdadera pasi\u00f3n.<\/p>\n<p>Cuando cumpli\u00f3 18 a\u00f1os, se enfrent\u00f3 a una situaci\u00f3n dif\u00edcil al tener que dejar el centro donde viv\u00eda, y pas\u00f3 unos d\u00edas en situaci\u00f3n de calle. \u00ab<strong>Fue una experiencia muy dura; nadie sabe el miedo y la impotencia que sent\u00ed\u00bb<\/strong>, confiesa Ousman con angustia.<\/p>\n<p>Durante ese tiempo, Ousman conoci\u00f3 nuestra entidad a trav\u00e9s de la referente socioeducativa del centro de menores donde viv\u00eda. Gracias al apoyo econ\u00f3mico del Programa Incorpora Joven y el acompa\u00f1amiento de su t\u00e9cnico de referencia, \u00c1lex, pudo pagar el alquiler de una habitaci\u00f3n y <strong>comenzar su camino hacia la inserci\u00f3n laboral.<\/strong><\/p>\n<p>Durante este periodo, Ousman desarroll\u00f3 habilidades esenciales para su futuro empleo, como la tolerancia a la frustraci\u00f3n, la gesti\u00f3n emocional y la resoluci\u00f3n de conflictos. Seg\u00fan \u00c1lex, la constancia, la energ\u00eda y la positividad de Ousman fueron claves para su progreso.<\/p>\n<p><span class=\"responsive\"><a href=\"https:\/\/comtal.org\/wp-content\/uploads\/ca21e935-1ade-4eab-b53f-08ec9750912b.png\"><img loading=\"lazy\" decoding=\"async\" class=\"alignnone wp-image-27660 size-large\" src=\"https:\/\/comtal.org\/wp-content\/uploads\/ca21e935-1ade-4eab-b53f-08ec9750912b-1024x768.png\" alt=\"incorpora jove\" width=\"1024\" height=\"768\" srcset=\"https:\/\/comtal.org\/wp-content\/uploads\/ca21e935-1ade-4eab-b53f-08ec9750912b-1024x768.png 1024w, https:\/\/comtal.org\/wp-content\/uploads\/ca21e935-1ade-4eab-b53f-08ec9750912b-300x225.png 300w, https:\/\/comtal.org\/wp-content\/uploads\/ca21e935-1ade-4eab-b53f-08ec9750912b-768x576.png 768w, https:\/\/comtal.org\/wp-content\/uploads\/ca21e935-1ade-4eab-b53f-08ec9750912b-1536x1152.png 1536w, https:\/\/comtal.org\/wp-content\/uploads\/ca21e935-1ade-4eab-b53f-08ec9750912b-172x129.png 172w, https:\/\/comtal.org\/wp-content\/uploads\/ca21e935-1ade-4eab-b53f-08ec9750912b.png 1600w\" sizes=\"auto, (max-width: 1024px) 100vw, 1024px\" \/><\/a><\/span><\/p>\n<p>Pronto, gracias a las oportunidades facilitadas por el programa Incorpora y la red de entidades colaboradoras, Ousman <strong>realiz\u00f3 varias entrevistas de trabajo y fue seleccionado para empezar a trabajar como t\u00e9cnico de mantenimiento en un gimnasio en el barrio de Sants<\/strong>. \u00c1lex recuerda con emoci\u00f3n c\u00f3mo Ousman comparti\u00f3 la noticia: su nuevo trabajo. \u00abEntr\u00f3 por la puerta con los ojos brillantes y una sonrisa radiante, y nos fundimos en un fuerte abrazo\u00bb, recuerda \u00c1lex.<\/p>\n<p>Las buenas noticias continuaron cuando le ofrecimos a Ousman <strong>una habitaci\u00f3n en uno de nuestros pisos de promoci\u00f3n a la autonom\u00eda,<\/strong> el Hogar Germ\u00e0 Salvador. E<strong>n pocos d\u00edas, la vida de Ousman dio un giro de 180 grados: encontr\u00f3 un techo donde vivir, un empleo estable y una nueva oportunidad de futuro.<\/strong><\/p>\n<p>Actualmente, Ousman est\u00e1 a punto de completar su CFGM en electricidad y tiene como objetivo obtener el carnet de conducir. Adem\u00e1s, <strong>su sue\u00f1o es emprender: \u00abQuiero crear una empresa de mantenimiento en Gambia\u00bb<\/strong>, comenta Ousman. Todo un reto, pero con su energ\u00eda y proactividad, seguro que lo lograr\u00e1.<\/p>\n<h3><strong><span style=\"color: #ff9900;\">El impacto de nuestro acompa\u00f1amiento<\/span><\/strong><\/h3>\n<p>Este a\u00f1o, el programa ha atendido a <strong>m\u00e1s de 65 j\u00f3venes en riesgo de exclusi\u00f3n social<\/strong>, proporcion\u00e1ndoles un acompa\u00f1amiento integral que incluye orientaci\u00f3n laboral, formaci\u00f3n en competencias profesionales y transversales, e intermediaci\u00f3n con empresas. Como resultado, se han logrado <strong>33 inserciones laborales y se han creado 45 ofertas de intermediaci\u00f3n laboral<\/strong> gracias a la colaboraci\u00f3n de la red empresarial del programa.<\/p>\n<h3><strong><span style=\"color: #ff9900;\">Un futuro con m\u00e1s posibilidades es posible<\/span><\/strong><\/h3>\n<p>Ay\u00fadanos a seguir facilitando la inserci\u00f3n laboral de j\u00f3venes como Ousman. Con tu colaboraci\u00f3n, podremos seguir ofreciendo oportunidades laborales a j\u00f3venes en situaci\u00f3n de vulnerabilidad.<\/p>\n<p><a href=\"https:\/\/comtal.org\/es\/colabora-2\/hazte-socio\/\"><span style=\"color: #ff9900;\"><strong>Hazte socio\/a<\/strong><\/span><\/a><br \/>\n<strong><a href=\"https:\/\/comtal.org\/es\/colabora-2\/voluntariado\/\"><span style=\"color: #ff9900;\">Elige hacer voluntariado<\/span><\/a>, recibir\u00e1s mucho m\u00e1s de lo que das.<\/strong><\/p>\n","protected":false},"excerpt":{"rendered":"<p>Mejoramos la empleabilidad de j\u00f3venes en situaci\u00f3n de vulnerabilidad, como la de Ousman, que dej\u00f3 su hogar en Gambia para buscar un futuro mejor. Despu\u00e9s de vivir momentos dif\u00edciles, ahora trabaja como t\u00e9cnico de mantenimiento.<\/p>\n","protected":false},"author":2,"featured_media":27658,"comment_status":"closed","ping_status":"closed","sticky":false,"template":"","format":"standard","meta":{"footnotes":""},"categories":[19,26,410],"tags":[],"class_list":["post-27665","post","type-post","status-publish","format-standard","has-post-thumbnail","hentry","category-general-es","category-integracion","category-trabajo-es"],"_links":{"self":[{"href":"https:\/\/comtal.org\/es\/wp-json\/wp\/v2\/posts\/27665","targetHints":{"allow":["GET"]}}],"collection":[{"href":"https:\/\/comtal.org\/es\/wp-json\/wp\/v2\/posts"}],"about":[{"href":"https:\/\/comtal.org\/es\/wp-json\/wp\/v2\/types\/post"}],"author":[{"embeddable":true,"href":"https:\/\/comtal.org\/es\/wp-json\/wp\/v2\/users\/2"}],"replies":[{"embeddable":true,"href":"https:\/\/comtal.org\/es\/wp-json\/wp\/v2\/comments?post=27665"}],"version-history":[{"count":6,"href":"https:\/\/comtal.org\/es\/wp-json\/wp\/v2\/posts\/27665\/revisions"}],"predecessor-version":[{"id":27849,"href":"https:\/\/comtal.org\/es\/wp-json\/wp\/v2\/posts\/27665\/revisions\/27849"}],"wp:featuredmedia":[{"embeddable":true,"href":"https:\/\/comtal.org\/es\/wp-json\/wp\/v2\/media\/27658"}],"wp:attachment":[{"href":"https:\/\/comtal.org\/es\/wp-json\/wp\/v2\/media?parent=27665"}],"wp:term":[{"taxonomy":"category","embeddable":true,"href":"https:\/\/comtal.org\/es\/wp-json\/wp\/v2\/categories?post=27665"},{"taxonomy":"post_tag","embeddable":true,"href":"https:\/\/comtal.org\/es\/wp-json\/wp\/v2\/tags?post=27665"}],"curies":[{"name":"wp","href":"https:\/\/api.w.org\/{rel}","templated":true}]}}