{"id":27521,"date":"2024-09-12T08:11:12","date_gmt":"2024-09-12T08:11:12","guid":{"rendered":"https:\/\/comtal.org\/jovenes-que-son-futuro\/"},"modified":"2024-11-13T19:16:45","modified_gmt":"2024-11-13T19:16:45","slug":"jovenes-que-son-futuro","status":"publish","type":"post","link":"https:\/\/comtal.org\/es\/jovenes-que-son-futuro\/","title":{"rendered":"J\u00d3VENES QUE SON NUESTRO FUTURO"},"content":{"rendered":"<p>[vc_row][vc_column][vc_column_text]<b><span data-contrast=\"auto\">El abandono escolar prematuro es uno de los principales problemas del sistema educativo catal\u00e1n<\/span><\/b><span data-contrast=\"none\">. La tasa de abandono es del 14% en Catalu\u00f1a, seg\u00fan datos del Ministerio de Educaci\u00f3n en relaci\u00f3n al 2023. Datos que reflejan que m\u00e1s de 10.000 j\u00f3venes no transitaron hacia la educaci\u00f3n postobligatoria despu\u00e9s de haber cursado 4.\u00ba de ESO.<\/span><\/p>\n<h2><strong><span style=\"color: #ff9900;\">Causas y consecuencias del Abandono Escolar Prematuro\u00a0<\/span><\/strong><\/h2>\n<p><span data-contrast=\"none\">La situaci\u00f3n empeora en el caso de la juventud tutelada y extutelada; el abandono escolar para este colectivo es el triple\u202fque en la poblaci\u00f3n no tutelada.<\/span><\/p>\n<p><span data-contrast=\"none\">A pesar de que<\/span><b><span data-contrast=\"none\"> las causas<\/span><\/b><span data-contrast=\"none\"> son multifactoriales, los motivos por los cuales se da el <\/span><b><span data-contrast=\"none\">abandono escolar prematuro van estrechamente ligados a variables como\u202fla adaptaci\u00f3n psicosocial, el desarraigo en el territorio, la incorporaci\u00f3n tard\u00eda en la escuela o el absentismo escolar previo.<\/span><\/b><\/p>\n<p><span data-contrast=\"none\">Adem\u00e1s, seg\u00fan datos del Eurostat, <\/span><b><span data-contrast=\"none\">las probabilidades de abandonar la formaci\u00f3n prematuramente son altamente desiguales en funci\u00f3n del g\u00e9nero, el origen migratorio y el estatus socioecon\u00f3mico y cultural de las personas estudiantes.<\/span><\/b><span data-contrast=\"none\"> As\u00ed,\u202flos chicos, de nivel socioecon\u00f3mico bajo, extranjeros y provenientes de minor\u00edas \u00e9tnicas son habitualmente los que m\u00e1s abandonan el sistema educativo.<\/span><span data-ccp-props=\"{&quot;201341983&quot;:0,&quot;335559739&quot;:160,&quot;335559740&quot;:259}\">\u00a0<\/span><\/p>\n<p><span data-contrast=\"none\">Muchos de estos j\u00f3venes tuvieron que abandonar la escuela en sus pa\u00edses de origen entre los nueve y los quince a\u00f1os para contribuir a la econom\u00eda familiar. Ahora se encuentran aqu\u00ed, con el inter\u00e9s, pero, con dificultades en la hora de integrarse y adaptarse en el nuevo sistema educativo, especialmente para los que provienen de lugares en los cuales la lengua materna es completamente diferente a la del pa\u00eds de acogida.<\/span><\/p>\n<p><span data-contrast=\"none\">Las insuficientes pol\u00edticas p\u00fablicas para la inclusi\u00f3n educativa y social los posiciona en una situaci\u00f3n de exclusi\u00f3n social, ya que la imposibilidad de compatibilizar sus expectativas acad\u00e9micas con su situaci\u00f3n de vulnerabilidad los desvincula del \u00e1mbito educativo.<\/span><\/p>\n<p><b><span data-contrast=\"none\">Las consecuencias de dejar pronto los estudios son cada vez m\u00e1s evidentes; los y las j\u00f3venes sufren precariedad laboral, tienen el doble de paro, m\u00e1s dificultad para acceder a una vivienda y niveles bajos de salud, bienestar y satisfacci\u00f3n,<\/span><\/b><span data-contrast=\"none\"> entre otros factores que implican una p\u00e9rdida importante de oportunidades sociales y vitales seg\u00fan el informe de la OCDE\u202f\u201cEducation at a Glance 2023\u201d.<\/span><span data-ccp-props=\"{&quot;201341983&quot;:0,&quot;335559739&quot;:160,&quot;335559740&quot;:259}\">\u00a0<\/span>[\/vc_column_text][vc_video link=\u00bbhttps:\/\/youtu.be\/1P4oF35Amcs\u00bb][vc_column_text]<span class=\"TextRun SCXW212461360 BCX0\" lang=\"ES-ES\" xml:lang=\"ES-ES\" data-contrast=\"none\"><span class=\"NormalTextRun SCXW212461360 BCX0\" data-ccp-charstyle=\"normaltextrun\" data-ccp-charstyle-defn=\"{&quot;ObjectId&quot;:&quot;dbcbe680-6a33-42cf-a90e-e3f4d2cea7da|59&quot;,&quot;ClassId&quot;:1073872969,&quot;Properties&quot;:[201342446,&quot;1&quot;,201342447,&quot;5&quot;,201342448,&quot;1&quot;,201342449,&quot;1&quot;,469777841,&quot;Calibri&quot;,469777842,&quot;&quot;,469777843,&quot;Calibri&quot;,469777844,&quot;Calibri&quot;,201341986,&quot;1&quot;,469769226,&quot;Calibri&quot;,268442635,&quot;22&quot;,469775450,&quot;normaltextrun&quot;,201340122,&quot;1&quot;,134233614,&quot;true&quot;,469778129,&quot;normaltextrun&quot;,335572020,&quot;1&quot;,469778324,&quot;Default Paragraph Font&quot;]}\">Es un hecho. La situaci\u00f3n socioecon\u00f3mica condiciona en gran medida los resultados y las trayectorias educativas y de vida del alumnado.<\/span><\/span><span class=\"LineBreakBlob BlobObject DragDrop SCXW212461360 BCX0\"><span class=\"SCXW212461360 BCX0\">\u00a0<\/span><br class=\"SCXW212461360 BCX0\" \/><\/span><span class=\"LineBreakBlob BlobObject DragDrop SCXW212461360 BCX0\"><span class=\"SCXW212461360 BCX0\">\u00a0<\/span><br class=\"SCXW212461360 BCX0\" \/><\/span><span class=\"TextRun SCXW212461360 BCX0\" lang=\"ES-ES\" xml:lang=\"ES-ES\" data-contrast=\"none\"><span class=\"NormalTextRun SCXW212461360 BCX0\" data-ccp-charstyle=\"normaltextrun\">Ante este hecho, <\/span><span class=\"NormalTextRun SCXW212461360 BCX0\" data-ccp-charstyle=\"normaltextrun\">\u00bf<\/span><span class=\"NormalTextRun ContextualSpellingAndGrammarErrorV2Themed SCXW212461360 BCX0\" data-ccp-charstyle=\"normaltextrun\">como<\/span><span class=\"NormalTextRun SCXW212461360 BCX0\" data-ccp-charstyle=\"normaltextrun\"> podemos revertir la situaci\u00f3n?<\/span><\/span><span class=\"LineBreakBlob BlobObject DragDrop SCXW212461360 BCX0\"><span class=\"SCXW212461360 BCX0\">\u00a0<\/span><br class=\"SCXW212461360 BCX0\" \/><\/span><span class=\"TextRun SCXW212461360 BCX0\" lang=\"ES-ES\" xml:lang=\"ES-ES\" data-contrast=\"none\"><span class=\"NormalTextRun SCXW212461360 BCX0\" data-ccp-charstyle=\"normaltextrun\">En buena parte a trav\u00e9s de becas compensatorias para la continuidad <\/span><span class=\"NormalTextRun SCXW212461360 BCX0\" data-ccp-charstyle=\"normaltextrun\">de los estudio<\/span><span class=\"NormalTextRun SCXW212461360 BCX0\" data-ccp-charstyle=\"normaltextrun\">s<\/span><span class=\"NormalTextRun SCXW212461360 BCX0\" data-ccp-charstyle=\"normaltextrun\">.<\/span><\/span><span class=\"LineBreakBlob BlobObject DragDrop SCXW212461360 BCX0\"><span class=\"SCXW212461360 BCX0\">\u00a0<\/span><br class=\"SCXW212461360 BCX0\" \/><\/span><span class=\"LineBreakBlob BlobObject DragDrop SCXW212461360 BCX0\"><span class=\"SCXW212461360 BCX0\">\u00a0<\/span><br class=\"SCXW212461360 BCX0\" \/><\/span><strong><span class=\"TextRun SCXW212461360 BCX0\" lang=\"ES-ES\" xml:lang=\"ES-ES\" data-contrast=\"none\"><span class=\"NormalTextRun SCXW212461360 BCX0\" data-ccp-charstyle=\"normaltextrun\">En Catalu\u00f1a hay 157.233 alumnos con necesidades de apoyo educativo, pero tan solo un 15% de j\u00f3venes recibieron el curso pasado alg\u00fan tipo de ayuda econ\u00f3mica por parte del Departamento de Educaci\u00f3n<\/span><\/span><span class=\"TextRun SCXW212461360 BCX0\" lang=\"ES-ES\" xml:lang=\"ES-ES\" data-contrast=\"none\"><span class=\"NormalTextRun SCXW212461360 BCX0\" data-ccp-charstyle=\"normaltextrun\"> seg\u00fan ha publicado la Fundaci\u00f3n Bofill.<\/span><\/span><\/strong><span class=\"LineBreakBlob BlobObject DragDrop SCXW212461360 BCX0\"><strong><span class=\"SCXW212461360 BCX0\">\u00a0<\/span><\/strong><br class=\"SCXW212461360 BCX0\" \/><\/span><span class=\"LineBreakBlob BlobObject DragDrop SCXW212461360 BCX0\"><span class=\"SCXW212461360 BCX0\">\u00a0<\/span><br class=\"SCXW212461360 BCX0\" \/><\/span><span class=\"TextRun SCXW212461360 BCX0\" lang=\"ES-ES\" xml:lang=\"ES-ES\" data-contrast=\"none\"><span class=\"NormalTextRun SCXW212461360 BCX0\" data-ccp-charstyle=\"normaltextrun\">Afortunadamente fundaciones como N<\/span><span class=\"NormalTextRun SCXW212461360 BCX0\" data-ccp-charstyle=\"normaltextrun\">ou<\/span> <span class=\"NormalTextRun SpellingErrorV2Themed SCXW212461360 BCX0\" data-ccp-charstyle=\"normaltextrun\">C<\/span><span class=\"NormalTextRun SpellingErrorV2Themed SCXW212461360 BCX0\" data-ccp-charstyle=\"normaltextrun\">ims<\/span><span class=\"NormalTextRun SCXW212461360 BCX0\" data-ccp-charstyle=\"normaltextrun\">, Maite Iglesias <\/span><span class=\"NormalTextRun SpellingErrorV2Themed SCXW212461360 BCX0\" data-ccp-charstyle=\"normaltextrun\">Baciana<\/span><span class=\"NormalTextRun SCXW212461360 BCX0\" data-ccp-charstyle=\"normaltextrun\">, Sandra Salgado y, instituciones como Rotary Club, entre otros cubren las becas formativas de algunos de nuestros j\u00f3venes.<\/span><\/span><span class=\"LineBreakBlob BlobObject DragDrop SCXW212461360 BCX0\"><span class=\"SCXW212461360 BCX0\">\u00a0<\/span><br class=\"SCXW212461360 BCX0\" \/><\/span><span class=\"LineBreakBlob BlobObject DragDrop SCXW212461360 BCX0\"><span class=\"SCXW212461360 BCX0\">\u00a0<\/span><br class=\"SCXW212461360 BCX0\" \/><\/span><strong><span class=\"TextRun SCXW212461360 BCX0\" lang=\"ES-ES\" xml:lang=\"ES-ES\" data-contrast=\"none\"><span class=\"NormalTextRun SCXW212461360 BCX0\" data-ccp-charstyle=\"normaltextrun\">Pero<\/span> <span class=\"NormalTextRun SCXW212461360 BCX0\" data-ccp-charstyle=\"normaltextrun\">hay que ir m\u00e1s all\u00e1 de la ayuda econ\u00f3mica.<\/span><\/span><\/strong><span class=\"LineBreakBlob BlobObject DragDrop SCXW212461360 BCX0\"><strong><span class=\"SCXW212461360 BCX0\">\u00a0<\/span><\/strong><br class=\"SCXW212461360 BCX0\" \/><\/span><span class=\"TextRun SCXW212461360 BCX0\" lang=\"ES-ES\" xml:lang=\"ES-ES\" data-contrast=\"none\"><span class=\"NormalTextRun SCXW212461360 BCX0\" data-ccp-charstyle=\"normaltextrun\">Son j\u00f3venes con talentos escondidos, muchas veces invisibilizadas, que buscan un terreno f\u00e9rtil donde crecer. J\u00f3venes que est\u00e1n preparados\/<\/span><span class=\"NormalTextRun SCXW212461360 BCX0\" data-ccp-charstyle=\"normaltextrun\">a<\/span><span class=\"NormalTextRun SCXW212461360 BCX0\" data-ccp-charstyle=\"normaltextrun\">s para convertirse en personas con proyectos vitales de \u00e9xito, pero necesitan acompa\u00f1amiento.<\/span><\/span><span class=\"EOP SCXW212461360 BCX0\" data-ccp-props=\"{&quot;201341983&quot;:0,&quot;335559739&quot;:160,&quot;335559740&quot;:259}\">\u00a0<\/span><\/p>\n<h2><strong><span class=\"TextRun SCXW155313785 BCX0\" lang=\"ES-ES\" style=\"color: #ff9900;\" xml:lang=\"ES-ES\" data-contrast=\"none\"><span class=\"NormalTextRun SCXW155313785 BCX0\" data-ccp-charstyle=\"normaltextrun\" data-ccp-charstyle-defn=\"{&quot;ObjectId&quot;:&quot;dbcbe680-6a33-42cf-a90e-e3f4d2cea7da|59&quot;,&quot;ClassId&quot;:1073872969,&quot;Properties&quot;:[201342446,&quot;1&quot;,201342447,&quot;5&quot;,201342448,&quot;1&quot;,201342449,&quot;1&quot;,469777841,&quot;Calibri&quot;,469777842,&quot;&quot;,469777843,&quot;Calibri&quot;,469777844,&quot;Calibri&quot;,201341986,&quot;1&quot;,469769226,&quot;Calibri&quot;,268442635,&quot;22&quot;,469775450,&quot;normaltextrun&quot;,201340122,&quot;1&quot;,134233614,&quot;true&quot;,469778129,&quot;normaltextrun&quot;,335572020,&quot;1&quot;,469778324,&quot;Default Paragraph Font&quot;]}\">El trabajo de la fundaci\u00f3n con j\u00f3venes en situac<\/span><span class=\"NormalTextRun SCXW155313785 BCX0\" data-ccp-charstyle=\"normaltextrun\">i\u00f3n vulnerable<\/span><\/span><\/strong><span class=\"LineBreakBlob BlobObject DragDrop SCXW155313785 BCX0\"><br class=\"SCXW155313785 BCX0\" \/><\/span><\/h2>\n<p><b><span data-contrast=\"none\">Espacios formativos<\/span><\/b><br \/>\n<span data-contrast=\"none\">Consideramos que la educaci\u00f3n es la herramienta m\u00e1s potente para reducir las desigualdades sociales. Por eso, acompa\u00f1amos a ni\u00f1os\/as y j\u00f3venes en sus itinerarios formativos, y atendemos sus necesidades y motivaciones a trav\u00e9s de proyectos educativos de segunda oportunidad y programas de refuerzo escolar. Programas que aceleran la adquisici\u00f3n de competencias b\u00e1sicas, y la mejora de expectativas y confianza del alumnado que atendemos.<\/span><\/p>\n<p><span data-contrast=\"none\">Aun as\u00ed, en el programa Constr\u00fayete, trabajamos con j\u00f3venes reci\u00e9n llegados la inmersi\u00f3n ling\u00fc\u00edstica para garantizar el aprendizaje de la lengua del pa\u00eds de acogida y combatir la inserci\u00f3n socioeducativa y laboral tard\u00eda.<\/span><\/p>\n<p><b><span data-contrast=\"none\">Orientaci\u00f3n sociolaboral<\/span><\/b><br \/>\n<span data-contrast=\"none\">A trav\u00e9s de tutor\u00edas, de talleres formativos por la mejora de competencias digitales y transversales, y de la definici\u00f3n del proyecto profesional de cada joven, hacemos posible la autonom\u00eda y el \u00e9xito en la b\u00fasqueda de trabajo.<\/span><span data-ccp-props=\"{&quot;201341983&quot;:0,&quot;335559739&quot;:160,&quot;335559740&quot;:259}\">\u00a0<\/span><\/p>\n<p><b><span data-contrast=\"none\">Acompa\u00f1amiento integral<\/span><\/b><br \/>\n<span data-contrast=\"none\">En proyectos como el de mentor\u00eda conseguimos mediante el v\u00ednculo y el acompa\u00f1amiento, un cambio positivo en el proceso educativo y de integraci\u00f3n social de los y las j\u00f3venes. De este modo, les damos el apoyo que necesitan en las diferentes\u202f\u00e1reas\u202fde su vida.<\/span>[\/vc_column_text][vc_column_text]<\/p>\n<h2><span style=\"color: #ff9900;\"><strong><span class=\"TextRun SCXW920706 BCX0\" lang=\"ES-ES\" xml:lang=\"ES-ES\" data-contrast=\"none\"><span class=\"NormalTextRun SCXW920706 BCX0\">S\u00famate por el futuro de la juventud<\/span><\/span><\/strong><\/span><span class=\"LineBreakBlob BlobObject DragDrop SCXW920706 BCX0\"><span style=\"color: #ff9900;\"><strong><span class=\"SCXW920706 BCX0\">\u00a0<\/span><\/strong><\/span><br class=\"SCXW920706 BCX0\" \/><\/span><\/h2>\n<p><strong><span class=\"TextRun SCXW920706 BCX0\" lang=\"ES-ES\" xml:lang=\"ES-ES\" data-contrast=\"none\"><span class=\"NormalTextRun SCXW920706 BCX0\" data-ccp-charstyle=\"normaltextrun\">Colabora con la campa\u00f1a \u201cJ\u00f3venes que son futuro\u201d para conseguir que j\u00f3venes que esconden historias de vida dif\u00edciles tengan el apoyo, la orientaci\u00f3n y la motivaci\u00f3n que necesitan para hacer realidad su proyecto formativo y vital, y puedan abordar su proceso hacia la vida adulta con garant\u00edas de \u00e9xito.<\/span><\/span><\/strong><span class=\"LineBreakBlob BlobObject DragDrop SCXW920706 BCX0\"><strong><span class=\"SCXW920706 BCX0\">\u00a0<\/span><\/strong><\/span><\/p>\n<p>[\/vc_column_text][vc_video link=\u00bbhttps:\/\/youtu.be\/oJTzrQyta-w\u00bb][vc_column_text]<span data-contrast=\"none\">Con los fondos recaudados podremos:<\/span><\/p>\n<ul>\n<li><b><span data-contrast=\"none\">Dar becas en concepto de formaci\u00f3n, transporte y\/o vivienda, seg\u00fan necesidades de cada joven.<\/span><\/b><span data-ccp-props=\"{&quot;201341983&quot;:0,&quot;335559739&quot;:160,&quot;335559740&quot;:259}\">\u00a0<\/span><\/li>\n<li data-leveltext=\"\uf0b7\" data-font=\"Symbol\" data-listid=\"5\" data-list-defn-props=\"{&quot;335552541&quot;:1,&quot;335559685&quot;:720,&quot;335559991&quot;:360,&quot;469769226&quot;:&quot;Symbol&quot;,&quot;469769242&quot;:[8226],&quot;469777803&quot;:&quot;left&quot;,&quot;469777804&quot;:&quot;\uf0b7&quot;,&quot;469777815&quot;:&quot;hybridMultilevel&quot;}\" aria-setsize=\"-1\" data-aria-posinset=\"2\" data-aria-level=\"1\"><b><span data-contrast=\"none\">Acompa\u00f1amiento para abordar y resolver dificultades del d\u00eda a d\u00eda del\/la joven.<\/span><\/b><span data-ccp-props=\"{&quot;201341983&quot;:0,&quot;335559739&quot;:160,&quot;335559740&quot;:259}\">\u00a0<\/span><\/li>\n<li data-leveltext=\"\uf0b7\" data-font=\"Symbol\" data-listid=\"5\" data-list-defn-props=\"{&quot;335552541&quot;:1,&quot;335559685&quot;:720,&quot;335559991&quot;:360,&quot;469769226&quot;:&quot;Symbol&quot;,&quot;469769242&quot;:[8226],&quot;469777803&quot;:&quot;left&quot;,&quot;469777804&quot;:&quot;\uf0b7&quot;,&quot;469777815&quot;:&quot;hybridMultilevel&quot;}\" aria-setsize=\"-1\" data-aria-posinset=\"2\" data-aria-level=\"1\"><b><span data-contrast=\"none\">Apoyo emocional para mejorar el bienestar del\/la joven.<\/span><\/b><span data-ccp-props=\"{&quot;201341983&quot;:0,&quot;335559739&quot;:160,&quot;335559740&quot;:259}\">\u00a0<\/span><\/li>\n<li data-leveltext=\"\uf0b7\" data-font=\"Symbol\" data-listid=\"5\" data-list-defn-props=\"{&quot;335552541&quot;:1,&quot;335559685&quot;:720,&quot;335559991&quot;:360,&quot;469769226&quot;:&quot;Symbol&quot;,&quot;469769242&quot;:[8226],&quot;469777803&quot;:&quot;left&quot;,&quot;469777804&quot;:&quot;\uf0b7&quot;,&quot;469777815&quot;:&quot;hybridMultilevel&quot;}\" aria-setsize=\"-1\" data-aria-posinset=\"2\" data-aria-level=\"1\"><b><span data-contrast=\"none\">Orientaci\u00f3n por la mejora de la situaci\u00f3n residencial, administrativa y\/o laboral del\/la joven.<\/span><\/b><span data-ccp-props=\"{&quot;201341983&quot;:0,&quot;335559739&quot;:160,&quot;335559740&quot;:259}\">\u00a0<\/span><\/li>\n<\/ul>\n<p>[\/vc_column_text][\/vc_column][\/vc_row]<\/p>\n","protected":false},"excerpt":{"rendered":"<p>[vc_row][vc_column][vc_column_text]El abandono escolar prematuro es uno de los principales problemas del sistema educativo catal\u00e1n. La tasa de abandono es del 14% en Catalu\u00f1a, seg\u00fan datos del Ministerio de Educaci\u00f3n en [&hellip;]<\/p>\n","protected":false},"author":2,"featured_media":27518,"comment_status":"closed","ping_status":"closed","sticky":false,"template":"","format":"standard","meta":{"footnotes":""},"categories":[24,411],"tags":[],"class_list":["post-27521","post","type-post","status-publish","format-standard","has-post-thumbnail","hentry","category-educacion","category-formacion-es"],"_links":{"self":[{"href":"https:\/\/comtal.org\/es\/wp-json\/wp\/v2\/posts\/27521","targetHints":{"allow":["GET"]}}],"collection":[{"href":"https:\/\/comtal.org\/es\/wp-json\/wp\/v2\/posts"}],"about":[{"href":"https:\/\/comtal.org\/es\/wp-json\/wp\/v2\/types\/post"}],"author":[{"embeddable":true,"href":"https:\/\/comtal.org\/es\/wp-json\/wp\/v2\/users\/2"}],"replies":[{"embeddable":true,"href":"https:\/\/comtal.org\/es\/wp-json\/wp\/v2\/comments?post=27521"}],"version-history":[{"count":15,"href":"https:\/\/comtal.org\/es\/wp-json\/wp\/v2\/posts\/27521\/revisions"}],"predecessor-version":[{"id":27858,"href":"https:\/\/comtal.org\/es\/wp-json\/wp\/v2\/posts\/27521\/revisions\/27858"}],"wp:featuredmedia":[{"embeddable":true,"href":"https:\/\/comtal.org\/es\/wp-json\/wp\/v2\/media\/27518"}],"wp:attachment":[{"href":"https:\/\/comtal.org\/es\/wp-json\/wp\/v2\/media?parent=27521"}],"wp:term":[{"taxonomy":"category","embeddable":true,"href":"https:\/\/comtal.org\/es\/wp-json\/wp\/v2\/categories?post=27521"},{"taxonomy":"post_tag","embeddable":true,"href":"https:\/\/comtal.org\/es\/wp-json\/wp\/v2\/tags?post=27521"}],"curies":[{"name":"wp","href":"https:\/\/api.w.org\/{rel}","templated":true}]}}