{"id":27323,"date":"2024-06-04T08:38:19","date_gmt":"2024-06-04T08:38:19","guid":{"rendered":"https:\/\/comtal.org\/?p=27323"},"modified":"2024-06-04T11:10:44","modified_gmt":"2024-06-04T11:10:44","slug":"cena-solidaria-en-el-hotel-h10casanova","status":"publish","type":"post","link":"https:\/\/comtal.org\/es\/cena-solidaria-en-el-hotel-h10casanova\/","title":{"rendered":"CENA SOLIDARIA EN EL HOTEL H10CASANOVA"},"content":{"rendered":"<p>El pasado viernes 31 de mayo celebramos la VI Cena Solidaria en el Hotel H10 Casanova para celebrar el 30 aniversario de la Fundaci\u00f3n y hacer posible el derecho al ocio de los ni\u00f1os\/as que atendemos.<\/p>\n<p><span class=\"responsive\"><a href=\"https:\/\/comtal.org\/wp-content\/uploads\/IMG_0488-scaled.jpg\"><img loading=\"lazy\" decoding=\"async\" class=\"alignnone wp-image-27345 size-large\" src=\"https:\/\/comtal.org\/wp-content\/uploads\/IMG_0488-1024x683.jpg\" alt=\"sopar solidari hotel casanova\" width=\"1024\" height=\"683\" srcset=\"https:\/\/comtal.org\/wp-content\/uploads\/IMG_0488-1024x683.jpg 1024w, https:\/\/comtal.org\/wp-content\/uploads\/IMG_0488-300x200.jpg 300w, https:\/\/comtal.org\/wp-content\/uploads\/IMG_0488-768x512.jpg 768w, https:\/\/comtal.org\/wp-content\/uploads\/IMG_0488-1536x1024.jpg 1536w, https:\/\/comtal.org\/wp-content\/uploads\/IMG_0488-2048x1365.jpg 2048w, https:\/\/comtal.org\/wp-content\/uploads\/IMG_0488-188x125.jpg 188w\" sizes=\"auto, (max-width: 1024px) 100vw, 1024px\" \/><\/a><\/span><\/p>\n<p>Gracias a todas las personas solidarias que asistieron a la cena, y a las que no pudieron venir pero colaboraron con la fila 0, <strong>hemos conseguido un beneficio de m\u00e1s de 3.300\u20ac<\/strong> que se destinar\u00e1n a <strong>financiar parte de las actividades del Casal de Verano y las colonias de 81 ni\u00f1os\/as, adolescentes y j\u00f3venes en situaci\u00f3n de vulnerabilidad.<\/strong><\/p>\n<p>De este modo, haremos posible el verano que se merecen y necesitan y <strong>garantizaremos que vivan el verano, de forma inclusiva, divertida y saludable.<\/strong><\/p>\n<p><strong>108 personas invitadas nos acompa\u00f1aron durante la cena y 25 adolescentes y j\u00f3venes de la Fundaci\u00f3 Comtal colaboraron durante el acontecimiento<\/strong>, en una noche muy especial, llena de alegr\u00eda, m\u00fasica, buena compa\u00f1\u00eda, reencuentros e ilusi\u00f3n compartida.<\/p>\n<p><span class=\"responsive\"><a href=\"https:\/\/comtal.org\/wp-content\/uploads\/IMG_0480-scaled.jpg\"><img loading=\"lazy\" decoding=\"async\" class=\"alignnone wp-image-27343 size-large\" src=\"https:\/\/comtal.org\/wp-content\/uploads\/IMG_0480-1024x683.jpg\" alt=\"\" width=\"1024\" height=\"683\" srcset=\"https:\/\/comtal.org\/wp-content\/uploads\/IMG_0480-1024x683.jpg 1024w, https:\/\/comtal.org\/wp-content\/uploads\/IMG_0480-300x200.jpg 300w, https:\/\/comtal.org\/wp-content\/uploads\/IMG_0480-768x512.jpg 768w, https:\/\/comtal.org\/wp-content\/uploads\/IMG_0480-1536x1024.jpg 1536w, https:\/\/comtal.org\/wp-content\/uploads\/IMG_0480-2048x1365.jpg 2048w, https:\/\/comtal.org\/wp-content\/uploads\/IMG_0480-188x125.jpg 188w\" sizes=\"auto, (max-width: 1024px) 100vw, 1024px\" \/><\/a><\/span><\/p>\n<p>El alumnado del\u00a0PFI\u00a0de cocina y servicio de restauraci\u00f3n de la <strong>Escuela de Segunda Oportunidad\u00a0se encarg\u00f3 de hacer parte del men\u00fa degustaci\u00f3n de la cena y el servicio durante el acto.<\/strong> Como siempre, hicieron un trabajo espectacular, ofreciendo una comida buen\u00edsima y un servicio inmejorable.<\/p>\n<p>Un completo acierto y placer fue poder contar con la<strong> solidaridad y el talento del grupo musical VOLEO <\/strong>qui\u00e9n ambient\u00f3 la cena con m\u00fasica en directo.<\/p>\n<p>Tambi\u00e9n queremos agradecer al equipo de<strong> j\u00f3venes de los pisos de promoci\u00f3n a la autonom\u00eda y del proyecto Incorpora joven<\/strong> el apoyo dado durante el acontecimiento con el control y venta de entradas y rifa de la cena, as\u00ed como el apoyo dado durante el montaje y recogida del evento. Sin vosotros, nada hubiera sido igual!<\/p>\n<p><span class=\"responsive\"><a href=\"https:\/\/comtal.org\/wp-content\/uploads\/IMG_0477-scaled.jpg\"><img loading=\"lazy\" decoding=\"async\" class=\"alignnone wp-image-27341 size-large\" src=\"https:\/\/comtal.org\/wp-content\/uploads\/IMG_0477-1024x683.jpg\" alt=\"sopar solidari\" width=\"1024\" height=\"683\" srcset=\"https:\/\/comtal.org\/wp-content\/uploads\/IMG_0477-1024x683.jpg 1024w, https:\/\/comtal.org\/wp-content\/uploads\/IMG_0477-300x200.jpg 300w, https:\/\/comtal.org\/wp-content\/uploads\/IMG_0477-768x512.jpg 768w, https:\/\/comtal.org\/wp-content\/uploads\/IMG_0477-1536x1024.jpg 1536w, https:\/\/comtal.org\/wp-content\/uploads\/IMG_0477-2048x1365.jpg 2048w, https:\/\/comtal.org\/wp-content\/uploads\/IMG_0477-188x125.jpg 188w\" sizes=\"auto, (max-width: 1024px) 100vw, 1024px\" \/><\/a><\/span><\/p>\n<p style=\"margin: 0cm; margin-bottom: .0001pt; background: white; vertical-align: baseline;\">El acto finaliz\u00f3 con la resoluci\u00f3n de la rifa solidaria, la presentaci\u00f3n del pastel del 30 aniversario y el discurso de agradecimiento del presidente de la entidad, Josep Canal.<\/p>\n<p><strong>Gracias a todas las empresas y escuelas colaboradoras<\/strong> que se han sumado para hacer posible la cena y garantizar el verano de los ni\u00f1os\/as que atendemos:<\/p>\n<p><span class=\"responsive\"><a href=\"https:\/\/comtal.org\/wp-content\/uploads\/vales-sopar-solidari.jpg\"><img loading=\"lazy\" decoding=\"async\" class=\"alignnone wp-image-27356 size-large\" src=\"https:\/\/comtal.org\/wp-content\/uploads\/vales-sopar-solidari-1024x726.jpg\" alt=\"vales sopar\" width=\"1024\" height=\"726\" srcset=\"https:\/\/comtal.org\/wp-content\/uploads\/vales-sopar-solidari-1024x726.jpg 1024w, https:\/\/comtal.org\/wp-content\/uploads\/vales-sopar-solidari-300x213.jpg 300w, https:\/\/comtal.org\/wp-content\/uploads\/vales-sopar-solidari-768x545.jpg 768w, https:\/\/comtal.org\/wp-content\/uploads\/vales-sopar-solidari-1536x1090.jpg 1536w, https:\/\/comtal.org\/wp-content\/uploads\/vales-sopar-solidari-182x129.jpg 182w, https:\/\/comtal.org\/wp-content\/uploads\/vales-sopar-solidari.jpg 1748w\" sizes=\"auto, (max-width: 1024px) 100vw, 1024px\" \/><\/a><\/span><\/p>\n<h3><span style=\"color: #ff9900;\"><strong>JUNTOS Y JUNTAS HACEMOS POSIBLE UN VERANO INCLUSIVO!<\/strong><\/span><\/h3>\n<p>Para finalizar, os dejamos el video resumen de c\u00f3mo fue la cena.<br \/>\nOs esperamos con muchas ganas en la pr\u00f3xima edici\u00f3n. Gracias por el apoyo y confianza!<\/p>\n<p>[vc_video link=\u00bbhttps:\/\/www.youtube.com\/watch?v=Bsto1zW0xgs\u00bb]<\/p>\n","protected":false},"excerpt":{"rendered":"<p>El pasado viernes 31 de mayo celebramos la VI Cena Solidaria en el Hotel H10 Casanova para celebrar el 30 aniversario de la Fundaci\u00f3n y hacer posible el derecho al [&hellip;]<\/p>\n","protected":false},"author":2,"featured_media":27349,"comment_status":"closed","ping_status":"closed","sticky":false,"template":"","format":"standard","meta":{"footnotes":""},"categories":[19],"tags":[],"class_list":["post-27323","post","type-post","status-publish","format-standard","has-post-thumbnail","hentry","category-general-es"],"_links":{"self":[{"href":"https:\/\/comtal.org\/es\/wp-json\/wp\/v2\/posts\/27323","targetHints":{"allow":["GET"]}}],"collection":[{"href":"https:\/\/comtal.org\/es\/wp-json\/wp\/v2\/posts"}],"about":[{"href":"https:\/\/comtal.org\/es\/wp-json\/wp\/v2\/types\/post"}],"author":[{"embeddable":true,"href":"https:\/\/comtal.org\/es\/wp-json\/wp\/v2\/users\/2"}],"replies":[{"embeddable":true,"href":"https:\/\/comtal.org\/es\/wp-json\/wp\/v2\/comments?post=27323"}],"version-history":[{"count":21,"href":"https:\/\/comtal.org\/es\/wp-json\/wp\/v2\/posts\/27323\/revisions"}],"predecessor-version":[{"id":27372,"href":"https:\/\/comtal.org\/es\/wp-json\/wp\/v2\/posts\/27323\/revisions\/27372"}],"wp:featuredmedia":[{"embeddable":true,"href":"https:\/\/comtal.org\/es\/wp-json\/wp\/v2\/media\/27349"}],"wp:attachment":[{"href":"https:\/\/comtal.org\/es\/wp-json\/wp\/v2\/media?parent=27323"}],"wp:term":[{"taxonomy":"category","embeddable":true,"href":"https:\/\/comtal.org\/es\/wp-json\/wp\/v2\/categories?post=27323"},{"taxonomy":"post_tag","embeddable":true,"href":"https:\/\/comtal.org\/es\/wp-json\/wp\/v2\/tags?post=27323"}],"curies":[{"name":"wp","href":"https:\/\/api.w.org\/{rel}","templated":true}]}}