{"id":27277,"date":"2024-04-25T12:06:22","date_gmt":"2024-04-25T12:06:22","guid":{"rendered":"https:\/\/comtal.org\/sant-jordi-por-el-futuro-de-los-menores\/"},"modified":"2024-04-25T14:48:43","modified_gmt":"2024-04-25T14:48:43","slug":"sant-jordi-por-el-futuro-de-los-menores","status":"publish","type":"post","link":"https:\/\/comtal.org\/es\/sant-jordi-por-el-futuro-de-los-menores\/","title":{"rendered":"SANT JORDI POR EL FUTURO DE LOS MENORES"},"content":{"rendered":"<p>[vc_row][vc_column][vc_column_text]<\/p>\n<p><strong>Finalizamos la campa\u00f1a de Sant Jordi #UnaRosaUnaOportunitat dando las gracias a las 71 organizaciones, empresas y escuelas solidarias que lo han hecho posible.<\/strong><\/p>\n<p>Gracias a todas ellas, <strong>hemos obtenido un beneficio de 22.000\u20ac para garantizar que 255 menores<\/strong> como la\u00a0Omayma, lo\u00a0Anouar\u00a0o la Sof\u00eda <strong>puedan promocionar de curso y hacer realidad su itinerario formativo para llegar a ser aquello que quieren ser.<\/strong><\/p>\n<p>Queremos <strong>agradecer tambi\u00e9n al equipo de la Fundaci\u00f3n (voluntariado, alumnado, profesionales,&#8230;)<\/strong> todo el esfuerzo dedicado para que esta campa\u00f1a contin\u00fae viva, un a\u00f1o m\u00e1s.<\/p>\n<p>Hacemos una <strong>menci\u00f3n especial a Mercabarna por darnos las rosas de la paradeta solidaria<\/strong> que pusimos delante el Mercado de Santa Catarina el mismo d\u00eda 23 para celebrar la fiesta con todo el mundo que se acerc\u00f3.<\/p>\n<p>[\/vc_column_text][\/vc_column][\/vc_row][vc_row][vc_column][vc_column_text]<\/p>\n<h2><span style=\"color: #ff9900;\">Favorecemos el acceso a la educaci\u00f3n de los menores<\/span><\/h2>\n<p>Nos despedimos un a\u00f1o m\u00e1s <strong>muy agradecidas y satisfechas.<\/strong> La campa\u00f1a ha sido un \u00e9xito gracias tambi\u00e9n al apoyo de 12 personas voluntarias y la difusi\u00f3n del Diario Ahora, El Peri\u00f3dico, El Punt Avui, La Vanguardia y otros medios de comunicaci\u00f3n.<\/p>\n<p><strong>Gracias de nuevo a todas las personas, empresas y escuelas que han\u00a0garanit\u00a0el acceso en la educaci\u00f3n en igualdad de condiciones con #UnaRosaUnaOportunitat:<\/strong><\/p>\n<div class=\"one_half\">\n<table width=\"566\">\n<tbody>\n<tr>\n<td width=\"283\">Agrolimen<\/td>\n<\/tr>\n<tr>\n<td width=\"283\">Aig\u00fces de Barcelona<\/td>\n<\/tr>\n<tr>\n<td width=\"283\">Born Comer\u00e7<\/td>\n<\/tr>\n<tr>\n<td width=\"283\">Cerascem<\/td>\n<\/tr>\n<tr>\n<td width=\"283\">CETT<\/td>\n<\/tr>\n<tr>\n<td width=\"283\">Clearpeaks<\/td>\n<\/tr>\n<tr>\n<td width=\"283\">Confide<\/td>\n<\/tr>\n<tr>\n<td width=\"283\">Crumble<\/td>\n<\/tr>\n<tr>\n<td width=\"283\">Fundaci\u00f3 Intress<\/td>\n<\/tr>\n<tr>\n<td width=\"283\">GarageLab Fundaci\u00f3 Comtal<\/td>\n<\/tr>\n<tr>\n<td width=\"283\">Grand Hotel Central<\/td>\n<\/tr>\n<tr>\n<td width=\"283\">Hotel Boutique Mirlo<\/td>\n<\/tr>\n<tr>\n<td width=\"283\">Hotel Dante<\/td>\n<\/tr>\n<tr>\n<td width=\"283\">Hotel Intercontinental Barcelona<\/td>\n<\/tr>\n<tr>\n<td width=\"283\">Hotel Mandarin Oriental<\/td>\n<\/tr>\n<tr>\n<td width=\"283\">Hotel Mandarin Residences<\/td>\n<\/tr>\n<tr>\n<td width=\"283\">Hotel Royal Rambles i Passeig de Gracia<\/td>\n<\/tr>\n<tr>\n<td width=\"283\">Hotel Vincci<\/td>\n<\/tr>\n<tr>\n<td width=\"283\">Hotels Catalonia<\/td>\n<\/tr>\n<tr>\n<td width=\"283\">Hotels H10<\/td>\n<\/tr>\n<\/tbody>\n<\/table>\n<\/div>\n<div class=\"one_half last\">\n<table width=\"566\">\n<tbody>\n<tr>\n<td width=\"283\">Hotels Ibis\/ Novotels i Budgets<\/td>\n<\/tr>\n<tr>\n<td width=\"283\">Hotels Ilunion<\/td>\n<\/tr>\n<tr>\n<td width=\"283\">Kimpton Vividora Hotel<\/td>\n<\/tr>\n<tr>\n<td width=\"283\">La Salle Catalunya<\/td>\n<\/tr>\n<tr>\n<td width=\"283\">Mediolanum<\/td>\n<\/tr>\n<tr>\n<td width=\"283\">Navalia Energ\u00eda\/Electry Consulting<\/td>\n<\/tr>\n<tr>\n<td width=\"283\">Nexe<\/td>\n<\/tr>\n<tr>\n<td width=\"283\">Novotel Barcelona City<\/td>\n<\/tr>\n<tr>\n<td width=\"283\">Ohla Boutique Hotels<\/td>\n<\/tr>\n<tr>\n<td width=\"283\">Omnipack<\/td>\n<\/tr>\n<tr>\n<td width=\"283\">Pekos group<\/td>\n<\/tr>\n<tr>\n<td width=\"283\">Pich Bnfix<\/td>\n<\/tr>\n<tr>\n<td width=\"283\">Revisa<\/td>\n<\/tr>\n<tr>\n<td width=\"283\">Seitsa<\/td>\n<\/tr>\n<tr>\n<td width=\"283\">Sercom Informatics<\/td>\n<\/tr>\n<tr>\n<td width=\"283\">Serunion\/Hosteses<\/td>\n<\/tr>\n<tr>\n<td width=\"283\">Tax legal<\/td>\n<\/tr>\n<tr>\n<td width=\"283\">The GB Foods<\/td>\n<\/tr>\n<tr>\n<td width=\"283\">Vidrebany<\/td>\n<\/tr>\n<\/tbody>\n<\/table>\n<\/div>\n<div class=\"clear\"><\/div>\n<p>[\/vc_column_text][vc_single_image image=\u00bb27266&#8243; img_size=\u00bbfull\u00bb][\/vc_column][\/vc_row]<\/p>\n","protected":false},"excerpt":{"rendered":"<p>[vc_row][vc_column][vc_column_text] Finalizamos la campa\u00f1a de Sant Jordi #UnaRosaUnaOportunitat dando las gracias a las 71 organizaciones, empresas y escuelas solidarias que lo han hecho posible. Gracias a todas ellas, hemos obtenido [&hellip;]<\/p>\n","protected":false},"author":2,"featured_media":27264,"comment_status":"closed","ping_status":"closed","sticky":false,"template":"","format":"standard","meta":{"footnotes":""},"categories":[19],"tags":[],"class_list":["post-27277","post","type-post","status-publish","format-standard","has-post-thumbnail","hentry","category-general-es"],"_links":{"self":[{"href":"https:\/\/comtal.org\/es\/wp-json\/wp\/v2\/posts\/27277","targetHints":{"allow":["GET"]}}],"collection":[{"href":"https:\/\/comtal.org\/es\/wp-json\/wp\/v2\/posts"}],"about":[{"href":"https:\/\/comtal.org\/es\/wp-json\/wp\/v2\/types\/post"}],"author":[{"embeddable":true,"href":"https:\/\/comtal.org\/es\/wp-json\/wp\/v2\/users\/2"}],"replies":[{"embeddable":true,"href":"https:\/\/comtal.org\/es\/wp-json\/wp\/v2\/comments?post=27277"}],"version-history":[{"count":8,"href":"https:\/\/comtal.org\/es\/wp-json\/wp\/v2\/posts\/27277\/revisions"}],"predecessor-version":[{"id":27285,"href":"https:\/\/comtal.org\/es\/wp-json\/wp\/v2\/posts\/27277\/revisions\/27285"}],"wp:featuredmedia":[{"embeddable":true,"href":"https:\/\/comtal.org\/es\/wp-json\/wp\/v2\/media\/27264"}],"wp:attachment":[{"href":"https:\/\/comtal.org\/es\/wp-json\/wp\/v2\/media?parent=27277"}],"wp:term":[{"taxonomy":"category","embeddable":true,"href":"https:\/\/comtal.org\/es\/wp-json\/wp\/v2\/categories?post=27277"},{"taxonomy":"post_tag","embeddable":true,"href":"https:\/\/comtal.org\/es\/wp-json\/wp\/v2\/tags?post=27277"}],"curies":[{"name":"wp","href":"https:\/\/api.w.org\/{rel}","templated":true}]}}