{"id":27171,"date":"2024-03-01T11:13:35","date_gmt":"2024-03-01T11:13:35","guid":{"rendered":"https:\/\/comtal.org\/?p=27171"},"modified":"2024-03-01T11:13:35","modified_gmt":"2024-03-01T11:13:35","slug":"exito-en-el-acto-del-30-aniversario","status":"publish","type":"post","link":"https:\/\/comtal.org\/es\/exito-en-el-acto-del-30-aniversario\/","title":{"rendered":"\u00c9XITO EN EL ACTO DEL 30 ANIVERSARIO"},"content":{"rendered":"<p>El pasado 29 de febrero organizamos un <strong>acto institucional con motivo de nuestro 30 cumplea\u00f1os.<\/strong><span data-ccp-props=\"{&quot;134233117&quot;:false,&quot;134233118&quot;:false,&quot;335557856&quot;:16777215,&quot;335559738&quot;:0,&quot;335559739&quot;:300}\"><strong>\u00a0<\/strong><\/span><\/p>\n<p><span class=\"responsive\"><a href=\"https:\/\/comtal.org\/wp-content\/uploads\/IMG_0143-scaled.jpg\"><img loading=\"lazy\" decoding=\"async\" class=\"alignnone wp-image-27174 size-large\" src=\"https:\/\/comtal.org\/wp-content\/uploads\/IMG_0143-1024x610.jpg\" alt=\"\" width=\"1024\" height=\"610\" srcset=\"https:\/\/comtal.org\/wp-content\/uploads\/IMG_0143-1024x610.jpg 1024w, https:\/\/comtal.org\/wp-content\/uploads\/IMG_0143-300x179.jpg 300w, https:\/\/comtal.org\/wp-content\/uploads\/IMG_0143-768x457.jpg 768w, https:\/\/comtal.org\/wp-content\/uploads\/IMG_0143-1536x915.jpg 1536w, https:\/\/comtal.org\/wp-content\/uploads\/IMG_0143-2048x1220.jpg 2048w, https:\/\/comtal.org\/wp-content\/uploads\/IMG_0143-188x112.jpg 188w\" sizes=\"auto, (max-width: 1024px) 100vw, 1024px\" \/><\/a><\/span><\/p>\n<p><span data-contrast=\"none\">A las\u00a019h\u00a0<strong>abrimos el acto de la mano de Al\u00edcia Artiaga<\/strong>, administradora de la Fundaci\u00f3 Comtal <strong>e Irene Borr\u00e0s<\/strong>, consultora experta en el sector no lucrativo y en el campo de la responsabilidad social corporativa en CAUSAS. <strong>Las dos formaron parte del equipo motor de la Fundaci\u00f3 Comtal.<\/strong><\/span><strong>\u00a0<\/strong><\/p>\n<p><strong><span class=\"responsive\"><a href=\"https:\/\/comtal.org\/wp-content\/uploads\/IMG_0163-scaled.jpg\"><img loading=\"lazy\" decoding=\"async\" class=\"alignnone wp-image-27176 size-large\" src=\"https:\/\/comtal.org\/wp-content\/uploads\/IMG_0163-1024x750.jpg\" alt=\"\" width=\"1024\" height=\"750\" srcset=\"https:\/\/comtal.org\/wp-content\/uploads\/IMG_0163-1024x750.jpg 1024w, https:\/\/comtal.org\/wp-content\/uploads\/IMG_0163-300x220.jpg 300w, https:\/\/comtal.org\/wp-content\/uploads\/IMG_0163-768x562.jpg 768w, https:\/\/comtal.org\/wp-content\/uploads\/IMG_0163-1536x1125.jpg 1536w, https:\/\/comtal.org\/wp-content\/uploads\/IMG_0163-2048x1500.jpg 2048w, https:\/\/comtal.org\/wp-content\/uploads\/IMG_0163-176x129.jpg 176w\" sizes=\"auto, (max-width: 1024px) 100vw, 1024px\" \/><\/a><\/span><\/strong><\/p>\n<p><span data-contrast=\"none\">\u00a0<\/span><br \/>\n<span data-contrast=\"none\">Tambi\u00e9n invitamos a <strong>Felipe Campos<\/strong>, director general de la Asociaci\u00f3n Educativa\u00a0Itaca\u00a0y Consejero Delegado de Aig\u00fces de Barcelona, <strong>quien habl\u00f3 sobre la perpetuaci\u00f3n de las desigualdades sociales:<\/strong><\/span><strong>\u00a0<\/strong><strong><br \/>\n<\/strong><br \/>\n<span style=\"color: #ff6600;\"><em>\u201cA pesar de que algunos indicadores han ido mejorando, la pobreza contin\u00faa siendo un problema a nuestro pa\u00eds. De hecho, Espa\u00f1a es el tercer pa\u00eds de la Uni\u00f3n Europea con los \u00edndices m\u00e1s altos de pobreza infantil, con un 32% de ni\u00f1os y adolescentes en riesgo de pobreza. Catalu\u00f1a es la segunda comunidad aut\u00f3noma con un mayor \u00edndice de pobreza infantil. La pobreza se hereda y se reproduce. Ante estos datos, solo nos queda una opci\u00f3n: reescribir el futuro. Esto que hace la Fundaci\u00f3 Comtal d\u00eda detr\u00e1s d\u00eda\u201d.<\/em><\/span><br \/>\n<span data-contrast=\"auto\">\u00a0<\/span><\/p>\n<p><span class=\"responsive\"><a href=\"https:\/\/comtal.org\/wp-content\/uploads\/IMG_0193-scaled.jpg\"><img loading=\"lazy\" decoding=\"async\" class=\"alignnone wp-image-27178 size-large\" src=\"https:\/\/comtal.org\/wp-content\/uploads\/IMG_0193-1024x683.jpg\" alt=\"Fundaci\u00f3 Comtal\" width=\"1024\" height=\"683\" srcset=\"https:\/\/comtal.org\/wp-content\/uploads\/IMG_0193-1024x683.jpg 1024w, https:\/\/comtal.org\/wp-content\/uploads\/IMG_0193-300x200.jpg 300w, https:\/\/comtal.org\/wp-content\/uploads\/IMG_0193-768x512.jpg 768w, https:\/\/comtal.org\/wp-content\/uploads\/IMG_0193-1536x1024.jpg 1536w, https:\/\/comtal.org\/wp-content\/uploads\/IMG_0193-2048x1365.jpg 2048w, https:\/\/comtal.org\/wp-content\/uploads\/IMG_0193-188x125.jpg 188w\" sizes=\"auto, (max-width: 1024px) 100vw, 1024px\" \/><\/a><\/span><\/p>\n<p><span data-contrast=\"none\">Seguidamente, <\/span><strong>5 testigos vinculados a la Fundaci\u00f3 Comtal quisieron explicar su experiencia en una mesa redonda ante una sala llena de representantes de la administraci\u00f3n, entidades, empresas, escuelas amigas, personas expertas del sector y del equipo de la Fundaci\u00f3 Comtal.<\/strong><strong>\u00a0<\/strong><strong><br \/>\n<\/strong><span data-contrast=\"auto\">\u00a0<\/span><br \/>\n<span data-contrast=\"none\">La mesa redonda empez\u00f3 con <strong>la voz de<\/strong><\/span> Aymane, alumno del curso del PFI de hoteler\u00eda de la Escuela de Segunda Oportunidad de la entidad.<span data-ccp-props=\"{&quot;134233117&quot;:false,&quot;134233118&quot;:false,&quot;335557856&quot;:16777215,&quot;335559738&quot;:0,&quot;335559739&quot;:300}\">\u00a0<\/span><\/p>\n<p><span data-contrast=\"none\"><span style=\"color: #ff6600;\">\u201cDecid\u00ed venir para tener un futuro mejor y m\u00e1s oportunidades que en Marruecos. La Fundaci\u00f3 Comtal para m\u00ed es mucho m\u00e1s que un sitio de formaci\u00f3n. Adem\u00e1s de ense\u00f1arme idiomas, me han ayudado cuando estaba preocupado por mis papeles, y han conseguido motivarme, incluso en los momentos m\u00e1s dif\u00edciles cuando echaba de menos a mi familia\u201d<\/span> &#8211; explic\u00f3 Aymane cuando le preguntaron por el motivo de su inmigraci\u00f3n y que significaba la fundaci\u00f3n para \u00e9l.<\/span><span data-ccp-props=\"{}\">\u00a0<\/span><\/p>\n<p><span data-contrast=\"none\">La sala se qued\u00f3 en silencio mientras escuchaba con atenci\u00f3n su deseo:<\/span><span style=\"color: #ff6600;\"> <em>\u201cQue no hubieran tantos problemas con los papeles ni tanto racismo y que mi familia pudiera venir a vivir aqu\u00ed conmigo\u201d.<\/em>\u00a0<\/span><\/p>\n<p><span data-contrast=\"none\"><strong>La conversaci\u00f3n continu\u00f3 con Lucia, madre de Amman y Nabil, dos ni\u00f1os que participan en el Centro Abierto Tria y en las actividades de Verano de la Fundaci\u00f3n<\/strong>.<\/span><\/p>\n<p><span style=\"color: #ff6600;\">\u201c<em>Recuerdo cuando la fundaci\u00f3n consigui\u00f3 en Navidad un micr\u00f3fono para mi hija. Estaba tan contenta que hizo un espect\u00e1culo a las educadoras. La grabaron y me hicieron llegar el video. La ve\u00eda disfrutar tanto que me emocion\u00e9.\u00a0<\/em>\u00a0<em>La Fundaci\u00f3n tambi\u00e9n estuvo ah\u00ed cuando este verano<\/em><\/span><span data-contrast=\"none\"><em><span style=\"color: #ff6600;\">, que estaba pasando un momento dif\u00edcil, sin yo decir nada las educadoras se acercaron a m\u00ed, y me ayudaron con alimentos y ropa\u201d<\/span>&#8211;\u00a0<\/em><\/span><span data-ccp-props=\"{&quot;134233117&quot;:false,&quot;134233118&quot;:false,&quot;201341983&quot;:0,&quot;335551550&quot;:6,&quot;335551620&quot;:6,&quot;335559685&quot;:0,&quot;335559737&quot;:0,&quot;335559738&quot;:0,&quot;335559739&quot;:0,&quot;335559740&quot;:240}\">\u00a0<\/span>Explic\u00f3 Lucia cuando le preguntaron por alg\u00fan momento que recordase con especial aprecio.<span data-ccp-props=\"{&quot;134233117&quot;:false,&quot;134233118&quot;:false,&quot;201341983&quot;:0,&quot;335551550&quot;:6,&quot;335551620&quot;:6,&quot;335559685&quot;:0,&quot;335559737&quot;:0,&quot;335559738&quot;:0,&quot;335559739&quot;:0,&quot;335559740&quot;:240}\">\u00a0<\/span><\/p>\n<p><span data-contrast=\"none\">Seguidamente <strong>cogi\u00f3 la palabra Sara, quien explic\u00f3 c\u00f3mo su situaci\u00f3n cambi\u00f3 en los \u00faltimos a\u00f1os, una vez sali\u00f3 del CRAE<\/strong> La Salle, gestionado por la Fundaci\u00f3n.<\/span><span data-ccp-props=\"{&quot;134233117&quot;:false,&quot;134233118&quot;:false,&quot;201341983&quot;:0,&quot;335551550&quot;:6,&quot;335551620&quot;:6,&quot;335559685&quot;:0,&quot;335559737&quot;:0,&quot;335559738&quot;:0,&quot;335559739&quot;:0,&quot;335559740&quot;:240}\">\u00a0<\/span><\/p>\n<p><span style=\"color: #ff6600;\">\u00a0<em>\u201cDesde los 18 a\u00f1os estoy viviendo en un piso de emancipaci\u00f3n y este recurso se me acaba en agosto.<\/em><\/span><br \/>\n<span style=\"color: #ff6600;\"><em>El pr\u00f3ximo curso quiero estudiar un CFGS de Integraci\u00f3n Social y para pagarme los estudios necesito encontrar un trabajo que sea compatible con los estudios. Pero primero tengo que buscar un lugar donde vivir y no s\u00e9 si lo conseguir\u00e9 porque la vivienda en Barcelona est\u00e1 inasumible y es un tema que me angustia mucho\u201d.<\/em><\/span><span data-ccp-props=\"{}\">\u00a0<\/span><\/p>\n<p><span data-contrast=\"none\">\u00a0<\/span><strong>Tambi\u00e9n habl\u00f3 Ramon, voluntario de la Fundaci\u00f3 Comtal desde hace m\u00e1s de 10 a\u00f1os.<\/strong><span data-ccp-props=\"{&quot;134233117&quot;:false,&quot;134233118&quot;:false,&quot;201341983&quot;:0,&quot;335551550&quot;:6,&quot;335551620&quot;:6,&quot;335559685&quot;:0,&quot;335559737&quot;:0,&quot;335559738&quot;:0,&quot;335559739&quot;:0,&quot;335559740&quot;:240}\"><strong>\u00a0<\/strong><\/span><\/p>\n<p><span style=\"color: #ff6600;\" data-contrast=\"none\">\u201cCuando hice voluntariado en el \u00e1rea laboral, ayudando a los j\u00f3venes a prepararse por las entrevistas de trabajo, comprob\u00e9 como la carencia de formaci\u00f3n es una barrera en la hora de encontrar trabajo. <\/span><span data-contrast=\"none\"><span style=\"color: #ff6600;\">Por eso, me gustar\u00eda pedir a la administraci\u00f3n m\u00e1s apoyo para llevar a cabo programas como los de la fundaci\u00f3n que ayuden en la prevenci\u00f3n del abandono escolar y en el acompa\u00f1amiento formativo\u201d<\/span>&#8211; denunci\u00f3 Ramon durante su discurso.<\/span><br \/>\n<span data-contrast=\"auto\">\u00a0<\/span><br \/>\n<span data-contrast=\"none\">Finalmente, fue el turno de <strong>Jos\u00e9 <\/strong><\/span>Hernandez, educador del \u00e1rea residencial de la Fundaci\u00f3 Comtal, <strong>quien pidi\u00f3<\/strong> a las administraciones compromiso para facilitar y mejorar la inclusi\u00f3n de j\u00f3venes como Aymane, y <strong>m\u00e1s inversi\u00f3n para mejorar los servicios p\u00fablicos y ofrecer una salud emocional gratuita <\/strong>y de calidad para todo el mundo:<strong><span data-ccp-props=\"{&quot;134233117&quot;:false,&quot;134233118&quot;:false,&quot;201341983&quot;:0,&quot;335551550&quot;:1,&quot;335551620&quot;:1,&quot;335559685&quot;:0,&quot;335559737&quot;:0,&quot;335559738&quot;:0,&quot;335559739&quot;:0,&quot;335559740&quot;:240}\">\u00a0<\/span><\/strong><\/p>\n<p><span data-contrast=\"none\">\u00a0<\/span><span style=\"color: #ff6600;\"><em>\u201cResulta fundamental entender que hay j\u00f3venes que no pueden enfrentarse a determinadas situaciones solos y que necesitan acompa\u00f1amiento en su proceso hacia la vida adulta. Un acompa\u00f1amiento integral en el \u00e1mbito laboral, educativo y sobre todo emocional. Desde aqu\u00ed queremos reivindicar la necesidad de que la administraci\u00f3n invierta recursos y desarrolle pol\u00edticas para ofrecer un servicio de salud emocional gratuito y de calidad para todo el mundo\u201d.<\/em>\u00a0<\/span><\/p>\n<p><span class=\"responsive\"><a href=\"https:\/\/comtal.org\/wp-content\/uploads\/pere-scaled.jpg\"><img loading=\"lazy\" decoding=\"async\" class=\"alignnone wp-image-27180 size-large\" src=\"https:\/\/comtal.org\/wp-content\/uploads\/pere-1024x683.jpg\" alt=\"Fundaci\u00f3 Comtal\" width=\"1024\" height=\"683\" srcset=\"https:\/\/comtal.org\/wp-content\/uploads\/pere-1024x683.jpg 1024w, https:\/\/comtal.org\/wp-content\/uploads\/pere-300x200.jpg 300w, https:\/\/comtal.org\/wp-content\/uploads\/pere-768x512.jpg 768w, https:\/\/comtal.org\/wp-content\/uploads\/pere-1536x1024.jpg 1536w, https:\/\/comtal.org\/wp-content\/uploads\/pere-2048x1366.jpg 2048w, https:\/\/comtal.org\/wp-content\/uploads\/pere-188x125.jpg 188w\" sizes=\"auto, (max-width: 1024px) 100vw, 1024px\" \/><\/a><\/span><\/p>\n<p><span data-contrast=\"auto\">\u00a0<\/span><span data-contrast=\"none\"><strong>La jornada finaliz\u00f3 con la reflexi\u00f3n y agradecimiento final del Presidente de la Fundaci\u00f3 Comtal, Josep\u00a0Canal,<\/strong> a todas las federaciones, escuelas, empresas y personas solidarias que nos han apoyado.<\/span><\/p>\n<p><strong><span data-contrast=\"none\">Gracias a todas y todos los que asististeis y hab\u00e9is hecho posible estos 30 a\u00f1os de intervenci\u00f3n socioeducativa. \u00a1A por muchos m\u00e1s!<\/span><\/strong><strong><span data-ccp-props=\"{}\">\u00a0<\/span><\/strong><\/p>\n","protected":false},"excerpt":{"rendered":"<p>El pasado 29 de febrero organizamos un acto institucional con motivo de nuestro 30 cumplea\u00f1os.\u00a0 A las\u00a019h\u00a0abrimos el acto de la mano de Al\u00edcia Artiaga, administradora de la Fundaci\u00f3 Comtal [&hellip;]<\/p>\n","protected":false},"author":2,"featured_media":27188,"comment_status":"closed","ping_status":"closed","sticky":false,"template":"","format":"standard","meta":{"footnotes":""},"categories":[19],"tags":[],"class_list":["post-27171","post","type-post","status-publish","format-standard","has-post-thumbnail","hentry","category-general-es"],"_links":{"self":[{"href":"https:\/\/comtal.org\/es\/wp-json\/wp\/v2\/posts\/27171","targetHints":{"allow":["GET"]}}],"collection":[{"href":"https:\/\/comtal.org\/es\/wp-json\/wp\/v2\/posts"}],"about":[{"href":"https:\/\/comtal.org\/es\/wp-json\/wp\/v2\/types\/post"}],"author":[{"embeddable":true,"href":"https:\/\/comtal.org\/es\/wp-json\/wp\/v2\/users\/2"}],"replies":[{"embeddable":true,"href":"https:\/\/comtal.org\/es\/wp-json\/wp\/v2\/comments?post=27171"}],"version-history":[{"count":2,"href":"https:\/\/comtal.org\/es\/wp-json\/wp\/v2\/posts\/27171\/revisions"}],"predecessor-version":[{"id":27189,"href":"https:\/\/comtal.org\/es\/wp-json\/wp\/v2\/posts\/27171\/revisions\/27189"}],"wp:featuredmedia":[{"embeddable":true,"href":"https:\/\/comtal.org\/es\/wp-json\/wp\/v2\/media\/27188"}],"wp:attachment":[{"href":"https:\/\/comtal.org\/es\/wp-json\/wp\/v2\/media?parent=27171"}],"wp:term":[{"taxonomy":"category","embeddable":true,"href":"https:\/\/comtal.org\/es\/wp-json\/wp\/v2\/categories?post=27171"},{"taxonomy":"post_tag","embeddable":true,"href":"https:\/\/comtal.org\/es\/wp-json\/wp\/v2\/tags?post=27171"}],"curies":[{"name":"wp","href":"https:\/\/api.w.org\/{rel}","templated":true}]}}