{"id":26872,"date":"2023-12-05T09:51:16","date_gmt":"2023-12-05T09:51:16","guid":{"rendered":"https:\/\/comtal.org\/garantizamos-la-emancipacion-del-ebrima\/"},"modified":"2023-12-05T09:58:20","modified_gmt":"2023-12-05T09:58:20","slug":"garantizamos-la-emancipacion-del-ebrima","status":"publish","type":"post","link":"https:\/\/comtal.org\/es\/garantizamos-la-emancipacion-del-ebrima\/","title":{"rendered":"GARANTIZAMOS LA EMANCIPACI\u00d3N DEL EBRIMA"},"content":{"rendered":"<p>[vc_row][vc_column][vc_column_text]En enero del 2022 iniciamos el <a href=\"https:\/\/www.fepa18.org\/projectes\/proyecto-imex\/\" target=\"_blank\" rel=\"noopener\"><span style=\"color: #ff9900;\">Proyecto Itinerarios de Emancipaci\u00f3n de \u00c9xito \u2013IMEX<\/span><\/a>, financiado por la Uni\u00f3n Europea y coordinado por la Federaci\u00f3n de entidades con proyectos y pisos asistidos (FEPA). El proyecto tiene como finalidad crear e implementar un nuevo modelo de referencia europeo para dar apoyo en el proceso de emancipaci\u00f3n de j\u00f3venes extutelados\/as.<\/p>\n<h2><span style=\"color: #ff9900;\"><strong>Derecho al acompa\u00f1amiento, derecho a la emancipaci\u00f3n<\/strong><\/span><\/h2>\n<p>Muchos j\u00f3venes extutelados entre 18 y 25 a\u00f1os, cuando terminan el per\u00edodo en el recurso residencial, <strong>se quedan sin red de apoyo y referentes que les ayuden en sus retos de futuro<\/strong>. A trav\u00e9s del proyecto\u00a0IMEX\u00a0queremos poner en valor la necesidad de profesionalizar la figura del <strong>referente de emancipaci\u00f3n<\/strong>, aquella que acompa\u00f1a en la \u00faltima fase del servicio residencial, o una vez fuera del sistema de acogida, a la persona joven y le <strong>ayuda en las diferentes \u00e1reas de su vida<\/strong>, como en la resoluci\u00f3n de necesidades formativas, sociales o emocionales, en la mejora de su situaci\u00f3n residencial, en temas relacionados con la inserci\u00f3n laboral y\/o en el acompa\u00f1amiento para conseguir la renovaci\u00f3n documental, entre otros tr\u00e1mites administrativos y legales.<\/p>\n<p>\u201c<strong><em>Durante todo el proceso, el acompa\u00f1amiento est\u00e1 centrado en las necesidades y preocupaciones de la persona joven. Trabajamos la autonom\u00eda y el desarrollo personal y emocional para que puedan hacer frente a su proceso de emancipaci\u00f3n con garant\u00edas de \u00e9xito<\/em><\/strong>\u201d \u2013 explica Lorena Mellado, educadora referente del proyecto\u00a0IMEX.[\/vc_column_text][vc_column_text]<\/p>\n<h2><span style=\"color: #ff9900;\"><strong>La experiencia de Ebrima en la Fundaci\u00f3 Comtal<\/strong><\/span><\/h2>\n<p>Ebrima es un joven extutelado de origen senegal\u00e9s vinculado a la Fundaci\u00f3 Comtal como alumno del proyecto Contrueix-te de la <span style=\"color: #ff9900;\"><a style=\"color: #ff9900;\" href=\"https:\/\/comtal.org\/es\/que-hacemos\/escolarizacion-y-formacion\/\">Escuela de Segunda Oportunidad<\/a><\/span> durante el curso 2022-2023.<\/p>\n<p>Inici\u00f3 la formaci\u00f3n estando en un centro de menores, pero pocos meses despu\u00e9s manifest\u00f3 estar angustiado por cumplir la mayor\u00eda de edad, <strong>momento en el cual podr\u00eda encontrarse en situaci\u00f3n de calle, sin ingresos ni vivienda.<\/strong> <strong>Para poder acompa\u00f1ar a Ebrima en su proceso de emancipaci\u00f3n y en todos sus retos de futuro, el equipo de educadoras deriv\u00f3 al joven al proyecto IMEX de la entidad<\/strong>.<\/p>\n<p>Durante estos \u00faltimos meses, Ebrima, de la mano de su referente de emancipaci\u00f3n y el equipo educativo, ha trabajado para combatir las distintas dificultades y situaciones complejas con las que se ha tenido que enfrentar:<\/p>\n<ul>\n<li>A nivel de vivienda, Ebrima ha podido tener <strong>cubierta la parte habitacional<\/strong> en la comunidad de La Salle Gr\u00e0cia.<\/li>\n<li>En colaboraci\u00f3n con servicios sociales, tambi\u00e9n <strong>ha podido cubrir sus necesidades b\u00e1sicas<\/strong> relacionadas con alimentaci\u00f3n e higiene.<\/li>\n<li>A nivel formativo, <strong>finaliz\u00f3 el curso<\/strong> del programa Construeix-te y se matricul\u00f3 en un PFI de Jardiner\u00eda en junio del 2023 con opci\u00f3n a beca para tener cubiertos los gastos de su nueva formaci\u00f3n (matr\u00edcula, transporte durante el curso y materiales).<\/li>\n<li>Y a nivel documental se est\u00e1 trabajando, con apoyo del servicio de asesoramiento jur\u00eddico de la Fundaci\u00f3 Comtal, en la <strong>regularizaci\u00f3n de su situaci\u00f3n documental<\/strong>, a trav\u00e9s de la obtenci\u00f3n de su primer NIE.<\/li>\n<\/ul>\n<p><strong><em>\u201cEstaba preocupado y la Fundaci\u00f3 Comtal me busc\u00f3 habitaci\u00f3n para dormir y alimentaci\u00f3n\u201d<\/em><\/strong>\u2013 <em>Ebrima, participante proyecto IMEX y exalumno de la Escuela de Segunda Oportunidad. <\/em>[\/vc_column_text][vc_video link=\u00bbhttps:\/\/youtu.be\/rcFCoah-sjY\u00bb][vc_column_text]Actualmente, seguimos trabajando con el joven para que pueda seguir estudiando, regularice su situaci\u00f3n administrativa, y encuentre <strong>un trabajo que le permita tener ingresos econ\u00f3micos suficientes para poder llevar una vida aut\u00f3noma e independiente. \u00a1Esperamos que lo consiga muy pronto!<\/strong>[\/vc_column_text][\/vc_column][\/vc_row]<\/p>\n","protected":false},"excerpt":{"rendered":"<p>Trabajamos la autonom\u00eda y el desarrollo personal y emocional para que los y las j\u00f3venes puedan hacer frente a su proceso de emancipaci\u00f3n con garant\u00edas de \u00e9xito<\/p>\n","protected":false},"author":2,"featured_media":26867,"comment_status":"closed","ping_status":"closed","sticky":false,"template":"","format":"standard","meta":{"footnotes":""},"categories":[19],"tags":[],"class_list":["post-26872","post","type-post","status-publish","format-standard","has-post-thumbnail","hentry","category-general-es"],"_links":{"self":[{"href":"https:\/\/comtal.org\/es\/wp-json\/wp\/v2\/posts\/26872","targetHints":{"allow":["GET"]}}],"collection":[{"href":"https:\/\/comtal.org\/es\/wp-json\/wp\/v2\/posts"}],"about":[{"href":"https:\/\/comtal.org\/es\/wp-json\/wp\/v2\/types\/post"}],"author":[{"embeddable":true,"href":"https:\/\/comtal.org\/es\/wp-json\/wp\/v2\/users\/2"}],"replies":[{"embeddable":true,"href":"https:\/\/comtal.org\/es\/wp-json\/wp\/v2\/comments?post=26872"}],"version-history":[{"count":6,"href":"https:\/\/comtal.org\/es\/wp-json\/wp\/v2\/posts\/26872\/revisions"}],"predecessor-version":[{"id":26878,"href":"https:\/\/comtal.org\/es\/wp-json\/wp\/v2\/posts\/26872\/revisions\/26878"}],"wp:featuredmedia":[{"embeddable":true,"href":"https:\/\/comtal.org\/es\/wp-json\/wp\/v2\/media\/26867"}],"wp:attachment":[{"href":"https:\/\/comtal.org\/es\/wp-json\/wp\/v2\/media?parent=26872"}],"wp:term":[{"taxonomy":"category","embeddable":true,"href":"https:\/\/comtal.org\/es\/wp-json\/wp\/v2\/categories?post=26872"},{"taxonomy":"post_tag","embeddable":true,"href":"https:\/\/comtal.org\/es\/wp-json\/wp\/v2\/tags?post=26872"}],"curies":[{"name":"wp","href":"https:\/\/api.w.org\/{rel}","templated":true}]}}