{"id":26848,"date":"2023-11-29T17:48:27","date_gmt":"2023-11-29T17:48:27","guid":{"rendered":"https:\/\/comtal.org\/participamos-en-el-projecto-r-e-s-p-i-r-a\/"},"modified":"2024-01-10T17:02:50","modified_gmt":"2024-01-10T17:02:50","slug":"participamos-en-el-projecto-r-e-s-p-i-r-a","status":"publish","type":"post","link":"https:\/\/comtal.org\/es\/participamos-en-el-projecto-r-e-s-p-i-r-a\/","title":{"rendered":"PARTICIPAMOS EN EL PROYECTO R.E.S.P.I.R.A"},"content":{"rendered":"<h3><span style=\"color: #ff9900;\">\u00bfQu\u00e9 es el proyecto R.E.S.P.I.R.A?<\/span><\/h3>\n<p>R.E.S.P.I.R.A (Repensar Espacios P\u00fablicos Inclusivos y Regeneradores de Aire) es uno de los proyectos ganadores de Ciudad Proactiva, una convocatoria del Ayuntamiento de Barcelona sobre innovaci\u00f3n urbana lanzada por la Fundaci\u00f3n Municipal\u00a0BITHabitat\u00a0<strong>para hacer frente a los nuevos retos de inclusi\u00f3n y sostenibilidad urbana en la ciudad de Barcelona.\u00a0<\/strong><\/p>\n<p>El proyecto tiene como objetivo la <strong>transformaci\u00f3n y mejora del entorno urbano y los espacios p\u00fablicos de la ciudad a trav\u00e9s de la elaboraci\u00f3n de mobiliario urbano inteligente. <\/strong>Est\u00e1 hecho con tecnolog\u00eda catal\u00edtica, una tecnolog\u00eda que purifica el aire.<\/p>\n<p>Se ha desarrollado gracias a <a href=\"https:\/\/noumena.io\/es\/\" target=\"_blank\" rel=\"noopener\">Noumena<\/a>, <a href=\"https:\/\/iaac.net\/?utm_source=google&amp;utm_medium=cpc&amp;utm_id=19748715097&amp;utm_campaign=worldwide_ong_brand-exacta_conversion_prs_text&amp;gad_source=1&amp;gclid=Cj0KCQiA35urBhDCARIsAOU7QwnkIbap9aqqrm6uzyqpr7RGFF_d3k7_1zx3fOh7PuJ24DS9zfyancAaAvf_EALw_wcB\" target=\"_blank\" rel=\"noopener\">IAAC<\/a> (Instituto de Arquitectura Avanzada de Catalu\u00f1a), la Fundaci\u00f3 Comtal y La Asociaci\u00f3n de Vecinos y Vecinas de Poblenou, estos dos \u00faltimos participante en el dise\u00f1o y funcionalidad del mobiliario.<\/p>\n<p><span class=\"responsive\"><a href=\"https:\/\/comtal.org\/wp-content\/uploads\/WhatsApp-Image-2023-06-28-at-12.01.44-1.jpeg\"><img loading=\"lazy\" decoding=\"async\" class=\"alignnone wp-image-26842 size-full\" src=\"https:\/\/comtal.org\/wp-content\/uploads\/WhatsApp-Image-2023-06-28-at-12.01.44-1.jpeg\" alt=\"\" width=\"1536\" height=\"1090\" srcset=\"https:\/\/comtal.org\/wp-content\/uploads\/WhatsApp-Image-2023-06-28-at-12.01.44-1.jpeg 1536w, https:\/\/comtal.org\/wp-content\/uploads\/WhatsApp-Image-2023-06-28-at-12.01.44-1-300x213.jpeg 300w, https:\/\/comtal.org\/wp-content\/uploads\/WhatsApp-Image-2023-06-28-at-12.01.44-1-1024x727.jpeg 1024w, https:\/\/comtal.org\/wp-content\/uploads\/WhatsApp-Image-2023-06-28-at-12.01.44-1-768x545.jpeg 768w, https:\/\/comtal.org\/wp-content\/uploads\/WhatsApp-Image-2023-06-28-at-12.01.44-1-182x129.jpeg 182w\" sizes=\"auto, (max-width: 1536px) 100vw, 1536px\" \/><\/a><\/span><\/p>\n<p>Los elementos se imprimieron en 3D utilizando\u00a0Pure.Tech, un material que absorbe y neutraliza el CO\u2082, contribuyendo a mejorar la calidad del aire.<\/p>\n<p><span class=\"responsive\"><a href=\"https:\/\/comtal.org\/wp-content\/uploads\/https___cdn.evbuc_.com_images_637877849_1257372584113_1_original.jpg\"><img loading=\"lazy\" decoding=\"async\" class=\"alignnone wp-image-26834 size-full\" src=\"https:\/\/comtal.org\/wp-content\/uploads\/https___cdn.evbuc_.com_images_637877849_1257372584113_1_original.jpg\" alt=\"projecte respira\" width=\"600\" height=\"300\" srcset=\"https:\/\/comtal.org\/wp-content\/uploads\/https___cdn.evbuc_.com_images_637877849_1257372584113_1_original.jpg 600w, https:\/\/comtal.org\/wp-content\/uploads\/https___cdn.evbuc_.com_images_637877849_1257372584113_1_original-300x150.jpg 300w, https:\/\/comtal.org\/wp-content\/uploads\/https___cdn.evbuc_.com_images_637877849_1257372584113_1_original-188x94.jpg 188w\" sizes=\"auto, (max-width: 600px) 100vw, 600px\" \/><\/a><\/span><\/p>\n<p>El 15 de diciembre se realiz\u00f3 la inauguraci\u00f3n del resultado del proyecto en el jard\u00edn comunitario Benet Corner para que vecinos y vecinas de Ciudad Vieja puedan disfrutarlo.<\/p>\n<p>Puedes saber m\u00e1s en el <a href=\"https:\/\/beteve.cat\/ciencia-i-tecnologia\/barcelona-posa-prova-bancs-taules-pergoles-absorbeixen-co2\/\" target=\"_blank\" rel=\"noopener\">reportaje de Beteve<\/a><\/p>\n<p><span class=\"responsive\"><a href=\"https:\/\/comtal.org\/wp-content\/uploads\/WhatsApp-Image-2023-11-23-at-15.19.10.jpeg\"><img loading=\"lazy\" decoding=\"async\" class=\"alignnone wp-image-26836 size-full\" src=\"https:\/\/comtal.org\/wp-content\/uploads\/WhatsApp-Image-2023-11-23-at-15.19.10.jpeg\" alt=\"Benet Corner\" width=\"1600\" height=\"900\" srcset=\"https:\/\/comtal.org\/wp-content\/uploads\/WhatsApp-Image-2023-11-23-at-15.19.10.jpeg 1600w, https:\/\/comtal.org\/wp-content\/uploads\/WhatsApp-Image-2023-11-23-at-15.19.10-300x169.jpeg 300w, https:\/\/comtal.org\/wp-content\/uploads\/WhatsApp-Image-2023-11-23-at-15.19.10-1024x576.jpeg 1024w, https:\/\/comtal.org\/wp-content\/uploads\/WhatsApp-Image-2023-11-23-at-15.19.10-768x432.jpeg 768w, https:\/\/comtal.org\/wp-content\/uploads\/WhatsApp-Image-2023-11-23-at-15.19.10-1536x864.jpeg 1536w, https:\/\/comtal.org\/wp-content\/uploads\/WhatsApp-Image-2023-11-23-at-15.19.10-188x106.jpeg 188w\" sizes=\"auto, (max-width: 1600px) 100vw, 1600px\" \/><\/a><\/span><\/p>\n","protected":false},"excerpt":{"rendered":"<p>\u00bfQu\u00e9 es el proyecto R.E.S.P.I.R.A? R.E.S.P.I.R.A (Repensar Espacios P\u00fablicos Inclusivos y Regeneradores de Aire) es uno de los proyectos ganadores de Ciudad Proactiva, una convocatoria del Ayuntamiento de Barcelona sobre [&hellip;]<\/p>\n","protected":false},"author":2,"featured_media":26846,"comment_status":"closed","ping_status":"closed","sticky":false,"template":"","format":"standard","meta":{"footnotes":""},"categories":[19],"tags":[],"class_list":["post-26848","post","type-post","status-publish","format-standard","has-post-thumbnail","hentry","category-general-es"],"_links":{"self":[{"href":"https:\/\/comtal.org\/es\/wp-json\/wp\/v2\/posts\/26848","targetHints":{"allow":["GET"]}}],"collection":[{"href":"https:\/\/comtal.org\/es\/wp-json\/wp\/v2\/posts"}],"about":[{"href":"https:\/\/comtal.org\/es\/wp-json\/wp\/v2\/types\/post"}],"author":[{"embeddable":true,"href":"https:\/\/comtal.org\/es\/wp-json\/wp\/v2\/users\/2"}],"replies":[{"embeddable":true,"href":"https:\/\/comtal.org\/es\/wp-json\/wp\/v2\/comments?post=26848"}],"version-history":[{"count":9,"href":"https:\/\/comtal.org\/es\/wp-json\/wp\/v2\/posts\/26848\/revisions"}],"predecessor-version":[{"id":26950,"href":"https:\/\/comtal.org\/es\/wp-json\/wp\/v2\/posts\/26848\/revisions\/26950"}],"wp:featuredmedia":[{"embeddable":true,"href":"https:\/\/comtal.org\/es\/wp-json\/wp\/v2\/media\/26846"}],"wp:attachment":[{"href":"https:\/\/comtal.org\/es\/wp-json\/wp\/v2\/media?parent=26848"}],"wp:term":[{"taxonomy":"category","embeddable":true,"href":"https:\/\/comtal.org\/es\/wp-json\/wp\/v2\/categories?post=26848"},{"taxonomy":"post_tag","embeddable":true,"href":"https:\/\/comtal.org\/es\/wp-json\/wp\/v2\/tags?post=26848"}],"curies":[{"name":"wp","href":"https:\/\/api.w.org\/{rel}","templated":true}]}}