{"id":26751,"date":"2023-10-16T13:32:18","date_gmt":"2023-10-16T13:32:18","guid":{"rendered":"https:\/\/comtal.org\/?p=26751"},"modified":"2023-10-16T13:38:17","modified_gmt":"2023-10-16T13:38:17","slug":"el-camino-de-la-noha","status":"publish","type":"post","link":"https:\/\/comtal.org\/es\/el-camino-de-la-noha\/","title":{"rendered":"EL CAMINO DE LA NOHA HACIA LA INSERCI\u00d3N LABORAL"},"content":{"rendered":"<p>[vc_row][vc_column][vc_column_text]Noha Miah es una joven de 19 a\u00f1os nacida en Bangladesh. Lleg\u00f3 a Barcelona con 3 a\u00f1os y acompanyada de su familia, momento en el cual inici\u00f3 su periodo de tutela con la DGAIA.<br \/>\nEn el 2022 cumpli\u00f3 la mayor\u00eda de edad, y fue derivada <strong>al <span style=\"color: #333399;\"><a style=\"color: #333399;\" href=\"\/?page_id=25340\">Hogar Santa Caterina<\/a><\/span> de la Fundaci\u00f3 Comtal,<\/strong> <strong>un piso de promoci\u00f3n a la autonom\u00eda hasta los 21 a\u00f1os, donde comparte piso con dos chicas m\u00e1s.<\/strong>[\/vc_column_text][vc_single_image image=\u00bb26739&#8243; img_size=\u00bbfull\u00bb][vc_column_text]<\/p>\n<h2><strong><span style=\"color: #ff9900;\">Una primera inserci\u00f3n laboral muy deseada<\/span><\/strong><\/h2>\n<p>Para fomentar su integraci\u00f3n sociolaboral se acogi\u00f3 como participante en el <span style=\"color: #333399;\"><a style=\"color: #333399;\" href=\"\/?page_id=1865\">programa \u201cIncorpora Joven\u201d<\/a>,<\/span> que posibilita el acceso al mercado de trabajo a personas en situaci\u00f3n o riesgo de exclusi\u00f3n social y tambi\u00e9n ofrece un servicio de intermediaci\u00f3n laboral para empresas que tienen necesidad de cubrir puestos laborales.<\/p>\n<p>En su proceso de inserci\u00f3n al mundo laboral, hemos potenciado sus <span style=\"color: #ff9900;\"><strong>competencias transversales consiguiendo la autonom\u00eda en la busqueda de trabajo<\/strong><\/span>. Gracias a la iniciativa de la joven y a nuestro trabajo en red, la Noha fue seleccionada para realizar una entrevista en el mes de abril del 2023 para trabajar como dependienta de una cafeter\u00eda en la empresa Trigo Muntaners, comprometida con el tejido de empresas del grupo Incorpora.<\/p>\n<p>Durante la entrevista, a pesar de no tener ninguna experiencia profesional previa,<strong><span style=\"color: #ff9900;\"> tuvo la actitud y aptitudes necesarias para conseguir su primer trabajo.<\/span><\/strong><\/p>\n<p><strong>\u201c<em>En el \u00e1rea laboral me han ense\u00f1ado a hacer un buen curr\u00edculum, a prepararme para las entrevistas, a descubrir cuales son los mejores portales para buscar trabajo, y tambi\u00e9n a confiar en mis capacidades. Con mi esfuerzo y el apoyo de laboral y de mis educadoras referentes, he conseguido mi primer trabajo. Estoy muy contenta<\/em>\u201d<\/strong>&#8211; Noha Miah, beneficiaria del \u00e1rea residencial de la Fundaci\u00f3 Comtal.[\/vc_column_text][vc_single_image image=\u00bb26744&#8243; img_size=\u00bbfull\u00bb][vc_column_text]<strong><em>\u00abEl hecho de que Noha encontrara su primera experiencia profesional, le ha permitido madurar y potenciar sus habilidades sociales y comunicativas\u00bb<\/em><\/strong>&#8211; \u00c0lex, t\u00e9cinco de orientaci\u00f3n e inserci\u00f3n de la Fundaci\u00f3 Comtal.<\/p>\n<p>Noha actualmente, ha iniciado un grado superior de educaci\u00f3n infantil. Le deseamos muchos \u00e9xitos en esta nueva etapa formativa y la felicitamos por todo lo que ha conseguido. <span style=\"color: #ff9900;\"><strong>\u00a1Enhorabuena Noha, el futuro es tuyo!<\/strong><\/span>[\/vc_column_text][\/vc_column][\/vc_row]<\/p>\n","protected":false},"excerpt":{"rendered":"<p>[vc_row][vc_column][vc_column_text]Noha Miah es una joven de 19 a\u00f1os nacida en Bangladesh. Lleg\u00f3 a Barcelona con 3 a\u00f1os y acompanyada de su familia, momento en el cual inici\u00f3 su periodo de [&hellip;]<\/p>\n","protected":false},"author":2,"featured_media":26738,"comment_status":"closed","ping_status":"closed","sticky":false,"template":"","format":"standard","meta":{"footnotes":""},"categories":[19],"tags":[],"class_list":["post-26751","post","type-post","status-publish","format-standard","has-post-thumbnail","hentry","category-general-es"],"_links":{"self":[{"href":"https:\/\/comtal.org\/es\/wp-json\/wp\/v2\/posts\/26751","targetHints":{"allow":["GET"]}}],"collection":[{"href":"https:\/\/comtal.org\/es\/wp-json\/wp\/v2\/posts"}],"about":[{"href":"https:\/\/comtal.org\/es\/wp-json\/wp\/v2\/types\/post"}],"author":[{"embeddable":true,"href":"https:\/\/comtal.org\/es\/wp-json\/wp\/v2\/users\/2"}],"replies":[{"embeddable":true,"href":"https:\/\/comtal.org\/es\/wp-json\/wp\/v2\/comments?post=26751"}],"version-history":[{"count":15,"href":"https:\/\/comtal.org\/es\/wp-json\/wp\/v2\/posts\/26751\/revisions"}],"predecessor-version":[{"id":26772,"href":"https:\/\/comtal.org\/es\/wp-json\/wp\/v2\/posts\/26751\/revisions\/26772"}],"wp:featuredmedia":[{"embeddable":true,"href":"https:\/\/comtal.org\/es\/wp-json\/wp\/v2\/media\/26738"}],"wp:attachment":[{"href":"https:\/\/comtal.org\/es\/wp-json\/wp\/v2\/media?parent=26751"}],"wp:term":[{"taxonomy":"category","embeddable":true,"href":"https:\/\/comtal.org\/es\/wp-json\/wp\/v2\/categories?post=26751"},{"taxonomy":"post_tag","embeddable":true,"href":"https:\/\/comtal.org\/es\/wp-json\/wp\/v2\/tags?post=26751"}],"curies":[{"name":"wp","href":"https:\/\/api.w.org\/{rel}","templated":true}]}}