{"id":26586,"date":"2023-10-02T09:57:53","date_gmt":"2023-10-02T09:57:53","guid":{"rendered":"https:\/\/comtal.org\/?p=26586"},"modified":"2023-10-19T10:26:37","modified_gmt":"2023-10-19T10:26:37","slug":"30-anos-reescribiendo-futuro","status":"publish","type":"post","link":"https:\/\/comtal.org\/es\/30-anos-reescribiendo-futuro\/","title":{"rendered":"30 A\u00d1OS REESCRIBIENDO FUTURO"},"content":{"rendered":"<p>[vc_row][vc_column][vc_column_text]Este curso celebramos nuestro 30 cumplea\u00f1os. <strong>30 a\u00f1os de intervenci\u00f3n socioeducativa y laboral en el Casco Antiguo de Barcelona<\/strong>, 30 a\u00f1os revirtiendo las desigualdades, trabajando d\u00eda a d\u00eda para mejorar el bienestar y el futuro de las personas que atendemos y lo queremos celebrar con todos y todas vosotras, porque sin vuestro apoyo y confianza, no hubiera estado posible![\/vc_column_text][vc_video link=\u00bbhttps:\/\/www.youtube.com\/watch?v=Z8B2IRr-YwE&amp;t=29s\u00bb][vc_column_text]<\/p>\n<h2><span style=\"color: #ff9900;\">30 a\u00f1os ACOGIENDO<\/span><\/h2>\n<p><strong>Con un equipo educativo que hace que los ni\u00f1os y j\u00f3venes que viven separados de su familia, es sientan como casa.<\/strong><\/p>\n<h2><span style=\"color: #ff9900;\">30 a\u00f1os EDUCANDO<\/span><\/h2>\n<p><strong>Apoyando educativo, emocional y l\u00fadico en horario escolar y extraescolar para que ni\u00f1os y j\u00f3venes tengan oportunidades de futuro.<\/strong><\/p>\n<h2><span style=\"color: #ff9900;\">30 a\u00f1os ORIENTANDO<\/span><\/h2>\n<p><strong>Favoreciendo la integraci\u00f3n social de las personas que lo necesitan y defendiendo sus derechos laborales, de extranjer\u00eda y vivienda.<br \/>\n<\/strong>30 a\u00f1os promoviendo la mejora de su empleabilidad.<\/p>\n<p>Queremos que estos 30 a\u00f1os sirvan para conseguir recoger el impacte de nuestra acci\u00f3n social, agradecer a todas los Administraciones P\u00fablicas, organizaciones, entidades, empresas y persones su implicaci\u00f3n, que ha hecho posible nuestra labor, y visibilizar los retos que tenemos para continuar transformando la realidad de los ninos\/as, adolescentes y j\u00f3venes que atendemos, as\u00ed como de sus familias.<\/p>\n<p>Por eso os invitamos a los diferentes actos que estamos organizando:<\/p>\n<p><strong><span style=\"color: #ff9900;\">Acto institucional #30AnysReescrivintFutur. 29 de febrero. 19h.<\/span><\/strong><\/p>\n<p>Con la intervenci\u00f3n de Felipe Campos, director general de l\u2019Associaci\u00f3 Educativa Itaca y Consejero Delegado de Aguas de Barcelona, y la participaci\u00f3n de joves de la Fundaci\u00f3 Comtal.<\/p>\n<p><strong><span style=\"color: #ff9900;\">Fiesta de Sant Jordi. 23 de abril. De 9h a 19h.<\/span><\/strong><\/p>\n<p>Estand de sensibilizaci\u00f3n ante el Mercado de Santa Caterina, con venda de rosas, puntos de libros y muchas sorpresas m\u00e1s.<\/p>\n<p><span style=\"color: #ff9900;\"><strong>Cena Solidaria #30AnysReescrivimFutur. Finales de mayo.\u00a020h<\/strong><\/span><\/p>\n<p>Durante la cena podr\u00e1s probar un men\u00fa degustaci\u00f3n con bebida y postre, disfrutar de un espect\u00e1culo de magia a cargo del Mago Gam Tarr\u00e9s y participar en el sorteo de vales y regalos.<\/p>\n<p><strong><span style=\"color: #ff9900;\">Actividad comunitaria en el marco de la FM del Casco Antiguo de Barcelona. De\u00a011h\u00a0a\u00a014h.<\/span><\/strong><\/p>\n<p>Torneo de f\u00fatbol organizado por la Escuela de Segunda Oportunidad de la Fundaci\u00f3 Comtal.<\/p>\n<p>Juntos y juntas hemos conseguido acompa\u00f1ar a<strong> 56.000 ni\u00f1os, j\u00f3venes y familias, y hemos llevado a cabo 22 proyectos para mejorar la educaci\u00f3n, la formaci\u00f3n, la orientaci\u00f3n, la inserci\u00f3n laboral, la capacitaci\u00f3n tecnol\u00f3gica, la protecci\u00f3n y el bienestar de los persones que atendemos.<\/strong><\/p>\n<p>Y todo gracias a:<\/p>\n<ul>\n<li><strong>366 organizaciones, empresas y entidades col\u00b7laboradores<\/strong><\/li>\n<li><strong>312 persones amigues y donants<\/strong><\/li>\n<li><strong>1.100 persones voluntarias que han apostado por nosotros<\/strong><\/li>\n<\/ul>\n<p><span style=\"color: #ff9900;\">GRACIAS POR EL APOYO Y CONFIANZA!<\/span>[\/vc_column_text][\/vc_column][\/vc_row]<\/p>\n","protected":false},"excerpt":{"rendered":"<p>La Fundaci\u00f3 Comtal celebra 30 a\u00f1os de intervenci\u00f3 socioeducativa y laboral al Casc Antic de Barcelona<\/p>\n","protected":false},"author":2,"featured_media":26295,"comment_status":"closed","ping_status":"closed","sticky":false,"template":"","format":"standard","meta":{"footnotes":""},"categories":[22,25,28,30],"tags":[],"class_list":["post-26586","post","type-post","status-publish","format-standard","has-post-thumbnail","hentry","category-colaboradores","category-fundacioncomtal","category-solidaridad","category-voluntariado"],"_links":{"self":[{"href":"https:\/\/comtal.org\/es\/wp-json\/wp\/v2\/posts\/26586","targetHints":{"allow":["GET"]}}],"collection":[{"href":"https:\/\/comtal.org\/es\/wp-json\/wp\/v2\/posts"}],"about":[{"href":"https:\/\/comtal.org\/es\/wp-json\/wp\/v2\/types\/post"}],"author":[{"embeddable":true,"href":"https:\/\/comtal.org\/es\/wp-json\/wp\/v2\/users\/2"}],"replies":[{"embeddable":true,"href":"https:\/\/comtal.org\/es\/wp-json\/wp\/v2\/comments?post=26586"}],"version-history":[{"count":11,"href":"https:\/\/comtal.org\/es\/wp-json\/wp\/v2\/posts\/26586\/revisions"}],"predecessor-version":[{"id":26784,"href":"https:\/\/comtal.org\/es\/wp-json\/wp\/v2\/posts\/26586\/revisions\/26784"}],"wp:featuredmedia":[{"embeddable":true,"href":"https:\/\/comtal.org\/es\/wp-json\/wp\/v2\/media\/26295"}],"wp:attachment":[{"href":"https:\/\/comtal.org\/es\/wp-json\/wp\/v2\/media?parent=26586"}],"wp:term":[{"taxonomy":"category","embeddable":true,"href":"https:\/\/comtal.org\/es\/wp-json\/wp\/v2\/categories?post=26586"},{"taxonomy":"post_tag","embeddable":true,"href":"https:\/\/comtal.org\/es\/wp-json\/wp\/v2\/tags?post=26586"}],"curies":[{"name":"wp","href":"https:\/\/api.w.org\/{rel}","templated":true}]}}