{"id":26357,"date":"2024-07-07T11:07:40","date_gmt":"2024-07-07T11:07:40","guid":{"rendered":"https:\/\/comtal.org\/?p=26357"},"modified":"2024-07-08T08:20:03","modified_gmt":"2024-07-08T08:20:03","slug":"centrando-esfuerzos-por-la-igualdad-de-oportunidades","status":"publish","type":"post","link":"https:\/\/comtal.org\/es\/centrando-esfuerzos-por-la-igualdad-de-oportunidades\/","title":{"rendered":"TRABAJANDO POR LA IGUALDAD"},"content":{"rendered":"<p>[vc_row][vc_column][vc_column_text]En un a\u00f1o de complejidad econ\u00f3mica, la Fundaci\u00f3n ha continuado llevando a cabo su labor para reducir las desigualdades y ofrecer alternativas sociolaborales y educativas.<\/p>\n<p>Este a\u00f1o, por ejemplo, hemos abierto un nuevo hogar, el hogar Germ\u00e0 Salvador para apoyar y dar protecci\u00f3n a j\u00f3venes mayores de edad sin ninguna red de apoyo con el objetivo final que obtengan <strong>la\u00a0plena autonom\u00eda y emancipaci\u00f3n<\/strong>; hemos otorgado m\u00e1s de 110 beques comedor, de ocio y\/o formaci\u00f3n; y hemos prestado especial atenci\u00f3n a mejorar el bienestar emocional de las personas que atendemos.<\/p>\n<p><strong>Ha sido un curso tambi\u00e9n marcado por la solidaridad de muchas personas, empresas y entidades. Gracias a esta solidaridad, m\u00e1s de 2.100 personas han podido reescribir su futuro.<\/strong><\/p>\n<p>Para dar respuesta a sus necesidades hemos desarrollado varias campa\u00f1as durante Navidad, Sant Jordi y verano con las que hemos conseguido:<\/p>\n<ul>\n<li><strong>19.051,48\u20ac que hemos destinado a comprar material escolar, de higiene, ropa, alimentos y juguetes a los ni\u00f1os\/as que atendemos.\u00a0<\/strong><\/li>\n<li><strong>22.531\u20ac que hemos destinado a becas educativas y refuerzo escolar.<\/strong><\/li>\n<li><strong>4.036,31\u20ac destinado a financiar parte de las actividades de verano y colonias de 89 ni\u00f1os\/as, adolescentes y j\u00f3venes, con el objetivo de garantizar que vivan el verano de forma inclusiva, divertida y saludable.<\/strong><\/li>\n<\/ul>\n<p><span style=\"color: #ff9900;\"><strong>ACOMPA\u00d1AMIENTO SOCIOEDUCATIVO<\/strong><\/span><\/p>\n<p><span class=\"responsive\"><a href=\"https:\/\/comtal.org\/wp-content\/uploads\/exits-assolits.jpg\"><img loading=\"lazy\" decoding=\"async\" class=\"alignnone wp-image-27410 size-large\" src=\"https:\/\/comtal.org\/wp-content\/uploads\/exits-assolits-1024x683.jpg\" alt=\"infants\" width=\"1024\" height=\"683\" srcset=\"https:\/\/comtal.org\/wp-content\/uploads\/exits-assolits-1024x683.jpg 1024w, https:\/\/comtal.org\/wp-content\/uploads\/exits-assolits-300x200.jpg 300w, https:\/\/comtal.org\/wp-content\/uploads\/exits-assolits-768x512.jpg 768w, https:\/\/comtal.org\/wp-content\/uploads\/exits-assolits-1536x1024.jpg 1536w, https:\/\/comtal.org\/wp-content\/uploads\/exits-assolits-188x125.jpg 188w, https:\/\/comtal.org\/wp-content\/uploads\/exits-assolits.jpg 1920w\" sizes=\"auto, (max-width: 1024px) 100vw, 1024px\" \/><\/a><\/span><\/p>\n<p>En el \u00e1rea socioeducativa de la Fundaci\u00f3 Comtal hemos atendido 98 familias y hemos conseguido:<\/p>\n<ul>\n<li>Ofrecer m\u00e1s de 72<strong> tarjetas en bienes<\/strong> del programa CaixaProinfancia para que puedan comprar material escolar, alimentaci\u00f3n y productos de higiene a sus hijos e hijas.<\/li>\n<li>Ofrecer <strong>apoyo psicol\u00f3gico<\/strong> a 41 ni\u00f1os\/as, j\u00f3venes y familias mediante 298 sesiones de terapia para que aborden sus miedos y angustias.<\/li>\n<li>Garantizar el derecho al ocio y cubrir las necesidades de alimentaci\u00f3n de 89 ni\u00f1os, adolescentes y j\u00f3venes durante el verano, con <strong>74 ni\u00f1os becados por actividades de verano y 34 ni\u00f1os becados con becas comedor.<\/strong><\/li>\n<li>Apoyo a la escolarizaci\u00f3n mediante <strong>75 planes educativos<\/strong> y consiguiendo que el 97% de ni\u00f1os\/as, adolescentes y j\u00f3venes promocionen de curso.<\/li>\n<li>Hacer un acompa\u00f1amiento familiar integral mediante <strong>77 planes de trabajo familiares.<\/strong><\/li>\n<\/ul>\n<p><strong><span style=\"color: #ff9900;\">FORMACI\u00d3N E INSERCI\u00d3N<\/span><\/strong><\/p>\n<p>En La Escuela de Segunda Oportunidad de la Fundaci\u00f3 Comtal hemos atendido un total de 51 de j\u00f3venes y adolescentes que estaban en situaci\u00f3n de riesgo por abandono formativo prematuro. Les hemos ofrecido una formaci\u00f3n adaptada, profesionalizada y con una atenci\u00f3n personalizada.<\/p>\n<p><span class=\"responsive\"><a href=\"https:\/\/comtal.org\/wp-content\/uploads\/pfi.jpeg\"><img loading=\"lazy\" decoding=\"async\" class=\"alignnone wp-image-27412 size-large\" src=\"https:\/\/comtal.org\/wp-content\/uploads\/pfi-1024x682.jpeg\" alt=\"cuina\" width=\"1024\" height=\"682\" srcset=\"https:\/\/comtal.org\/wp-content\/uploads\/pfi-1024x682.jpeg 1024w, https:\/\/comtal.org\/wp-content\/uploads\/pfi-300x200.jpeg 300w, https:\/\/comtal.org\/wp-content\/uploads\/pfi-768x512.jpeg 768w, https:\/\/comtal.org\/wp-content\/uploads\/pfi-1536x1024.jpeg 1536w, https:\/\/comtal.org\/wp-content\/uploads\/pfi-188x125.jpeg 188w, https:\/\/comtal.org\/wp-content\/uploads\/pfi.jpeg 2000w\" sizes=\"auto, (max-width: 1024px) 100vw, 1024px\" \/><\/a><\/span><\/p>\n<p>Hemos conseguido <strong>mejorar sus competencias b\u00e1sicas, transversales y digitales<\/strong> gracias al trabajo en equipo, el esfuerzo y la implicaci\u00f3n de todo el equipo educativo. Tambi\u00e9n hemos ofrecido un espacio de apoyo psicol\u00f3gico por el alumnado que m\u00e1s lo necesitaba.<\/p>\n<p>Todo este trabajo ha hecho posible que:<\/p>\n<ul>\n<li>El 82% de los y las j\u00f3venes realicen pr\u00e1cticas laborales con \u00e9xito.<\/li>\n<li>El 82% del alumnado del PFI consiga un certificado oficial formativo.<\/li>\n<li>El 82% de los j\u00f3venes del PFI consigan superar con \u00e9xito la prueba de acceso a CFGM.<\/li>\n<li>El 88% de los j\u00f3venes de la escuela consigan trayectorias de \u00e9xito.<\/li>\n<li>El 73% contin\u00fae form\u00e1ndose el pr\u00f3ximo curso.<\/li>\n<li>El 88% mejoren sus competencias transversales.<\/li>\n<\/ul>\n<p>Des de la Fundaci\u00f3n felicitamos el trabajo hecho y animamos el alumnado a continuar reescribiendo su futuro!<\/p>\n<p>Desde el programa Incorpora, Incorpora joven y Punto formativo Incorpora hemos continuado trabajando y acompa\u00f1ante en las personas usuarias de los diferentes programas con el objetivo de <strong>mejorar tanto sus necesidades b\u00e1sicas como sus competencias sociales, formativas y ocupacionales.<\/strong><\/p>\n<p><strong>Gracias al trabajo hecho, se ha atendido adem\u00e1s de 280 personas usuarias y hemos conseguido 95 inserciones laborales. Aun as\u00ed hemos creado 51 ofertas de intermediaci\u00f3n laboral gracias a nuestra red empresarial.<\/strong><\/p>\n<p>En t\u00e9rminos de formaci\u00f3n por la mejora de la empleabilidad destacamos el buen recibimiento y realizaci\u00f3n del curso\u00a0 \u00abLos fogones de la inserci\u00f3n\u00bb. Con gran satisfacci\u00f3n, 13 alumnos consiguieron lograr con \u00e9xito esta etapa formativa, abri\u00e9ndose as\u00ed nuevas oportunidades laborales dentro del campo del\u00a0hosteleria\u00a0y la restauraci\u00f3n.<\/p>\n<p><strong><span style=\"color: #ff9900;\">ESPACIO TECNOL\u00d3GICO TRIA<\/span><\/strong><\/p>\n<p><span class=\"responsive\"><a href=\"https:\/\/comtal.org\/wp-content\/uploads\/garagelab.jpeg\"><img loading=\"lazy\" decoding=\"async\" class=\"alignnone wp-image-27414 size-large\" src=\"https:\/\/comtal.org\/wp-content\/uploads\/garagelab-1024x768.jpeg\" alt=\"garagelab\" width=\"1024\" height=\"768\" srcset=\"https:\/\/comtal.org\/wp-content\/uploads\/garagelab-1024x768.jpeg 1024w, https:\/\/comtal.org\/wp-content\/uploads\/garagelab-300x225.jpeg 300w, https:\/\/comtal.org\/wp-content\/uploads\/garagelab-768x576.jpeg 768w, https:\/\/comtal.org\/wp-content\/uploads\/garagelab-1536x1152.jpeg 1536w, https:\/\/comtal.org\/wp-content\/uploads\/garagelab-172x129.jpeg 172w, https:\/\/comtal.org\/wp-content\/uploads\/garagelab.jpeg 1600w\" sizes=\"auto, (max-width: 1024px) 100vw, 1024px\" \/><\/a><\/span><\/p>\n<p>Tambi\u00e9n <strong>hemos mejorado las competencias digitales y reducido la bercha digital de 497 personas<\/strong> gracias a las posibilidades que ofrece el proyecto Punto \u00d2mnia Tria y GarageLab de la entidad.<\/p>\n<p><span style=\"color: #ff9900;\"><strong>\u00c1REA RESIDENCIAL<\/strong><\/span><\/p>\n<p>Cerramos el curso satisfechos y satisfechas de haber dado respuesta a las necesidades de ni\u00f1os\/as y j\u00f3venes del \u00e1rea residencial. Y todo gracias al trabajo en red y el apoyo del servicio de orientaci\u00f3n laboral de la casa, el servicio de apoyo psicol\u00f3gico y el programa de mentor\u00eda y voluntariado de la entidad, entre muchos otros.<\/p>\n<p>Estos han sido los \u00e9xitos logrados en el Hogar Germ\u00e0 Adri\u00e0:<\/p>\n<ul>\n<li><strong>El 100% de los j\u00f3venes contin\u00faan su proceso de formaci\u00f3n y autonom\u00eda.<\/strong><\/li>\n<li><strong>El 100% de los j\u00f3venes ha conseguido su documentaci\u00f3n.<\/strong><\/li>\n<li>El 100% de los j\u00f3venes que ten\u00edan beca de estudios han podido renovarla por el curso pr\u00f3ximo.<\/li>\n<\/ul>\n<p>En el Hogar Les Corts:<\/p>\n<ul>\n<li><strong>El 80% de los j\u00f3venes logran y contin\u00faan avanzando en sus itinerarios formativos.<\/strong><\/li>\n<li>El 20% de los j\u00f3venes han conseguido la nacionalidad este curso.<\/li>\n<li>El 60% de los j\u00f3venes est\u00e1n trabajando o han trabajado durante este curso.<\/li>\n<li>El 75% de los j\u00f3venes han renovado la beca de estudios para el\u00a0 pr\u00f3ximo curso.<\/li>\n<\/ul>\n<p>En el Hogar Santa Caterina:<\/p>\n<ul>\n<li>El 66,7% de las chicas estan en un proceso formativo.<\/li>\n<li>El 33,3% de las chicas ha trabajado este curso.<\/li>\n<li>El 100% de las chicas ha conseguido tramitar su documentaci\u00f3n.<\/li>\n<li><strong>El 100% de las chicas que ten\u00edan beca de estudios han podido renovarla para el pr\u00f3ximo curso.<\/strong><\/li>\n<\/ul>\n<p>En cuanto al CRAE La Salle, hemos dado respuesta a:<\/p>\n<ul>\n<li>Un 87.5% de los ni\u00f1os\/as y j\u00f3venes han sido atendidos por servicios especializados de salud mental para mejorar su bienestar emocional.<\/li>\n<li>El 100% de los ni\u00f1os\/as y adolescentes han disfrutado de actividades socioeducativas y ocio durante todo el a\u00f1o.<\/li>\n<li><strong>El 100% promocionan de curso con buenos resultados.<\/strong><\/li>\n<\/ul>\n<p><span style=\"color: #ff9900;\"><strong>ACCIONES COMUNITARIAS<\/strong><\/span><\/p>\n<p>Este a\u00f1o <strong>han disfrutado del espacio comunitario Benet\u00a0Corner\u00a0m\u00e1s de 659\u00a0personas, y hemos podido hacer 194 actividades de ocio y formaci\u00f3n<\/strong>.<br \/>\nEsperamos el pr\u00f3ximo a\u00f1o poder continuar haciendo barrio y que os anim\u00e9is a disfrutar del espacio y de las diferentes acciones que estamos preparando para todos los gustos y edades!<\/p>\n<p><span class=\"responsive\"><\/p>\n<p><a href=\"https:\/\/comtal.org\/wp-content\/uploads\/WhatsApp-Image-2024-07-02-at-14.20.37-scaled.jpeg\"><img loading=\"lazy\" decoding=\"async\" class=\"wp-image-27417 size-large\" src=\"https:\/\/comtal.org\/wp-content\/uploads\/WhatsApp-Image-2024-07-02-at-14.20.37-1024x636.jpeg\" alt=\"Benet Corner\" width=\"1024\" height=\"636\" srcset=\"https:\/\/comtal.org\/wp-content\/uploads\/WhatsApp-Image-2024-07-02-at-14.20.37-1024x636.jpeg 1024w, https:\/\/comtal.org\/wp-content\/uploads\/WhatsApp-Image-2024-07-02-at-14.20.37-300x186.jpeg 300w, https:\/\/comtal.org\/wp-content\/uploads\/WhatsApp-Image-2024-07-02-at-14.20.37-768x477.jpeg 768w, https:\/\/comtal.org\/wp-content\/uploads\/WhatsApp-Image-2024-07-02-at-14.20.37-1536x954.jpeg 1536w, https:\/\/comtal.org\/wp-content\/uploads\/WhatsApp-Image-2024-07-02-at-14.20.37-2048x1272.jpeg 2048w, https:\/\/comtal.org\/wp-content\/uploads\/WhatsApp-Image-2024-07-02-at-14.20.37-188x117.jpeg 188w\" sizes=\"auto, (max-width: 1024px) 100vw, 1024px\" \/><\/a><\/p>\n<p><\/span><\/p>\n<p><span style=\"color: #ff9900;\"><strong>FELIZ VERNAO, NOS VEMOS EN SETIEMBRE!\u00a0<\/strong><\/span><\/p>\n<p>Volvemos en septiembre con la energ\u00eda renovada y un objetivo fijo; el acompa\u00f1amiento socioeducativo y laboral de las personas que atendemos.<br \/>\n<strong>Muy buen verano a todas!<\/strong>[\/vc_column_text][\/vc_column][\/vc_row]<\/p>\n","protected":false},"excerpt":{"rendered":"<p>[vc_row][vc_column][vc_column_text]En un a\u00f1o de complejidad econ\u00f3mica, la Fundaci\u00f3n ha continuado llevando a cabo su labor para reducir las desigualdades y ofrecer alternativas sociolaborales y educativas. Este a\u00f1o, por ejemplo, hemos [&hellip;]<\/p>\n","protected":false},"author":2,"featured_media":26339,"comment_status":"closed","ping_status":"closed","sticky":false,"template":"","format":"standard","meta":{"footnotes":""},"categories":[24,411,19],"tags":[],"class_list":["post-26357","post","type-post","status-publish","format-standard","has-post-thumbnail","hentry","category-educacion","category-formacion-es","category-general-es"],"_links":{"self":[{"href":"https:\/\/comtal.org\/es\/wp-json\/wp\/v2\/posts\/26357","targetHints":{"allow":["GET"]}}],"collection":[{"href":"https:\/\/comtal.org\/es\/wp-json\/wp\/v2\/posts"}],"about":[{"href":"https:\/\/comtal.org\/es\/wp-json\/wp\/v2\/types\/post"}],"author":[{"embeddable":true,"href":"https:\/\/comtal.org\/es\/wp-json\/wp\/v2\/users\/2"}],"replies":[{"embeddable":true,"href":"https:\/\/comtal.org\/es\/wp-json\/wp\/v2\/comments?post=26357"}],"version-history":[{"count":15,"href":"https:\/\/comtal.org\/es\/wp-json\/wp\/v2\/posts\/26357\/revisions"}],"predecessor-version":[{"id":27422,"href":"https:\/\/comtal.org\/es\/wp-json\/wp\/v2\/posts\/26357\/revisions\/27422"}],"wp:featuredmedia":[{"embeddable":true,"href":"https:\/\/comtal.org\/es\/wp-json\/wp\/v2\/media\/26339"}],"wp:attachment":[{"href":"https:\/\/comtal.org\/es\/wp-json\/wp\/v2\/media?parent=26357"}],"wp:term":[{"taxonomy":"category","embeddable":true,"href":"https:\/\/comtal.org\/es\/wp-json\/wp\/v2\/categories?post=26357"},{"taxonomy":"post_tag","embeddable":true,"href":"https:\/\/comtal.org\/es\/wp-json\/wp\/v2\/tags?post=26357"}],"curies":[{"name":"wp","href":"https:\/\/api.w.org\/{rel}","templated":true}]}}