{"id":26217,"date":"2023-05-24T09:35:56","date_gmt":"2023-05-24T09:35:56","guid":{"rendered":"https:\/\/comtal.org\/celebramos-la-v-cena-solidaria-por-una-buena-causa\/"},"modified":"2023-05-24T10:00:03","modified_gmt":"2023-05-24T10:00:03","slug":"celebramos-la-v-cena-solidaria-por-una-buena-causa","status":"publish","type":"post","link":"https:\/\/comtal.org\/es\/celebramos-la-v-cena-solidaria-por-una-buena-causa\/","title":{"rendered":"V CENA SOLIDARIA POR UNA BUENA CAUSA"},"content":{"rendered":"<p>[vc_row][vc_column][vc_column_text]<\/p>\n<p>El pasado viernes 19 de mayo celebramos la V Cena Solidario #ReescrivimFutur.<\/p>\n<p>Gracias a todas las personas solidarias que han asistido a la cena, y a las que colaboraron con la fila 0, h<strong>emos conseguido 2.052\u20ac que se destinar\u00e1 a financiar parte de las actividades del Casal de Verano y las colonias de 103 ni\u00f1os, adolescentes y j\u00f3venes en situaci\u00f3n de vulnerabilidad.<\/strong><\/p>\n<p>De este modo, haremos posible el verano que se merecen y necesitan y <strong>garantizaremos que vivan el verano de forma inclusiva, divertida y saludable.<\/strong><\/p>\n<p><strong>105 personas invitadas nos acompa\u00f1aron durante la cena y 36 adolescentes y j\u00f3venes de la Fundaci\u00f3<\/strong> Comtal colaboraron durante el acontecimiento, en una noche muy especial, llena de alegr\u00eda, magia, buena compa\u00f1\u00eda, reencuentros e ilusi\u00f3n compartida.<\/p>\n<p><span class=\"responsive\"><a href=\"https:\/\/comtal.org\/wp-content\/uploads\/WhatsApp-Image-2023-05-22-at-16.58.50.jpeg\"><img loading=\"lazy\" decoding=\"async\" class=\"alignnone wp-image-26201 size-large\" src=\"https:\/\/comtal.org\/wp-content\/uploads\/WhatsApp-Image-2023-05-22-at-16.58.50-1024x461.jpeg\" alt=\"assistents sopar solaidari\" width=\"960\" height=\"432\" srcset=\"https:\/\/comtal.org\/wp-content\/uploads\/WhatsApp-Image-2023-05-22-at-16.58.50-1024x461.jpeg 1024w, https:\/\/comtal.org\/wp-content\/uploads\/WhatsApp-Image-2023-05-22-at-16.58.50-300x135.jpeg 300w, https:\/\/comtal.org\/wp-content\/uploads\/WhatsApp-Image-2023-05-22-at-16.58.50-768x346.jpeg 768w, https:\/\/comtal.org\/wp-content\/uploads\/WhatsApp-Image-2023-05-22-at-16.58.50-1536x691.jpeg 1536w, https:\/\/comtal.org\/wp-content\/uploads\/WhatsApp-Image-2023-05-22-at-16.58.50-188x85.jpeg 188w, https:\/\/comtal.org\/wp-content\/uploads\/WhatsApp-Image-2023-05-22-at-16.58.50.jpeg 1600w\" sizes=\"auto, (max-width: 960px) 100vw, 960px\" \/><\/a><\/span><\/p>\n<p>El acto empez\u00f3 con un c\u00f3ctel de bienvenida y la visualizaci\u00f3n de un\u00a0video\u00a0resumen con el impacto del trabajo hecho durante el primero y segundo trimestre del curso:<\/p>\n<p>[\/vc_column_text][vc_video link=\u00bbhttps:\/\/youtu.be\/aGK78IIYMRM\u00bb][vc_column_text]<\/p>\n<p>El equipo de cocina y servicio de la<strong> Escuela de Segunda Oportunidad<\/strong>\u00a0fue uno de los grandes protagonistas de la noche, quien se <strong>encarg\u00f3 de hacer el men\u00fa degustaci\u00f3n de la cena y el servicio durante el acto.<\/strong> Como siempre, hicieron un trabajo espectacular, ofreciendo una comida buen\u00edsima y un servicio inmejorable.<\/p>\n<p><span class=\"responsive\"><a href=\"https:\/\/comtal.org\/wp-content\/uploads\/WhatsApp-Image-2023-05-22-at-16.58.51-e1684787989227.jpeg\"><img loading=\"lazy\" decoding=\"async\" class=\"alignnone wp-image-26191 size-large\" src=\"https:\/\/comtal.org\/wp-content\/uploads\/WhatsApp-Image-2023-05-22-at-16.58.51-e1684787989227-1024x656.jpeg\" alt=\"V sopar solidari Fundaci\u00f3 Comtal\" width=\"960\" height=\"615\" srcset=\"https:\/\/comtal.org\/wp-content\/uploads\/WhatsApp-Image-2023-05-22-at-16.58.51-e1684787989227-1024x656.jpeg 1024w, https:\/\/comtal.org\/wp-content\/uploads\/WhatsApp-Image-2023-05-22-at-16.58.51-e1684787989227-300x192.jpeg 300w, https:\/\/comtal.org\/wp-content\/uploads\/WhatsApp-Image-2023-05-22-at-16.58.51-e1684787989227-768x492.jpeg 768w, https:\/\/comtal.org\/wp-content\/uploads\/WhatsApp-Image-2023-05-22-at-16.58.51-e1684787989227-188x120.jpeg 188w, https:\/\/comtal.org\/wp-content\/uploads\/WhatsApp-Image-2023-05-22-at-16.58.51-e1684787989227.jpeg 1124w\" sizes=\"auto, (max-width: 960px) 100vw, 960px\" \/><\/a><\/span><\/p>\n<p>Un completo acierto y placer fue poder contar con la <strong>solidaridad y el talento del Mago\u00a0Gam\u00a0Tarr\u00e9s<\/strong>, qui\u00e9n nos ofreci\u00f3 durante la cena diferentes espect\u00e1culos de magia cerca. As\u00ed como la participaci\u00f3n del m\u00fasico\u00a0Aftab, joven de uno de los pisos de promoci\u00f3n a la autonom\u00eda de la entidad que hace 2 a\u00f1os que aprendi\u00f3 a tocar el piano y nos emocion\u00f3 con su actuaci\u00f3n.<\/p>\n<p><span class=\"responsive\"><a href=\"https:\/\/comtal.org\/wp-content\/uploads\/P1010259-1-scaled-e1684837347349.jpg\"><img loading=\"lazy\" decoding=\"async\" class=\"alignnone wp-image-26205 size-large\" src=\"https:\/\/comtal.org\/wp-content\/uploads\/P1010259-1-1024x768.jpg\" alt=\"sopar solidari piano\" width=\"960\" height=\"720\" \/><\/a><\/p>\n<p>Tambi\u00e9n queremos agradecer al equipo de<strong> j\u00f3venes del Centro Abierto<\/strong> el apoyo dado durante el acontecimiento con el control y venta de entradas y el apoyo en el montaje y recogida de la cena. Sin vosotros, nada hubiera estado igual!<\/p>\n<p><span class=\"responsive\"><\/span><a href=\"https:\/\/comtal.org\/wp-content\/uploads\/P1010140-scaled.jpg\"><img loading=\"lazy\" decoding=\"async\" class=\"alignnone wp-image-26188 size-large\" src=\"https:\/\/comtal.org\/wp-content\/uploads\/P1010140-1024x768.jpg\" alt=\"joves sopar solidari\" width=\"960\" height=\"720\" srcset=\"https:\/\/comtal.org\/wp-content\/uploads\/P1010140-1024x768.jpg 1024w, https:\/\/comtal.org\/wp-content\/uploads\/P1010140-300x225.jpg 300w, https:\/\/comtal.org\/wp-content\/uploads\/P1010140-768x576.jpg 768w, https:\/\/comtal.org\/wp-content\/uploads\/P1010140-1536x1152.jpg 1536w, https:\/\/comtal.org\/wp-content\/uploads\/P1010140-2048x1536.jpg 2048w, https:\/\/comtal.org\/wp-content\/uploads\/P1010140-172x129.jpg 172w\" sizes=\"auto, (max-width: 960px) 100vw, 960px\" \/><\/a><\/span><\/p>\n<p>El acto finaliz\u00f3 con el agradecimiento de direcci\u00f3n y con la resoluci\u00f3n del sorteo solidario, que se hizo con el apoyo de los <strong>j\u00f3venes del\u00a0CRAE\u00a0La Salle y patronato.<\/strong><br \/>\n<strong>Gracias a todas las empresas y escuelas colaboradoras<\/strong> que se han sumado para hacer posible la cena y garantizar el derecho al ocio este verano:<\/p>\n<p><span class=\"responsive\"><a href=\"https:\/\/comtal.org\/wp-content\/uploads\/logos-colaboradors-sopar-solidari-1.png\"><img loading=\"lazy\" decoding=\"async\" class=\"alignnone wp-image-26207 size-large\" src=\"https:\/\/comtal.org\/wp-content\/uploads\/logos-colaboradors-sopar-solidari-1-1024x447.png\" alt=\"logos\" width=\"960\" height=\"419\" srcset=\"https:\/\/comtal.org\/wp-content\/uploads\/logos-colaboradors-sopar-solidari-1-1024x447.png 1024w, https:\/\/comtal.org\/wp-content\/uploads\/logos-colaboradors-sopar-solidari-1-300x131.png 300w, https:\/\/comtal.org\/wp-content\/uploads\/logos-colaboradors-sopar-solidari-1-768x336.png 768w, https:\/\/comtal.org\/wp-content\/uploads\/logos-colaboradors-sopar-solidari-1-188x82.png 188w, https:\/\/comtal.org\/wp-content\/uploads\/logos-colaboradors-sopar-solidari-1.png 1069w\" sizes=\"auto, (max-width: 960px) 100vw, 960px\" \/><\/a><\/span><\/p>\n<h3><span style=\"color: #ff9900;\"><strong>\u00a1JUNTOS Y JUNTAS HACEMOS POSIBLE UN VERANO INCLUSIVO!<\/strong><\/span><\/h3>\n<p>Para finalizar, os dejamos el video resumen de c\u00f3mo fue la cena.<br \/>\nOs esperamos con muchas ganas en la pr\u00f3xima edici\u00f3n. Gracias por el apoyo y confianza!<\/p>\n<p>[\/vc_column_text][vc_video link=\u00bbhttps:\/\/youtu.be\/uX-u6qNp6Ks\u00bb][\/vc_column][\/vc_row]<\/p>\n","protected":false},"excerpt":{"rendered":"<p>[vc_row][vc_column][vc_column_text] El pasado viernes 19 de mayo celebramos la V Cena Solidario #ReescrivimFutur. Gracias a todas las personas solidarias que han asistido a la cena, y a las que colaboraron [&hellip;]<\/p>\n","protected":false},"author":2,"featured_media":26200,"comment_status":"closed","ping_status":"closed","sticky":false,"template":"","format":"standard","meta":{"footnotes":""},"categories":[22,25,19],"tags":[599,343,518,377,483,544],"class_list":["post-26217","post","type-post","status-publish","format-standard","has-post-thumbnail","hentry","category-colaboradores","category-fundacioncomtal","category-general-es","tag-casal-de-verano-es","tag-casal-de-verano","tag-derecho-al-ocio","tag-ninos-y-ninas","tag-ninos-y-ninas-es","tag-verano-es"],"_links":{"self":[{"href":"https:\/\/comtal.org\/es\/wp-json\/wp\/v2\/posts\/26217","targetHints":{"allow":["GET"]}}],"collection":[{"href":"https:\/\/comtal.org\/es\/wp-json\/wp\/v2\/posts"}],"about":[{"href":"https:\/\/comtal.org\/es\/wp-json\/wp\/v2\/types\/post"}],"author":[{"embeddable":true,"href":"https:\/\/comtal.org\/es\/wp-json\/wp\/v2\/users\/2"}],"replies":[{"embeddable":true,"href":"https:\/\/comtal.org\/es\/wp-json\/wp\/v2\/comments?post=26217"}],"version-history":[{"count":8,"href":"https:\/\/comtal.org\/es\/wp-json\/wp\/v2\/posts\/26217\/revisions"}],"predecessor-version":[{"id":26227,"href":"https:\/\/comtal.org\/es\/wp-json\/wp\/v2\/posts\/26217\/revisions\/26227"}],"wp:featuredmedia":[{"embeddable":true,"href":"https:\/\/comtal.org\/es\/wp-json\/wp\/v2\/media\/26200"}],"wp:attachment":[{"href":"https:\/\/comtal.org\/es\/wp-json\/wp\/v2\/media?parent=26217"}],"wp:term":[{"taxonomy":"category","embeddable":true,"href":"https:\/\/comtal.org\/es\/wp-json\/wp\/v2\/categories?post=26217"},{"taxonomy":"post_tag","embeddable":true,"href":"https:\/\/comtal.org\/es\/wp-json\/wp\/v2\/tags?post=26217"}],"curies":[{"name":"wp","href":"https:\/\/api.w.org\/{rel}","templated":true}]}}