{"id":26139,"date":"2023-04-25T09:33:05","date_gmt":"2023-04-25T09:33:05","guid":{"rendered":"https:\/\/comtal.org\/?p=26139"},"modified":"2023-04-25T09:47:09","modified_gmt":"2023-04-25T09:47:09","slug":"una-rosa-per-garantir-acces-a-educacio","status":"publish","type":"post","link":"https:\/\/comtal.org\/es\/una-rosa-per-garantir-acces-a-educacio\/","title":{"rendered":"UNA ROSA PER GARANTIR L&#8217;ACC\u00c9S A L&#8217;EDUCACI\u00d3"},"content":{"rendered":"<p>[vc_row][vc_column][vc_column_text]<strong>Finalitzem la <\/strong><strong>campanya de Sant Jordi <\/strong><strong>#UnaRosaUnaOportunitat<\/strong><strong> donant les gr\u00e0cies a les 78<span style=\"color: #ff9900;\"> organitzacions, empreses i escoles solid\u00e0ries que l&#8217;han fet possible.<\/span><\/strong><\/p>\n<p><strong>Gr\u00e0cies a totes elles, hem aconseguit m\u00e9s de 33.000\u20ac <\/strong><strong>per garantir que <\/strong><strong>159 menors com la Samanta, l\u2019Abdou, la Rossany i el Miguel <span style=\"color: #ff9900;\">puguin superar el curs escolar gr\u00e0cies al refor\u00e7 educatiu i la capacitaci\u00f3 tecnol\u00f2gica, d\u2019aquesta manera podran arribar a ser all\u00f2 que volen ser.<\/span><\/strong><\/p>\n<p><span class=\"responsive\"><a href=\"https:\/\/comtal.org\/wp-content\/uploads\/WhatsApp-Image-2023-04-24-at-16.24.44-e1682412002363.jpeg\"><img loading=\"lazy\" decoding=\"async\" class=\"alignnone wp-image-26146 size-large\" src=\"https:\/\/comtal.org\/wp-content\/uploads\/WhatsApp-Image-2023-04-24-at-16.24.44-e1682412002363-1024x453.jpeg\" alt=\"Sant Jordi 2023\" width=\"960\" height=\"425\" srcset=\"https:\/\/comtal.org\/wp-content\/uploads\/WhatsApp-Image-2023-04-24-at-16.24.44-e1682412002363-1024x453.jpeg 1024w, https:\/\/comtal.org\/wp-content\/uploads\/WhatsApp-Image-2023-04-24-at-16.24.44-e1682412002363-300x133.jpeg 300w, https:\/\/comtal.org\/wp-content\/uploads\/WhatsApp-Image-2023-04-24-at-16.24.44-e1682412002363-768x340.jpeg 768w, https:\/\/comtal.org\/wp-content\/uploads\/WhatsApp-Image-2023-04-24-at-16.24.44-e1682412002363-1536x680.jpeg 1536w, https:\/\/comtal.org\/wp-content\/uploads\/WhatsApp-Image-2023-04-24-at-16.24.44-e1682412002363-188x83.jpeg 188w, https:\/\/comtal.org\/wp-content\/uploads\/WhatsApp-Image-2023-04-24-at-16.24.44-e1682412002363.jpeg 1600w\" sizes=\"auto, (max-width: 960px) 100vw, 960px\" \/><\/a><\/span><\/p>\n<p>Volem <strong>agrair tamb\u00e9 a l\u2019equip de la Fundaci\u00f3 (voluntariat, alumnat, professionals,&#8230;) tot l\u2019esfor\u00e7<\/strong> dedicat perqu\u00e8 aquesta campanya continu\u00ef viva, un any m\u00e9s.<\/p>\n<p>Fem una <strong>menci\u00f3 especial a\u00a0<\/strong><span style=\"color: #ff9900;\"><strong>Mercabarna<\/strong><\/span><strong> per donar-nos les roses de les paradetes solid\u00e0ries que vam posar a l\u2019Espai Comunitari Benet Corner, <\/strong>davant del Mercat de Santa Catarina, i a la pla\u00e7a del Pou de la Figuera el mateix dia 23 per celebrar la diada amb tothom que es va apropar.<\/p>\n<p><span class=\"responsive\"><a href=\"https:\/\/comtal.org\/wp-content\/uploads\/WhatsApp-Image-2023-04-24-at-15.39.48.jpeg\"><img loading=\"lazy\" decoding=\"async\" class=\"alignnone wp-image-26140 size-large\" src=\"https:\/\/comtal.org\/wp-content\/uploads\/WhatsApp-Image-2023-04-24-at-15.39.48-e1682411515952-1024x632.jpeg\" alt=\"Sant Jordi \" width=\"960\" height=\"593\" srcset=\"https:\/\/comtal.org\/wp-content\/uploads\/WhatsApp-Image-2023-04-24-at-15.39.48-e1682411515952-1024x632.jpeg 1024w, https:\/\/comtal.org\/wp-content\/uploads\/WhatsApp-Image-2023-04-24-at-15.39.48-e1682411515952-300x185.jpeg 300w, https:\/\/comtal.org\/wp-content\/uploads\/WhatsApp-Image-2023-04-24-at-15.39.48-e1682411515952-768x474.jpeg 768w, https:\/\/comtal.org\/wp-content\/uploads\/WhatsApp-Image-2023-04-24-at-15.39.48-e1682411515952-1536x948.jpeg 1536w, https:\/\/comtal.org\/wp-content\/uploads\/WhatsApp-Image-2023-04-24-at-15.39.48-e1682411515952-188x116.jpeg 188w, https:\/\/comtal.org\/wp-content\/uploads\/WhatsApp-Image-2023-04-24-at-15.39.48-e1682411515952.jpeg 1600w\" sizes=\"auto, (max-width: 960px) 100vw, 960px\" \/><\/a><\/span><\/p>\n<p>Aix\u00ed va anar la diada:[\/vc_column_text][vc_video link=\u00bbhttps:\/\/youtu.be\/Fy3ERRMASEA\u00bb][\/vc_column][\/vc_row][vc_row][vc_column][vc_column_text]<\/p>\n<h2><span style=\"color: #ff9900;\">Una Rosa, Una Oportunitat, per garantir l&#8217;acc\u00e9s a l&#8217;educaci\u00f3<\/span><\/h2>\n<p>Ens acomiadem un any m\u00e9s <strong>molt agra\u00efdes i satisfetes<\/strong> despr\u00e9s d&#8217;una campanya de Sant Jordi molt participativa, on <strong>hem aconseguit un 44% m\u00e9s de beneficis que l\u2019any passat, gr\u00e0cies a la implicaci\u00f3 de 20 empreses noves.<\/strong><\/p>\n<p>La campanya ha estat un \u00e8xit gr\u00e0cies al suport de 19 persones volunt\u00e0ries i la difusi\u00f3 del Diari Ara, El Peri\u00f3dico, El Punt Avui, La Vanguardia i altres mitjans de comunicaci\u00f3.<\/p>\n<p><strong>Gr\u00e0cies de nou a totes les <span style=\"color: #ff9900;\">persones, empreses, escoles i mitjans de comunicacio que han garanit l&#8217;acc\u00e9s a l&#8217;educaci\u00f3<\/span> amb #UnaRosaUnaOportunitat aquest Sant Jordi:<\/strong><\/p>\n<div class=\"one_half\">\n<p><span style=\"color: #ff9900;\">Hoteles Catalonia<\/span><br \/>\n<span style=\"color: #ff9900;\">La Salle<\/span><br \/>\n<span style=\"color: #ff9900;\">Hotels H10<\/span><br \/>\n<span style=\"color: #ff9900;\">Hotels Ilunion<\/span><br \/>\n<span style=\"color: #ff9900;\">Hotels Ibis\/ Novotels i Budgets<\/span><br \/>\n<span style=\"color: #ff9900;\">Veepee<\/span><br \/>\n<span style=\"color: #ff9900;\">Serunion\/Hosteses<\/span><br \/>\n<span style=\"color: #ff9900;\">Revisa<\/span><br \/>\n<span style=\"color: #ff9900;\">Soho House<\/span><br \/>\n<span style=\"color: #ff9900;\">Grand Hotel Central<\/span><br \/>\n<span style=\"color: #ff9900;\">Hotel Mandarin<\/span><br \/>\n<span style=\"color: #ff9900;\">Kimpton Vividora Hotel<\/span><br \/>\n<span style=\"color: #ff9900;\">Novotel Barcelona City<\/span><br \/>\n<span style=\"color: #ff9900;\">The GB Foods<\/span><br \/>\n<span style=\"color: #ff9900;\">Colegi La Muntanyeta<\/span><br \/>\n<span style=\"color: #ff9900;\">Omnipack<\/span><br \/>\n<span style=\"color: #ff9900;\">Navalia Energ\u00eda\/Electry Consulting<br \/>\nSeitsa<br \/>\n<\/span><\/p>\n<\/div>\n<div class=\"one_half last\">\n<p><span style=\"color: #ff9900;\">Hotel Intercontinental Barcelona<\/span><br \/>\n<span style=\"color: #ff9900;\"> Central Borne<\/span><br \/>\n<span style=\"color: #ff9900;\">Btech\/Nexus<\/span><br \/>\n<span style=\"color: #ff9900;\">Cerascem<\/span><br \/>\n<span style=\"color: #ff9900;\">Hotel Dante<\/span><br \/>\n<span style=\"color: #ff9900;\">Hotel Vincci<\/span><br \/>\n<span style=\"color: #ff9900;\">Nexe<\/span><br \/>\n<span style=\"color: #ff9900;\">Agrolimen<\/span><br \/>\n<span style=\"color: #ff9900;\">Vidrebany<\/span><br \/>\n<span style=\"color: #ff9900;\">Sercom Informatics<\/span><br \/>\n<span style=\"color: #ff9900;\">Pich Bnfix<\/span><br \/>\n<span style=\"color: #ff9900;\">Hotel Mandarin Residences<\/span><br \/>\n<span style=\"color: #ff9900;\">Ohla Boutique Hotels<\/span><br \/>\n<span style=\"color: #ff9900;\">Musik Hotel<\/span><br \/>\n<span style=\"color: #ff9900;\">Born Comer\u00e7<\/span><br \/>\n<span style=\"color: #ff9900;\">Residencia LiveStudent<br \/>\nGarageLab Fundaci\u00f3 Comtal<\/span><\/p>\n<\/div>\n<div class=\"clear\"><\/div>\n<div class=\"one_half\"><\/div>\n<p>[\/vc_column_text][\/vc_column][\/vc_row]<\/p>\n","protected":false},"excerpt":{"rendered":"<p>[vc_row][vc_column][vc_column_text]Finalitzem la campanya de Sant Jordi #UnaRosaUnaOportunitat donant les gr\u00e0cies a les 78 organitzacions, empreses i escoles solid\u00e0ries que l&#8217;han fet possible. Gr\u00e0cies a totes elles, hem aconseguit m\u00e9s de [&hellip;]<\/p>\n","protected":false},"author":2,"featured_media":26151,"comment_status":"closed","ping_status":"closed","sticky":false,"template":"","format":"standard","meta":{"footnotes":""},"categories":[1,15,10],"tags":[],"class_list":["post-26139","post","type-post","status-publish","format-standard","has-post-thumbnail","hentry","category-general","category-collaboradors","category-educacio"],"_links":{"self":[{"href":"https:\/\/comtal.org\/es\/wp-json\/wp\/v2\/posts\/26139","targetHints":{"allow":["GET"]}}],"collection":[{"href":"https:\/\/comtal.org\/es\/wp-json\/wp\/v2\/posts"}],"about":[{"href":"https:\/\/comtal.org\/es\/wp-json\/wp\/v2\/types\/post"}],"author":[{"embeddable":true,"href":"https:\/\/comtal.org\/es\/wp-json\/wp\/v2\/users\/2"}],"replies":[{"embeddable":true,"href":"https:\/\/comtal.org\/es\/wp-json\/wp\/v2\/comments?post=26139"}],"version-history":[{"count":8,"href":"https:\/\/comtal.org\/es\/wp-json\/wp\/v2\/posts\/26139\/revisions"}],"predecessor-version":[{"id":26155,"href":"https:\/\/comtal.org\/es\/wp-json\/wp\/v2\/posts\/26139\/revisions\/26155"}],"wp:featuredmedia":[{"embeddable":true,"href":"https:\/\/comtal.org\/es\/wp-json\/wp\/v2\/media\/26151"}],"wp:attachment":[{"href":"https:\/\/comtal.org\/es\/wp-json\/wp\/v2\/media?parent=26139"}],"wp:term":[{"taxonomy":"category","embeddable":true,"href":"https:\/\/comtal.org\/es\/wp-json\/wp\/v2\/categories?post=26139"},{"taxonomy":"post_tag","embeddable":true,"href":"https:\/\/comtal.org\/es\/wp-json\/wp\/v2\/tags?post=26139"}],"curies":[{"name":"wp","href":"https:\/\/api.w.org\/{rel}","templated":true}]}}