{"id":25188,"date":"2022-11-14T19:05:17","date_gmt":"2022-11-14T19:05:17","guid":{"rendered":"https:\/\/comtal.org\/?p=25188"},"modified":"2022-11-14T20:34:55","modified_gmt":"2022-11-14T20:34:55","slug":"el-bar-social-que-mira-mas-alla","status":"publish","type":"post","link":"https:\/\/comtal.org\/es\/el-bar-social-que-mira-mas-alla\/","title":{"rendered":"EL BAR SOCIAL QUE MIRA M\u00c1S ALL\u00c1"},"content":{"rendered":"<p>Con motivo de promover el trabajo de j\u00f3venes en situaci\u00f3n vulnerable, reducir las desigualdades, y dar continuidad a la integraci\u00f3n social y laboral del alumnado de la Escuela de Segunda Oportunidad de la <a href=\"https:\/\/comtal.org\/es\/\"><span style=\"color: #ff9900;\">Fundaci\u00f3 Comtal<\/span><\/a>, y otros programas de formaci\u00f3n e inserci\u00f3n, de la entidad, hemos abierto el Bar del Convento dentro del circuito del propio <span style=\"color: #ff9900;\"><a style=\"color: #ff9900;\" href=\"https:\/\/conventagusti.com\/\" target=\"_blank\" rel=\"noopener\">Centro C\u00edvico Convento San Agust\u00edn<\/a>,<\/span> un espacio emblem\u00e1tico con un mont\u00f3n de actividades sociales, culturales y de \u00e1mbito digital<\/p>\n<p><span class=\"responsive\"><img loading=\"lazy\" decoding=\"async\" class=\"aligncenter size-full wp-image-25189\" src=\"https:\/\/comtal.org\/wp-content\/uploads\/bar-convent.jpg\" alt=\"Bar Convent\" width=\"1294\" height=\"582\" srcset=\"https:\/\/comtal.org\/wp-content\/uploads\/bar-convent.jpg 1294w, https:\/\/comtal.org\/wp-content\/uploads\/bar-convent-300x135.jpg 300w, https:\/\/comtal.org\/wp-content\/uploads\/bar-convent-1024x461.jpg 1024w, https:\/\/comtal.org\/wp-content\/uploads\/bar-convent-768x345.jpg 768w, https:\/\/comtal.org\/wp-content\/uploads\/bar-convent-188x85.jpg 188w\" sizes=\"auto, (max-width: 1294px) 100vw, 1294px\" \/><\/span><\/p>\n<p>Es un proyecto que hemos hecho posible gracias a la empresa de inserci\u00f3n Sant Pere\u00a0Food\u00a0Services, formada por tres entidades con vocaci\u00f3n de servir:<\/p>\n<ul>\n<li><strong>Fundaci\u00f3 Comtal<\/strong>, organizaci\u00f3n no lucrativa que trabajamos desde el a\u00f1o 1994 en Ciutat Vella para que los ni\u00f1os, adolescentes, y j\u00f3venes en situaci\u00f3n de vulnerabilidad tengan oportunidades de futuro.<\/li>\n<li><strong>Revisa<\/strong>, organizaci\u00f3n dedicada a los servicios de\u00a0c\u00e0teringdesde una perspectiva saludable, sostenible y social.<\/li>\n<li><strong>La instituci\u00f3n La Salle<\/strong>, entidad educativa arraigada en el barrio desde hace m\u00e1s de 140 a\u00f1os.<\/li>\n<\/ul>\n<p>Os esperamos con muchas ganas e ilusi\u00f3n!<\/p>\n<p><a href=\"https:\/\/comtal.org\/wp-content\/uploads\/maquetat-cartes.pdf\" target=\"_blank or _self\" class=\" button orange small, medium, large\" rel=\"slides[buttonlightbox]\"><i class='icon-cog'><\/i>Ver la carta del Bar<\/a><\/p>\n<p><a href=\"https:\/\/www.instagram.com\/bar_convent_bcn\/\" target=\"_blank or _self\" class=\" button orange small, medium, large\" rel=\"slides[buttonlightbox] noopener\"><i class='icon-cog'><\/i>S\u00edguenos en Instagram<\/a><\/p>\n<h2><span style=\"color: #ff9900;\"><strong>Historias que cruzan fronteras<\/strong><\/span><\/h2>\n<p>Amine lleg\u00f3 a Barcelona en agosto del a\u00f1o pasado desde\u00a0Uchda\u00a0(Marruecos) pasando por varias ciudades espa\u00f1olas y por un <strong>viaje migratorio lleno de dificultades, miedos y angustia.<\/strong> Un viaje que ha cambiado y marcado su vida y personalidad.<\/p>\n<p>Al llegar a Barcelona entr\u00f3 en un piso de menores hasta cumplir la mayor\u00eda de edad. Es entonces cuando fue derivado a un piso tutelado de promoci\u00f3n a la autonom\u00eda. Pocos meses despu\u00e9s entr\u00f3 a vivir en un piso compartido.<\/p>\n<p>Desde estos recursos le hablaron de la Fundaci\u00f3 Comtal y la <strong>formaci\u00f3n<\/strong> que ofrecemos en la <span style=\"color: #ff9900;\"><a style=\"color: #ff9900;\" href=\"\/es?page_id=15829\">Escuela de Segunda Oportunidad.<\/a><\/span><br \/>\nDurante el curso pasado particip\u00f3 en el <span style=\"color: #ff9900;\"><a style=\"color: #ff9900;\" href=\"\/es?page_id=1776\">programa Constr\u00fayete<\/a>,<\/span> que finaliz\u00f3 con muy buenos resultados.<\/p>\n<p>De la mano de sus tutoras y del resto del equipo educativo del centro, Amine\u00a0ha podido trabajar <strong>habilidad socioemocionales, poniendo el foco en el autoconocimiento, la autoestima y la motivaci\u00f3n.<\/strong> A lo largo de este proceso, el joven ha descubierto su vocaci\u00f3n hacia el sector del\u00a0Hosteler\u00eda.<\/p>\n<p><span class=\"responsive\"><img loading=\"lazy\" decoding=\"async\" class=\"size-full wp-image-25222 alignleft\" src=\"https:\/\/comtal.org\/wp-content\/uploads\/amine-1-e1668457317682.jpg\" alt=\"Fundaci\u00f3 Comtal\" width=\"247\" height=\"181\" srcset=\"https:\/\/comtal.org\/wp-content\/uploads\/amine-1-e1668457317682.jpg 247w, https:\/\/comtal.org\/wp-content\/uploads\/amine-1-e1668457317682-176x129.jpg 176w\" sizes=\"auto, (max-width: 247px) 100vw, 247px\" \/><\/span><\/p>\n<p>Ahora est\u00e1 estudiando un\u00a0<strong>PFI\u00a0de Auxiliar de\u00a0hoteler\u00eda, cocina y servicios de restauraci\u00f3n, tambi\u00e9n<\/strong> en nuestra escuela, y est\u00e1 muy satisfecho con la formaci\u00f3n y acompa\u00f1amiento ofrecido.<br \/>\nAl ver su itinerario de \u00e9xito y superaci\u00f3n personal, as\u00ed como su potencial y talento, el pasado mes de octubre la empresa de inserci\u00f3n Sant Pere\u00a0Food\u00a0Services no dud\u00f3 en ofrecerle una <strong>oportunidad laboral en el Bar del Convento de San Agust\u00edn.<\/strong><\/p>\n<div class=\"testimonial\"><em>Estoy muy agradecido de la oportunidad acad\u00e8mica y laboral que me han dado. Gracias a la Escuela de Segunda Oportunidad\u00a0 y al Bar del Convent, he conseguido un trabajo que me aporta experi\u00e8ncia en el sector y me ayuda a desarrollar mis competencias profesionales<\/em>\u201d expresa Amine con ilusi\u00f3n<\/div>\n<div class=\"testimonial-author\">Expressa l&#8217;Amine emocionat.<\/div>\n<p>La aprobaci\u00f3n del Real Decreto 903\/2021 que reforma el Reglamento 557\/2011 de la Ley de Extranjer\u00eda, hizo que cuando el joven lleg\u00f3 a Espa\u00f1a siendo menor, obtuviese el permiso de residencia y trabajo. <strong>Gracias al contrato laboral con el Bar podr\u00e1 renovar el permiso de trabajo sin trabas.<\/strong><\/p>\n","protected":false},"excerpt":{"rendered":"<p>Con motivo de promover el trabajo de j\u00f3venes en situaci\u00f3n vulnerable, reducir las desigualdades, y dar continuidad a la integraci\u00f3n social y laboral del alumnado de la Escuela de Segunda [&hellip;]<\/p>\n","protected":false},"author":2,"featured_media":25191,"comment_status":"closed","ping_status":"closed","sticky":false,"template":"","format":"standard","meta":{"footnotes":""},"categories":[402,25,19],"tags":[],"class_list":["post-25188","post","type-post","status-publish","format-standard","has-post-thumbnail","hentry","category-en-profundidad","category-fundacioncomtal","category-general-es"],"_links":{"self":[{"href":"https:\/\/comtal.org\/es\/wp-json\/wp\/v2\/posts\/25188","targetHints":{"allow":["GET"]}}],"collection":[{"href":"https:\/\/comtal.org\/es\/wp-json\/wp\/v2\/posts"}],"about":[{"href":"https:\/\/comtal.org\/es\/wp-json\/wp\/v2\/types\/post"}],"author":[{"embeddable":true,"href":"https:\/\/comtal.org\/es\/wp-json\/wp\/v2\/users\/2"}],"replies":[{"embeddable":true,"href":"https:\/\/comtal.org\/es\/wp-json\/wp\/v2\/comments?post=25188"}],"version-history":[{"count":19,"href":"https:\/\/comtal.org\/es\/wp-json\/wp\/v2\/posts\/25188\/revisions"}],"predecessor-version":[{"id":25234,"href":"https:\/\/comtal.org\/es\/wp-json\/wp\/v2\/posts\/25188\/revisions\/25234"}],"wp:featuredmedia":[{"embeddable":true,"href":"https:\/\/comtal.org\/es\/wp-json\/wp\/v2\/media\/25191"}],"wp:attachment":[{"href":"https:\/\/comtal.org\/es\/wp-json\/wp\/v2\/media?parent=25188"}],"wp:term":[{"taxonomy":"category","embeddable":true,"href":"https:\/\/comtal.org\/es\/wp-json\/wp\/v2\/categories?post=25188"},{"taxonomy":"post_tag","embeddable":true,"href":"https:\/\/comtal.org\/es\/wp-json\/wp\/v2\/tags?post=25188"}],"curies":[{"name":"wp","href":"https:\/\/api.w.org\/{rel}","templated":true}]}}