{"id":25056,"date":"2022-10-14T12:07:34","date_gmt":"2022-10-14T12:07:34","guid":{"rendered":"https:\/\/comtal.org\/la-nueva-vida-del-hamza-en-la-ciudad\/"},"modified":"2022-11-14T20:37:17","modified_gmt":"2022-11-14T20:37:17","slug":"la-nueva-vida-del-hamza-en-la-ciudad","status":"publish","type":"post","link":"https:\/\/comtal.org\/es\/la-nueva-vida-del-hamza-en-la-ciudad\/","title":{"rendered":"LA NUEVA VIDA DE HAMZA EN LA CIUDAD"},"content":{"rendered":"<p>Hace casi 5 a\u00f1os que Hamza lleg\u00f3 a Barcelona desde el Marruecos en un <strong>viaje migratorio muy duro.<\/strong> Desde muy peque\u00f1o so\u00f1aba con cruzar la frontera con la esperanza de poder <strong>construir una nueva vida en la ciudad, y as\u00ed ayudar a su familia.<\/strong><\/p>\n<p>Con mucho miedo y a la vez coraje, en abril del 2018 <strong>lleg\u00f3 a Catalu\u00f1a en situaci\u00f3n de extrema vulnerabilidad y desamparo<\/strong>, momento en el cual inici\u00f3 su periodo de tutela con la DGAIA, hasta que en 2020, cumpli\u00f3 la mayor\u00eda de edad.<\/p>\n<p>Es entonces cuando fue derivado al Hogar Germ\u00e0 Adri\u00e0 de la<strong> Fundaci\u00f3 Comtal, un piso de promoci\u00f3n a la autonom\u00eda hasta los 21 a\u00f1os.<\/strong><\/p>\n<p><span class=\"responsive\"><img loading=\"lazy\" decoding=\"async\" class=\"aligncenter size-full wp-image-25042\" src=\"https:\/\/comtal.org\/wp-content\/uploads\/FctxMoxXgAIAQ-H.jpg\" alt=\"llar joves\" width=\"680\" height=\"509\" srcset=\"https:\/\/comtal.org\/wp-content\/uploads\/FctxMoxXgAIAQ-H.jpg 680w, https:\/\/comtal.org\/wp-content\/uploads\/FctxMoxXgAIAQ-H-300x225.jpg 300w, https:\/\/comtal.org\/wp-content\/uploads\/FctxMoxXgAIAQ-H-172x129.jpg 172w\" sizes=\"auto, (max-width: 680px) 100vw, 680px\" \/><\/span><\/p>\n<p>All\u00ed le ofrecieron un <strong>espacio seguro donde vivir y hacer posible su proyecto de vida.<\/strong><br \/>\nEn septiembre del mismo a\u00f1o, empez\u00f3 con mucha ilusi\u00f3n un&nbsp;<strong>PFI de cocina en la Escuela de Segunda Oportunidad de la Fundaci\u00f3 Comtal<\/strong>, que acab\u00f3 con \u00e9xito en junio del 2021.<\/p>\n<p><span class=\"responsive\"><img loading=\"lazy\" decoding=\"async\" class=\"aligncenter size-full wp-image-25047\" src=\"https:\/\/comtal.org\/wp-content\/uploads\/pragtiques.jpg\" alt=\"alumnes cuina\" width=\"2016\" height=\"1008\" srcset=\"https:\/\/comtal.org\/wp-content\/uploads\/pragtiques.jpg 2016w, https:\/\/comtal.org\/wp-content\/uploads\/pragtiques-300x150.jpg 300w, https:\/\/comtal.org\/wp-content\/uploads\/pragtiques-1024x512.jpg 1024w, https:\/\/comtal.org\/wp-content\/uploads\/pragtiques-768x384.jpg 768w, https:\/\/comtal.org\/wp-content\/uploads\/pragtiques-1536x768.jpg 1536w, https:\/\/comtal.org\/wp-content\/uploads\/pragtiques-188x94.jpg 188w\" sizes=\"auto, (max-width: 2016px) 100vw, 2016px\" \/><\/span><\/p>\n<p>Durante todo este tiempo, Hamza fue acompa\u00f1ado tambi\u00e9n por el <strong>Punto Incorpora Joven<\/strong> de la casa, que trabaja y <strong>atiende a j\u00f3venes extutelados que quieren mejorar su empleabilidad a trav\u00e9s del acompa\u00f1amiento y la capacitaci\u00f3n laboral.<\/strong><\/p>\n<p>Durante su paso por Incorpora, Hamza se comprometi\u00f3 a asistir a las <strong>tutor\u00edas individuales de orientaci\u00f3n laboral<\/strong>, que le dise\u00f1aron a medida, y a mejorar sus competencias transversales y <strong>digitales para tener m\u00e1s posibilidades de acceso al mercado de trabajo<\/strong><\/p>\n<p><strong>Convencido que se quer\u00eda dedicar profesionalmente al mundo de la restauraci\u00f3n, inici\u00f3 un complejo proceso para regularizar su situaci\u00f3n administrativa.<\/strong><\/p>\n<p>Con el apoyo del equipo educativo del Hogar Germ\u00e0 Adri\u00e0 y del servicio de asesoramiento jur\u00eddico del Consorcio de Servicios Sociales de Barcelona, <strong>Hamza renov\u00f3 su permiso de residencia y consigui\u00f3 tambi\u00e9n el permiso de trabajo.<\/strong><\/p>\n<p>Gracias a su esfuerzo, y al programa de inserci\u00f3n de la Red de J\u00f3venes de Barcelona, del cual form\u00f3 parte, <strong>firm\u00f3 un contrato de trabajo dentro de una formaci\u00f3n dual de cocina en un restaurante del barrio de Santa Caterina, en Barcelona.<\/strong><\/p>\n<p>Actualmente, Hamza est\u00e1 muy agradecido de continuar vinculado a la Fundaci\u00f3 Comtal mediante <strong>el programa referente de emancipaci\u00f3n del proyecto&nbsp;IMEX, que ayuda al joven en su proceso de emancipaci\u00f3n y en todos sus nuevos retos de futuro.<\/strong> En cuando al trabajo, se encuentra muy a gusto trabajando de camarero, y cada d\u00eda desarrolla funciones de m\u00e1s responsabilidad.<\/p>\n<p><span style=\"color: #ff9900;\"><strong>Enhorabuena por tus \u00e9xitos y objetivos conseguidos&nbsp;Hamza, a por muchos m\u00e1s!<\/strong><\/span><\/p>\n<p>&#8230;&#8230;&#8230;&#8230;&#8230;&#8230;&#8230;&#8230;&#8230;&#8230;&#8230;&#8230;&#8230;&#8230;&#8230;&#8230;&#8230;&#8230;&#8230;&#8230;&#8230;&#8230;&#8230;&#8230;&#8230;&#8230;&#8230;&#8230;&#8230;&#8230;&#8230;&#8230;&#8230;&#8230;&#8230;&#8230;&#8230;&#8230;&#8230;&#8230;&#8230;&#8230;&#8230;&#8230;&#8230;&#8230;&#8230;&#8230;&#8230;<\/p>\n<p>Amb el suport de:<\/p>\n<p><span class=\"responsive\"><img loading=\"lazy\" decoding=\"async\" class=\"aligncenter size-full wp-image-25127\" src=\"https:\/\/comtal.org\/wp-content\/uploads\/logos-imex-2.png\" alt=\"imex\" width=\"740\" height=\"107\" srcset=\"https:\/\/comtal.org\/wp-content\/uploads\/logos-imex-2.png 740w, https:\/\/comtal.org\/wp-content\/uploads\/logos-imex-2-300x43.png 300w, https:\/\/comtal.org\/wp-content\/uploads\/logos-imex-2-188x27.png 188w\" sizes=\"auto, (max-width: 740px) 100vw, 740px\" \/><\/span><\/p>\n","protected":false},"excerpt":{"rendered":"<p>Hace casi 5 a\u00f1os que Hamza lleg\u00f3 a Barcelona desde el Marruecos en un viaje migratorio muy duro. Desde muy peque\u00f1o so\u00f1aba con cruzar la frontera con la esperanza de [&hellip;]<\/p>\n","protected":false},"author":2,"featured_media":25044,"comment_status":"closed","ping_status":"closed","sticky":false,"template":"","format":"standard","meta":{"footnotes":""},"categories":[402,415,25,26,410],"tags":[],"class_list":["post-25056","post","type-post","status-publish","format-standard","has-post-thumbnail","hentry","category-en-profundidad","category-estrangeria-es","category-fundacioncomtal","category-integracion","category-trabajo-es"],"_links":{"self":[{"href":"https:\/\/comtal.org\/es\/wp-json\/wp\/v2\/posts\/25056","targetHints":{"allow":["GET"]}}],"collection":[{"href":"https:\/\/comtal.org\/es\/wp-json\/wp\/v2\/posts"}],"about":[{"href":"https:\/\/comtal.org\/es\/wp-json\/wp\/v2\/types\/post"}],"author":[{"embeddable":true,"href":"https:\/\/comtal.org\/es\/wp-json\/wp\/v2\/users\/2"}],"replies":[{"embeddable":true,"href":"https:\/\/comtal.org\/es\/wp-json\/wp\/v2\/comments?post=25056"}],"version-history":[{"count":8,"href":"https:\/\/comtal.org\/es\/wp-json\/wp\/v2\/posts\/25056\/revisions"}],"predecessor-version":[{"id":25235,"href":"https:\/\/comtal.org\/es\/wp-json\/wp\/v2\/posts\/25056\/revisions\/25235"}],"wp:featuredmedia":[{"embeddable":true,"href":"https:\/\/comtal.org\/es\/wp-json\/wp\/v2\/media\/25044"}],"wp:attachment":[{"href":"https:\/\/comtal.org\/es\/wp-json\/wp\/v2\/media?parent=25056"}],"wp:term":[{"taxonomy":"category","embeddable":true,"href":"https:\/\/comtal.org\/es\/wp-json\/wp\/v2\/categories?post=25056"},{"taxonomy":"post_tag","embeddable":true,"href":"https:\/\/comtal.org\/es\/wp-json\/wp\/v2\/tags?post=25056"}],"curies":[{"name":"wp","href":"https:\/\/api.w.org\/{rel}","templated":true}]}}