{"id":24850,"date":"2022-09-16T10:52:35","date_gmt":"2022-09-16T10:52:35","guid":{"rendered":"https:\/\/comtal.org\/hacemos-jardineras-gracias-a-la-fabricacion-digital\/"},"modified":"2022-09-16T18:12:21","modified_gmt":"2022-09-16T18:12:21","slug":"hacemos-jardineras-gracias-a-la-fabricacion-digital","status":"publish","type":"post","link":"https:\/\/comtal.org\/es\/hacemos-jardineras-gracias-a-la-fabricacion-digital\/","title":{"rendered":"HACEMOS JARDINERAS CON MAQUINARIA DIGITAL"},"content":{"rendered":"<p>Hace m\u00e1s de 6 meses planteamos un reto al grupo de j\u00f3venes del&nbsp;Construeix-te&nbsp;de la Escuela de Segunda Oportunidad; <strong>la mejora y el embellecimiento del espacio Benet&nbsp;Corner&nbsp;a trav\u00e9s de la fabricaci\u00f3n digital <\/strong>para que el vecindario, las entidades y escuelas de Ciutat Vella puedan disfrutar de un espacio verde y lleno de vida en la ciudad.<\/p>\n<p>C\u00f3mo? Pensando estrategias para mejorar y embellecer el espacio con la <strong>fabricaci\u00f3n de jardineras mediante materiales biodegradables<\/strong> y otros elementos que contribuyan a hacer m\u00e1s agradable el espacio.<\/p>\n<h3><strong><span style=\"color: #ff9900;\">Un aprendizaje intensivo muy gratificante<\/span><\/strong><\/h3>\n<p><strong>El reto empez\u00f3 capacitando y formando al alumnado<\/strong> en competencias tecnol\u00f3gicas y digitales y poniendo el <strong>foco en la metodolog\u00eda&nbsp;maker&nbsp;y lo&nbsp;Design&nbsp;Thinking.<br \/>\n<\/strong>Desde un inicio, se les ense\u00f1\u00f3 el diferente software ofim\u00e1tico. Despu\u00e9s se inici\u00f3 el <strong>proceso de aprendizaje del dise\u00f1o 2D y 3D<\/strong> con el aplicativo web tinkercad, con el que el alumnado ha podido elaborar el patr\u00f3n de los tiestos.<\/p>\n<div class=\"one_half\"><span class=\"responsive\"><img loading=\"lazy\" decoding=\"async\" class=\"aligncenter wp-image-24829 size-full\" src=\"https:\/\/comtal.org\/wp-content\/uploads\/1-9-e1663324574642.jpg\" alt=\"dissent 2D\" width=\"504\" height=\"384\" srcset=\"https:\/\/comtal.org\/wp-content\/uploads\/1-9-e1663324574642.jpg 504w, https:\/\/comtal.org\/wp-content\/uploads\/1-9-e1663324574642-300x229.jpg 300w, https:\/\/comtal.org\/wp-content\/uploads\/1-9-e1663324574642-169x129.jpg 169w\" sizes=\"auto, (max-width: 504px) 100vw, 504px\" \/><\/span><\/div>\n<div class=\"one_half last\"><span class=\"responsive\"><img loading=\"lazy\" decoding=\"async\" class=\"aligncenter size-full wp-image-24831\" src=\"https:\/\/comtal.org\/wp-content\/uploads\/2-16.jpg\" alt=\"disseny 2d\" width=\"639\" height=\"479\" srcset=\"https:\/\/comtal.org\/wp-content\/uploads\/2-16.jpg 639w, https:\/\/comtal.org\/wp-content\/uploads\/2-16-300x225.jpg 300w, https:\/\/comtal.org\/wp-content\/uploads\/2-16-172x129.jpg 172w\" sizes=\"auto, (max-width: 639px) 100vw, 639px\" \/><\/span><\/div>\n<div class=\"clear\"><\/div>\n<p>Al&nbsp;GarageLab, aprendieron a usar las diferentes impresoras de las que disponemos, empezando con la <strong>impresora de vinilo, y continuando con la impresora&nbsp;l\u00e0sser<\/strong> con la que hicieron los carteles informativos de las plantas que lucimos actualmente a la jardinera vertical de Benet Corner. Por \u00faltimo trabajaron y aprendieron a utilizar la impresora 3D, con la que produjeron todos los tiestos de la jardinera.<\/p>\n<div class=\"one_half\"><span class=\"responsive\"><img loading=\"lazy\" decoding=\"async\" class=\"aligncenter size-full wp-image-24833\" src=\"https:\/\/comtal.org\/wp-content\/uploads\/3-5-e1663318349131.jpg\" alt=\"garagelab\" width=\"454\" height=\"605\" srcset=\"https:\/\/comtal.org\/wp-content\/uploads\/3-5-e1663318349131.jpg 454w, https:\/\/comtal.org\/wp-content\/uploads\/3-5-e1663318349131-225x300.jpg 225w, https:\/\/comtal.org\/wp-content\/uploads\/3-5-e1663318349131-97x129.jpg 97w\" sizes=\"auto, (max-width: 454px) 100vw, 454px\" \/><\/span><\/div>\n<div class=\"one_half last\"><span class=\"responsive\"><img loading=\"lazy\" decoding=\"async\" class=\"aligncenter size-full wp-image-24835\" src=\"https:\/\/comtal.org\/wp-content\/uploads\/4-5-e1663318544385.jpg\" alt=\"impresora 3D\" width=\"498\" height=\"665\" srcset=\"https:\/\/comtal.org\/wp-content\/uploads\/4-5-e1663318544385.jpg 498w, https:\/\/comtal.org\/wp-content\/uploads\/4-5-e1663318544385-225x300.jpg 225w, https:\/\/comtal.org\/wp-content\/uploads\/4-5-e1663318544385-97x129.jpg 97w\" sizes=\"auto, (max-width: 498px) 100vw, 498px\" \/><\/span><\/div>\n<div class=\"clear\"><\/div>\n<p>Paralelamente en las clases de jardiner\u00eda, desarrolladas a Benet&nbsp;Corner&nbsp;en el marco del m\u00f3dulo de ciencias del&nbsp;mediambient, el alumnado ha aprendido los <strong>conceptos b\u00e1sicos de plantaci\u00f3n y cultivo de especies ornamentales y arom\u00e1ticas,<\/strong> as\u00ed como su cuidado, para que puedan mantener viva la jardinera vertical y el huerto urbano del mismo espacio.<\/p>\n<p><span class=\"responsive\"><span class=\"responsive\"><\/span><img loading=\"lazy\" decoding=\"async\" class=\"aligncenter size-full wp-image-24837\" src=\"https:\/\/comtal.org\/wp-content\/uploads\/5-4.jpg\" alt=\"Benet Corner\" width=\"1600\" height=\"1200\" srcset=\"https:\/\/comtal.org\/wp-content\/uploads\/5-4.jpg 1600w, https:\/\/comtal.org\/wp-content\/uploads\/5-4-300x225.jpg 300w, https:\/\/comtal.org\/wp-content\/uploads\/5-4-1024x768.jpg 1024w, https:\/\/comtal.org\/wp-content\/uploads\/5-4-768x576.jpg 768w, https:\/\/comtal.org\/wp-content\/uploads\/5-4-1536x1152.jpg 1536w, https:\/\/comtal.org\/wp-content\/uploads\/5-4-172x129.jpg 172w\" sizes=\"auto, (max-width: 1600px) 100vw, 1600px\" \/><\/span><\/p>\n<h3><span style=\"color: #ff9900;\"><strong>Fabricaci\u00f3n de jardineras. Un reto logrado con \u00e9xito<\/strong><\/span><\/h3>\n<p>Despu\u00e9s de mucho meses de trabajo, el espacio del Benet Corner dispone de una <strong>zona sostenible de jardineras verticales<\/strong> con&nbsp;testos&nbsp;hechos con impresoras 3D y dise\u00f1ados por el alumnado con material biodegradable, <strong>para promover como valor comunitario la sostenibilidad.<\/strong><\/p>\n<p><span class=\"responsive\"><span class=\"responsive\"><\/span><img loading=\"lazy\" decoding=\"async\" class=\"aligncenter size-full wp-image-24840\" src=\"https:\/\/comtal.org\/wp-content\/uploads\/6-2-e1663318843969.jpg\" alt=\"jardineres\" width=\"1255\" height=\"899\" srcset=\"https:\/\/comtal.org\/wp-content\/uploads\/6-2-e1663318843969.jpg 1255w, https:\/\/comtal.org\/wp-content\/uploads\/6-2-e1663318843969-300x215.jpg 300w, https:\/\/comtal.org\/wp-content\/uploads\/6-2-e1663318843969-1024x734.jpg 1024w, https:\/\/comtal.org\/wp-content\/uploads\/6-2-e1663318843969-768x550.jpg 768w, https:\/\/comtal.org\/wp-content\/uploads\/6-2-e1663318843969-180x129.jpg 180w\" sizes=\"auto, (max-width: 1255px) 100vw, 1255px\" \/><\/span><\/p>\n<p>El reto ha sido un \u00e9xito gracias a la&nbsp;financiaci\u00f3&nbsp;del Ayuntamiento de Barcelona y su proyecto&nbsp;BitHabitat, para mejorar el entorno urbano y la brecha digital de las personas vulnerables, y al apoyo y asesoramiento de los Ateneos de Fabricaci\u00f3n Digital.<\/p>\n","protected":false},"excerpt":{"rendered":"<p>Hace m\u00e1s de 6 meses planteamos un reto al grupo de j\u00f3venes del&nbsp;Construeix-te&nbsp;de la Escuela de Segunda Oportunidad; la mejora y el embellecimiento del espacio Benet&nbsp;Corner&nbsp;a trav\u00e9s de la fabricaci\u00f3n [&hellip;]<\/p>\n","protected":false},"author":2,"featured_media":24841,"comment_status":"closed","ping_status":"closed","sticky":false,"template":"","format":"standard","meta":{"footnotes":""},"categories":[19],"tags":[],"class_list":["post-24850","post","type-post","status-publish","format-standard","has-post-thumbnail","hentry","category-general-es"],"_links":{"self":[{"href":"https:\/\/comtal.org\/es\/wp-json\/wp\/v2\/posts\/24850","targetHints":{"allow":["GET"]}}],"collection":[{"href":"https:\/\/comtal.org\/es\/wp-json\/wp\/v2\/posts"}],"about":[{"href":"https:\/\/comtal.org\/es\/wp-json\/wp\/v2\/types\/post"}],"author":[{"embeddable":true,"href":"https:\/\/comtal.org\/es\/wp-json\/wp\/v2\/users\/2"}],"replies":[{"embeddable":true,"href":"https:\/\/comtal.org\/es\/wp-json\/wp\/v2\/comments?post=24850"}],"version-history":[{"count":6,"href":"https:\/\/comtal.org\/es\/wp-json\/wp\/v2\/posts\/24850\/revisions"}],"predecessor-version":[{"id":24859,"href":"https:\/\/comtal.org\/es\/wp-json\/wp\/v2\/posts\/24850\/revisions\/24859"}],"wp:featuredmedia":[{"embeddable":true,"href":"https:\/\/comtal.org\/es\/wp-json\/wp\/v2\/media\/24841"}],"wp:attachment":[{"href":"https:\/\/comtal.org\/es\/wp-json\/wp\/v2\/media?parent=24850"}],"wp:term":[{"taxonomy":"category","embeddable":true,"href":"https:\/\/comtal.org\/es\/wp-json\/wp\/v2\/categories?post=24850"},{"taxonomy":"post_tag","embeddable":true,"href":"https:\/\/comtal.org\/es\/wp-json\/wp\/v2\/tags?post=24850"}],"curies":[{"name":"wp","href":"https:\/\/api.w.org\/{rel}","templated":true}]}}