{"id":24646,"date":"2025-05-07T11:20:00","date_gmt":"2025-05-07T11:20:00","guid":{"rendered":"https:\/\/comtal.org\/apuntate-al-pfi-de-hoteleria-o-pasteleria\/"},"modified":"2025-06-05T11:44:20","modified_gmt":"2025-06-05T11:44:20","slug":"programa_caminamos","status":"publish","type":"post","link":"https:\/\/comtal.org\/es\/programa_caminamos\/","title":{"rendered":"YA PUEDES APUNTARTE AL PROGRAMA CAMINAMOS"},"content":{"rendered":"<p>En la Fundaci\u00f3 Comtal abrimos periodo de preinscripciones online e inscripciones presenciales del Programa \u00abCaminamos hacia el futuro\u00bb que impartiremos durante el curso 2025-2026. Una formaci\u00f3n para j\u00f3venes que no han logrado la ESO y\/o son tuteladas, ex-tuteladas o reci\u00e9n llegadas solas.<\/p>\n<h2><span style=\"color: #ff9900;\"><strong>Titulaciones que puedes lograr:<\/strong><\/span><\/h2>\n<ul>\n<li>PFI HT06 Auxiliar de serveis de restauraci\u00f3 i cuina o certificat d&#8217;assist\u00e8ncia.<\/li>\n<li>Acreditaci\u00f3 de compet\u00e8ncies digitals\u00a0<span class=\"hiddenSpellError\">ACTIC<\/span>\u00a0\u2013\u00a0<span class=\"hiddenGrammarError\" style=\"padding-bottom: 2px; background-image: url('..\/..\/..\/..\/..\/images\/squiggle.png'); background-repeat: repeat-x; background-position: left bottom; cursor: default; color: #000000; font-family: 'Open Sans', Helvetica, Arial, sans-serif; font-size: 16px; font-style: normal; font-variant-ligatures: normal; font-variant-caps: normal; font-weight: 300; letter-spacing: normal; orphans: 2; text-align: start; text-indent: 0px; text-transform: none; widows: 2; word-spacing: 0px; -webkit-text-stroke-width: 0px; white-space: normal; text-decoration-thickness: initial; text-decoration-style: initial; text-decoration-color: initial;\">CODI<\/span><\/li>\n<\/ul>\n<p>Estos estudios capacitan para realizar operaciones b\u00e1sicas de preparaci\u00f3n y conservaci\u00f3n de elaboraciones culinarias sencillas, as\u00ed como las operaciones de preparaci\u00f3n y presentaci\u00f3n de alimentos y bebidas en establecimientos de restauraci\u00f3n, asistiendo en los procesos de servicio y atenci\u00f3n al cliente.<\/p>\n<p>Tambi\u00e9n acreditaremos las competencias digitales de las personas j\u00f3venes.<\/p>\n<ul>\n<li><b>Costes: <\/b>140 euros (50 euros de matr\u00edcula + 90 euros material). Formaci\u00f3n becada.<\/li>\n<li><b>Periodicidad: <\/b>Un curso escolar, de septiembre a julio.<br \/>\nDe lunes a viernes de 9:00h a 14:30h. (27,5 hores semanales de formaci\u00f3n).<\/li>\n<li><b>Ofrecemos:<\/b> Soporte educativo y Mentoria.<\/li>\n<li><b>Autorizados por: <\/b>Departament d\u2019Educaci\u00f3 \/ Departament d\u2019Igualtat i Feminismes i Departament de Drets Socials.<\/li>\n<\/ul>\n<p><span class=\"responsive\"><a href=\"https:\/\/comtal.org\/wp-content\/uploads\/Activitats-i-dies-interenacionals-2.jpg\"><img loading=\"lazy\" decoding=\"async\" class=\"alignnone wp-image-28469 size-large\" src=\"https:\/\/comtal.org\/wp-content\/uploads\/Activitats-i-dies-interenacionals-2-1024x1024.jpg\" alt=\"pfi cuina\" width=\"1024\" height=\"1024\" srcset=\"https:\/\/comtal.org\/wp-content\/uploads\/Activitats-i-dies-interenacionals-2-1024x1024.jpg 1024w, https:\/\/comtal.org\/wp-content\/uploads\/Activitats-i-dies-interenacionals-2-300x300.jpg 300w, https:\/\/comtal.org\/wp-content\/uploads\/Activitats-i-dies-interenacionals-2-150x150.jpg 150w, https:\/\/comtal.org\/wp-content\/uploads\/Activitats-i-dies-interenacionals-2-768x768.jpg 768w, https:\/\/comtal.org\/wp-content\/uploads\/Activitats-i-dies-interenacionals-2-120x120.jpg 120w, https:\/\/comtal.org\/wp-content\/uploads\/Activitats-i-dies-interenacionals-2-60x60.jpg 60w, https:\/\/comtal.org\/wp-content\/uploads\/Activitats-i-dies-interenacionals-2-129x129.jpg 129w, https:\/\/comtal.org\/wp-content\/uploads\/Activitats-i-dies-interenacionals-2.jpg 1080w\" sizes=\"auto, (max-width: 1024px) 100vw, 1024px\" \/><\/a><\/span><\/p>\n<p><strong style=\"color: #ff9900;\">\u00bfC\u00d3MO PUEDO APUNTARME AL CURSO?<\/strong><\/p>\n<p><strong>1. Haz tu preinscripci\u00f3n\u00a0<\/strong><\/p>\n<p>Las preinscripciones online se inician del<strong> 6 de mayo al 26 de julio (\u00daLTIMAS PLAZAS)<\/strong>. Para inscribirte debes rellenar <a href=\"https:\/\/forms.office.com\/pages\/responsepage.aspx?id=y_w8_cDPcUKqD9PZubf9gY_tQwPdZuhBmpsFmE4NPXJUNlM4VVI5RVZXOElFQlJRVEtSVkhBTjVWMS4u&amp;origin=lprLink&amp;route=shorturl\" target=\"_blank\" rel=\"noopener\"><span style=\"color: #ff9900;\">este formulario<\/span><\/a>. Si tienes dudas puedes llamar al 93 319 52 76 o 676 47 23 59.<\/p>\n<p>Una vez recibida tu solicitud nos pondremos en contacto con las personas preseleccionadas para convocarlas y hacerlas una entrevista personal y una prueba competencial de selecci\u00f3n.<\/p>\n<p><strong>2. Entrevista presencial y prueba de nivel\u00a0<\/strong><\/p>\n<p>Las entrevistas presenciales se har\u00e1n a partir del <strong>26\u00a0de mayo CON CITA PREVIA<\/strong> en la propia Escuela de Segunda Oportunidad.<\/p>\n<p>Para coger cita previa tambi\u00e9n puedes llamar al 93 319 52 76 o 676 47 23 59.<\/p>\n<p><span style=\"color: #ff9900;\"><strong>REQUISITOS DE ACCESO<\/strong><\/span><\/p>\n<ul>\n<li>Ser mayor de 16 a\u00f1os y menor de 21 a\u00f1os.<\/li>\n<li>No haber obtenido el t\u00edtulo de la ESO.<\/li>\n<\/ul>\n<p><span style=\"color: #ff9900;\"><strong>INSCRIPCIONES: DOCUMENTACI\u00d3N OBLIGATORIA A ENTREGAR<\/strong><\/span><\/p>\n<ul>\n<li>Fotocopia del DNI\/NIE vigente\/Passaport vigente<\/li>\n<li>Fotocopia del DNI\/NIE del padre\/madre\/tutor legal (por los menores de edad)<\/li>\n<li>Fotocopia de la tarjeta sanitaria<\/li>\n<li>Fotocopia del Certificado Acad\u00e9mico y\/u otros informes de calificaciones<\/li>\n<\/ul>\n<p><strong>Os esperamos!<\/strong><\/p>\n","protected":false},"excerpt":{"rendered":"<p>Curso para j\u00f3venes que no han conseguido la ESO y\/o son personas tuteladas, extuteladas o j\u00f3venes bienvenidos<\/p>\n","protected":false},"author":2,"featured_media":26102,"comment_status":"closed","ping_status":"closed","sticky":false,"template":"","format":"standard","meta":{"footnotes":""},"categories":[24,411,25],"tags":[447,328,416,597,598],"class_list":["post-24646","post","type-post","status-publish","format-standard","has-post-thumbnail","hentry","category-educacion","category-formacion-es","category-fundacioncomtal","tag-escuela-segunda-oportunidad","tag-formacion","tag-formacion-es","tag-pfi-cuina-es","tag-pfi-hoteleria-es"],"_links":{"self":[{"href":"https:\/\/comtal.org\/es\/wp-json\/wp\/v2\/posts\/24646","targetHints":{"allow":["GET"]}}],"collection":[{"href":"https:\/\/comtal.org\/es\/wp-json\/wp\/v2\/posts"}],"about":[{"href":"https:\/\/comtal.org\/es\/wp-json\/wp\/v2\/types\/post"}],"author":[{"embeddable":true,"href":"https:\/\/comtal.org\/es\/wp-json\/wp\/v2\/users\/2"}],"replies":[{"embeddable":true,"href":"https:\/\/comtal.org\/es\/wp-json\/wp\/v2\/comments?post=24646"}],"version-history":[{"count":54,"href":"https:\/\/comtal.org\/es\/wp-json\/wp\/v2\/posts\/24646\/revisions"}],"predecessor-version":[{"id":28471,"href":"https:\/\/comtal.org\/es\/wp-json\/wp\/v2\/posts\/24646\/revisions\/28471"}],"wp:featuredmedia":[{"embeddable":true,"href":"https:\/\/comtal.org\/es\/wp-json\/wp\/v2\/media\/26102"}],"wp:attachment":[{"href":"https:\/\/comtal.org\/es\/wp-json\/wp\/v2\/media?parent=24646"}],"wp:term":[{"taxonomy":"category","embeddable":true,"href":"https:\/\/comtal.org\/es\/wp-json\/wp\/v2\/categories?post=24646"},{"taxonomy":"post_tag","embeddable":true,"href":"https:\/\/comtal.org\/es\/wp-json\/wp\/v2\/tags?post=24646"}],"curies":[{"name":"wp","href":"https:\/\/api.w.org\/{rel}","templated":true}]}}