{"id":24644,"date":"2022-07-05T15:51:51","date_gmt":"2022-07-05T15:51:51","guid":{"rendered":"https:\/\/comtal.org\/disfrutamos-de-la-iv-cena-solidaria\/"},"modified":"2022-07-07T15:26:54","modified_gmt":"2022-07-07T15:26:54","slug":"disfrutamos-de-la-iv-cena-solidaria","status":"publish","type":"post","link":"https:\/\/comtal.org\/es\/disfrutamos-de-la-iv-cena-solidaria\/","title":{"rendered":"DISFRUTAMOS DE LA IV CENA SOLIDARIA"},"content":{"rendered":"<p>[vc_row][vc_column][vc_column_text]<\/p>\n<p>El pasado viernes 17 de junio celebramos la IV Cena Solidaria #ReescrivimFutur.<br \/>\nGracias a todas las personas solidarias que han asistido a la cena, y a las que colaboraron con la fila 0,<strong> hemos conseguido m\u00e1s de 2.025\u20ac<\/strong> que se destinar\u00e1 a <strong>financiar parte de las actividades de verano, colonias, y campamentos de 125 ni\u00f1os, adolescentes y j\u00f3venes.<\/strong><br \/>\nDe este modo, hacemos posible el verano que se merecen y necesitan y <strong>garantizamos que vivan el verano, de forma inclusiva, divertida y saludable.<\/strong><\/p>\n<p><span class=\"responsive\"><img loading=\"lazy\" decoding=\"async\" class=\"aligncenter size-full wp-image-24595\" src=\"https:\/\/comtal.org\/wp-content\/uploads\/WhatsApp-Image-2022-06-21-at-1.16.38-PM-1-e1655884811701.jpeg\" alt=\"sopar solidari\" width=\"2000\" height=\"1015\" srcset=\"https:\/\/comtal.org\/wp-content\/uploads\/WhatsApp-Image-2022-06-21-at-1.16.38-PM-1-e1655884811701.jpeg 2000w, https:\/\/comtal.org\/wp-content\/uploads\/WhatsApp-Image-2022-06-21-at-1.16.38-PM-1-e1655884811701-300x152.jpeg 300w, https:\/\/comtal.org\/wp-content\/uploads\/WhatsApp-Image-2022-06-21-at-1.16.38-PM-1-e1655884811701-1024x520.jpeg 1024w, https:\/\/comtal.org\/wp-content\/uploads\/WhatsApp-Image-2022-06-21-at-1.16.38-PM-1-e1655884811701-768x390.jpeg 768w, https:\/\/comtal.org\/wp-content\/uploads\/WhatsApp-Image-2022-06-21-at-1.16.38-PM-1-e1655884811701-1536x780.jpeg 1536w, https:\/\/comtal.org\/wp-content\/uploads\/WhatsApp-Image-2022-06-21-at-1.16.38-PM-1-e1655884811701-188x95.jpeg 188w\" sizes=\"auto, (max-width: 2000px) 100vw, 2000px\" \/><\/span><\/p>\n<p><strong>68 personas invitadas nos acompa\u00f1aron durante la cena y 36 adolescentes y j\u00f3venes de la Fundaci\u00f3 Comtal colaboraron durante el acontecimiento<\/strong>, en una noche muy especial, llena de alegr\u00eda, magia, buena compa\u00f1\u00eda, reencuentros e ilusi\u00f3n compartida.<\/p>\n<p><span class=\"responsive\"><img loading=\"lazy\" decoding=\"async\" class=\"aligncenter size-full wp-image-24607\" src=\"https:\/\/comtal.org\/wp-content\/uploads\/DSC_7427-scaled.jpg\" alt=\"coctel fundaci\u00f3 comtal\" width=\"2560\" height=\"1707\" srcset=\"https:\/\/comtal.org\/wp-content\/uploads\/DSC_7427-scaled.jpg 2560w, https:\/\/comtal.org\/wp-content\/uploads\/DSC_7427-300x200.jpg 300w, https:\/\/comtal.org\/wp-content\/uploads\/DSC_7427-1024x683.jpg 1024w, https:\/\/comtal.org\/wp-content\/uploads\/DSC_7427-768x512.jpg 768w, https:\/\/comtal.org\/wp-content\/uploads\/DSC_7427-1536x1024.jpg 1536w, https:\/\/comtal.org\/wp-content\/uploads\/DSC_7427-2048x1365.jpg 2048w, https:\/\/comtal.org\/wp-content\/uploads\/DSC_7427-188x125.jpg 188w\" sizes=\"auto, (max-width: 2560px) 100vw, 2560px\" \/><\/span><\/p>\n<p>El equipo de cocina y servicio de la <strong>Escuela de Segunda Oportunidad<\/strong>, fue uno de los grandes protagonistas de la noche, quien <strong>se encarg\u00f3 de hacer el men\u00fa degustaci\u00f3n de la cena y el servicio durante el acto<\/strong>. Como siempre, hicieron un trabajo espectacular, ofreciendo una comida buen\u00edsima y un servicio inmejorable.<\/p>\n<p><span class=\"responsive\"><img loading=\"lazy\" decoding=\"async\" class=\"aligncenter size-full wp-image-24609\" src=\"https:\/\/comtal.org\/wp-content\/uploads\/DSC_7550-scaled.jpg\" alt=\"mag gam tarr\u00e9s\" width=\"2560\" height=\"1707\" srcset=\"https:\/\/comtal.org\/wp-content\/uploads\/DSC_7550-scaled.jpg 2560w, https:\/\/comtal.org\/wp-content\/uploads\/DSC_7550-300x200.jpg 300w, https:\/\/comtal.org\/wp-content\/uploads\/DSC_7550-1024x683.jpg 1024w, https:\/\/comtal.org\/wp-content\/uploads\/DSC_7550-768x512.jpg 768w, https:\/\/comtal.org\/wp-content\/uploads\/DSC_7550-1536x1024.jpg 1536w, https:\/\/comtal.org\/wp-content\/uploads\/DSC_7550-2048x1365.jpg 2048w, https:\/\/comtal.org\/wp-content\/uploads\/DSC_7550-188x125.jpg 188w\" sizes=\"auto, (max-width: 2560px) 100vw, 2560px\" \/><\/span><\/p>\n<p>Un completo acierto y placer fue poder contar con <strong>la solidaridad y el talento del Mago\u00a0Gam\u00a0Tarr\u00e9s,<\/strong> qui\u00e9n nos ofreci\u00f3 durante la cena diferentes espect\u00e1culos de magia de cerca.<\/p>\n<p><span class=\"responsive\"><img loading=\"lazy\" decoding=\"async\" class=\"aligncenter size-full wp-image-24599\" src=\"https:\/\/comtal.org\/wp-content\/uploads\/WhatsApp-Image-2022-06-21-at-1.16.36-PM-1.jpeg\" alt=\"\" width=\"2000\" height=\"1500\" srcset=\"https:\/\/comtal.org\/wp-content\/uploads\/WhatsApp-Image-2022-06-21-at-1.16.36-PM-1.jpeg 2000w, https:\/\/comtal.org\/wp-content\/uploads\/WhatsApp-Image-2022-06-21-at-1.16.36-PM-1-300x225.jpeg 300w, https:\/\/comtal.org\/wp-content\/uploads\/WhatsApp-Image-2022-06-21-at-1.16.36-PM-1-1024x768.jpeg 1024w, https:\/\/comtal.org\/wp-content\/uploads\/WhatsApp-Image-2022-06-21-at-1.16.36-PM-1-768x576.jpeg 768w, https:\/\/comtal.org\/wp-content\/uploads\/WhatsApp-Image-2022-06-21-at-1.16.36-PM-1-1536x1152.jpeg 1536w, https:\/\/comtal.org\/wp-content\/uploads\/WhatsApp-Image-2022-06-21-at-1.16.36-PM-1-172x129.jpeg 172w\" sizes=\"auto, (max-width: 2000px) 100vw, 2000px\" \/><\/span><\/p>\n<p>Tambi\u00e9n queremos agradecer al equipo de <strong>j\u00f3venes del Centro Abierto y los Pisos de promoci\u00f3n a la autonomia<\/strong> el apoyo con el control y venta de entradas y el apoyo en el montaje y recogida de la cena. \u00a1Sin vosotros, nada hubiera estado igual!<\/p>\n<p><span class=\"responsive\"><img loading=\"lazy\" decoding=\"async\" class=\"aligncenter size-full wp-image-24601\" src=\"https:\/\/comtal.org\/wp-content\/uploads\/DSC_7646-scaled.jpg\" alt=\"rifa solidaria\" width=\"2560\" height=\"1707\" srcset=\"https:\/\/comtal.org\/wp-content\/uploads\/DSC_7646-scaled.jpg 2560w, https:\/\/comtal.org\/wp-content\/uploads\/DSC_7646-300x200.jpg 300w, https:\/\/comtal.org\/wp-content\/uploads\/DSC_7646-1024x683.jpg 1024w, https:\/\/comtal.org\/wp-content\/uploads\/DSC_7646-768x512.jpg 768w, https:\/\/comtal.org\/wp-content\/uploads\/DSC_7646-1536x1024.jpg 1536w, https:\/\/comtal.org\/wp-content\/uploads\/DSC_7646-2048x1365.jpg 2048w, https:\/\/comtal.org\/wp-content\/uploads\/DSC_7646-188x125.jpg 188w\" sizes=\"auto, (max-width: 2560px) 100vw, 2560px\" \/><\/span><\/p>\n<p>El acto finaliz\u00f3 con el agradecimiento de direcci\u00f3n y con la resoluci\u00f3n del sorteo solidario, que se hizo con el apoyo de las <strong>j\u00f3venes del\u00a0CRAE\u00a0La Salle y patronato.<\/strong><\/p>\n<p><span class=\"responsive\"><img loading=\"lazy\" decoding=\"async\" class=\"aligncenter size-full wp-image-24603\" src=\"https:\/\/comtal.org\/wp-content\/uploads\/WhatsApp-Image-2022-06-21-at-1.17.04-PM.jpeg\" alt=\"Fundaci\u00f3 Comtal\" width=\"2000\" height=\"1500\" srcset=\"https:\/\/comtal.org\/wp-content\/uploads\/WhatsApp-Image-2022-06-21-at-1.17.04-PM.jpeg 2000w, https:\/\/comtal.org\/wp-content\/uploads\/WhatsApp-Image-2022-06-21-at-1.17.04-PM-300x225.jpeg 300w, https:\/\/comtal.org\/wp-content\/uploads\/WhatsApp-Image-2022-06-21-at-1.17.04-PM-1024x768.jpeg 1024w, https:\/\/comtal.org\/wp-content\/uploads\/WhatsApp-Image-2022-06-21-at-1.17.04-PM-768x576.jpeg 768w, https:\/\/comtal.org\/wp-content\/uploads\/WhatsApp-Image-2022-06-21-at-1.17.04-PM-1536x1152.jpeg 1536w, https:\/\/comtal.org\/wp-content\/uploads\/WhatsApp-Image-2022-06-21-at-1.17.04-PM-172x129.jpeg 172w\" sizes=\"auto, (max-width: 2000px) 100vw, 2000px\" \/><\/span><\/p>\n<p><strong>Gracias a todas las empresas y escuelas colaboradoras<\/strong> que se han sumado para hacer posible la cena y garantizar el derecho al ocio educativo:<\/p>\n<p><span class=\"responsive\"><img loading=\"lazy\" decoding=\"async\" class=\"aligncenter size-full wp-image-24605\" src=\"https:\/\/comtal.org\/wp-content\/uploads\/logos-colaboradors-sopar-solidari.png\" alt=\"colaboradores\" width=\"1069\" height=\"467\" srcset=\"https:\/\/comtal.org\/wp-content\/uploads\/logos-colaboradors-sopar-solidari.png 1069w, https:\/\/comtal.org\/wp-content\/uploads\/logos-colaboradors-sopar-solidari-300x131.png 300w, https:\/\/comtal.org\/wp-content\/uploads\/logos-colaboradors-sopar-solidari-1024x447.png 1024w, https:\/\/comtal.org\/wp-content\/uploads\/logos-colaboradors-sopar-solidari-768x336.png 768w, https:\/\/comtal.org\/wp-content\/uploads\/logos-colaboradors-sopar-solidari-188x82.png 188w\" sizes=\"auto, (max-width: 1069px) 100vw, 1069px\" \/><\/span><\/p>\n<p><span style=\"color: #ff9900;\"><strong>JUNTOS Y JUNTAS HACEMOS POSSIBLE UN VERANO INCLUSIVO!<\/strong><\/span><\/p>\n<p>Para finalizar, os dejamos el video resumen de todo lo que vivimos durante la cena. Os esperamos con muchas ganas en la pr\u00f3xima edici\u00f3n. \u00a1Gracias de todo coraz\u00f3n![\/vc_column_text][vc_video link=\u00bbhttps:\/\/www.youtube.com\/watch?v=gu19ApdZZUM\u00bb][\/vc_column][\/vc_row]<\/p>\n","protected":false},"excerpt":{"rendered":"<p>[vc_row][vc_column][vc_column_text] El pasado viernes 17 de junio celebramos la IV Cena Solidaria #ReescrivimFutur. Gracias a todas las personas solidarias que han asistido a la cena, y a las que colaboraron [&hellip;]<\/p>\n","protected":false},"author":2,"featured_media":24598,"comment_status":"closed","ping_status":"closed","sticky":false,"template":"","format":"standard","meta":{"footnotes":""},"categories":[22,23,25,30],"tags":[453,518,551,550,552,553],"class_list":["post-24644","post","type-post","status-publish","format-standard","has-post-thumbnail","hentry","category-colaboradores","category-comunidad","category-fundacioncomtal","category-voluntariado","tag-cena-solidaria","tag-derecho-al-ocio","tag-menu-degustacion","tag-reescribimos-futuro","tag-rifa-solidaria-es","tag-verano-inclusivo"],"_links":{"self":[{"href":"https:\/\/comtal.org\/es\/wp-json\/wp\/v2\/posts\/24644","targetHints":{"allow":["GET"]}}],"collection":[{"href":"https:\/\/comtal.org\/es\/wp-json\/wp\/v2\/posts"}],"about":[{"href":"https:\/\/comtal.org\/es\/wp-json\/wp\/v2\/types\/post"}],"author":[{"embeddable":true,"href":"https:\/\/comtal.org\/es\/wp-json\/wp\/v2\/users\/2"}],"replies":[{"embeddable":true,"href":"https:\/\/comtal.org\/es\/wp-json\/wp\/v2\/comments?post=24644"}],"version-history":[{"count":4,"href":"https:\/\/comtal.org\/es\/wp-json\/wp\/v2\/posts\/24644\/revisions"}],"predecessor-version":[{"id":24685,"href":"https:\/\/comtal.org\/es\/wp-json\/wp\/v2\/posts\/24644\/revisions\/24685"}],"wp:featuredmedia":[{"embeddable":true,"href":"https:\/\/comtal.org\/es\/wp-json\/wp\/v2\/media\/24598"}],"wp:attachment":[{"href":"https:\/\/comtal.org\/es\/wp-json\/wp\/v2\/media?parent=24644"}],"wp:term":[{"taxonomy":"category","embeddable":true,"href":"https:\/\/comtal.org\/es\/wp-json\/wp\/v2\/categories?post=24644"},{"taxonomy":"post_tag","embeddable":true,"href":"https:\/\/comtal.org\/es\/wp-json\/wp\/v2\/tags?post=24644"}],"curies":[{"name":"wp","href":"https:\/\/api.w.org\/{rel}","templated":true}]}}