{"id":24467,"date":"2023-04-11T10:56:59","date_gmt":"2023-04-11T10:56:59","guid":{"rendered":"https:\/\/comtal.org\/?p=24467"},"modified":"2023-04-12T20:39:08","modified_gmt":"2023-04-12T20:39:08","slug":"te-esperamos-en-la-cena-solidaria","status":"publish","type":"post","link":"https:\/\/comtal.org\/es\/te-esperamos-en-la-cena-solidaria\/","title":{"rendered":"TE ESPERAMOS EN LA V CENA SOLIDARIA"},"content":{"rendered":"<p>[vc_row][vc_column][vc_column_text]<\/p>\n<h2><strong><span style=\"color: #ff9900;\">Te invitamos a la V Cena Solidaria #ReescrivimFutur!<\/span><\/strong><\/h2>\n<p>El pr\u00f3ximo 19 de mayo a las 20h organizamos una nueva edici\u00f3n de Cena Solidaria en el patio de La Salle Comtal y \u00a1queremos disfrutarlo contigo!<\/p>\n<p><strong>Todo el que recaudamos se destinar\u00e1 a garantizar un verano inclusivo, divertido y saludable por los ni\u00f1os\/as y adolescentes que acompa\u00f1amos en la Fundaci\u00f3 Comtal.<\/strong><\/p>\n<p><strong>El acto lo organizamos con el objetivo de combatir las desigualdades que se intensifican durante el verano.<\/strong><br \/>\nMuchas familias no tienen los recursos suficientes para que sus hijos e hijas puedan hacer actividades de verano, colonias o campamento, y acaban solos a casa o en la calle.<br \/>\n<strong>Con los fondos recaudados de la cena, garantizaremos el derecho al ocio y cubriremos sus necesidades b\u00e1sicas.<\/strong><\/p>\n<p>El alumnado del Programa de Formaci\u00f3n e inserci\u00f3n de Cocina y Servicios de Restauraci\u00f3n de nuestra <span style=\"color: #ff9900;\"><a style=\"color: #ff9900;\" href=\"\/?page_id=15829\">Escuela de Segunda Oportunidad<\/a><\/span>, ya est\u00e1 trabajando en el men\u00fa degustaci\u00f3n de la cena y ser\u00e1n los encargados de hacer el servicio durante el acto.<\/p>\n<p>En la cena podr\u00e1s probar el <strong>men\u00fa degustaci\u00f3n con bebida y\u00a0postre, disfrutar de un espect\u00e1culo de magia a cargo del Mago\u00a0Gam\u00a0Tarr\u00e9s, de m\u00fasica en directo con el artista\u00a0Aftab, y participar en el sorteo de\u00a0vales\u00a0y regalos.<\/strong>[\/vc_column_text][vc_column_text]<span class=\"responsive\"><a href=\"https:\/\/comtal.org\/wp-content\/uploads\/2-3.png\"><img loading=\"lazy\" decoding=\"async\" class=\"alignnone wp-image-26068 size-large\" src=\"https:\/\/comtal.org\/wp-content\/uploads\/2-3-724x1024.png\" alt=\"sopar solidari\" width=\"724\" height=\"1024\" srcset=\"https:\/\/comtal.org\/wp-content\/uploads\/2-3-724x1024.png 724w, https:\/\/comtal.org\/wp-content\/uploads\/2-3-212x300.png 212w, https:\/\/comtal.org\/wp-content\/uploads\/2-3-768x1086.png 768w, https:\/\/comtal.org\/wp-content\/uploads\/2-3-1086x1536.png 1086w, https:\/\/comtal.org\/wp-content\/uploads\/2-3-91x129.png 91w, https:\/\/comtal.org\/wp-content\/uploads\/2-3.png 1414w\" sizes=\"auto, (max-width: 724px) 100vw, 724px\" \/><\/a><\/span>[\/vc_column_text][vc_column_text]La V Cena SolidariA #ReescrivimFutur, a la vez, marca el inicio de nuestro reto solidario de verano para conseguir que<strong> 105 ni\u00f1os\/as, adolescentes y j\u00f3venes puedan hacer actividades de verano, colonias, y campamentos durante julio, as\u00ed como cubrir sus necesidades de alimentaci\u00f3n.<\/strong><\/p>\n<p>Si no puedes sumarte el 19 de mayo a la V Cena Solidario #ReescrvimFutur, pero quieres <strong><a href=\"\/?page_id=11252\"><span style=\"color: #ff9900;\">hacer posible el verano l\u00fadico y educativo que se merecen y necesitan nuestros ni\u00f1os y adolescentes<\/span><\/a>, puedes participar con la Fila 0, haciendo un donativo al <a href=\"https:\/\/www.migranodearena.org\/reto\/-haz-posible-su-verano-\" target=\"_blank\" rel=\"noopener\">reto solidario<\/a> de verano.<\/strong><\/p>\n<p><span style=\"color: #ff9900;\">\u00a1Te esperamos con mucha ilusi\u00f3n!<\/span>[\/vc_column_text][vc_btn title=\u00bbCONFIRMO ASISTENCIA\u00bb color=\u00bbwarning\u00bb size=\u00bblg\u00bb align=\u00bbcenter\u00bb link=\u00bburl:https%3A%2F%2Fforms.gle%2F9NjB9JeGhweYgcri9&#8243;][vc_btn title=\u00bbCOLABORO CON LA FILA 0&#8243; color=\u00bbwarning\u00bb size=\u00bblg\u00bb align=\u00bbcenter\u00bb link=\u00bburl:https%3A%2F%2Fwww.migranodearena.org%2Freto%2F-haz-posible-su-verano-\u00ab][\/vc_column][\/vc_row]<\/p>\n","protected":false},"excerpt":{"rendered":"<p>[vc_row][vc_column][vc_column_text] Te invitamos a la V Cena Solidaria #ReescrivimFutur! El pr\u00f3ximo 19 de mayo a las 20h organizamos una nueva edici\u00f3n de Cena Solidaria en el patio de La Salle [&hellip;]<\/p>\n","protected":false},"author":2,"featured_media":26072,"comment_status":"closed","ping_status":"closed","sticky":false,"template":"","format":"standard","meta":{"footnotes":""},"categories":[22,25,19,409,28],"tags":[453,518,404,544],"class_list":["post-24467","post","type-post","status-publish","format-standard","has-post-thumbnail","hentry","category-colaboradores","category-fundacioncomtal","category-general-es","category-la-salle-es","category-solidaridad","tag-cena-solidaria","tag-derecho-al-ocio","tag-desigualdades","tag-verano-es"],"_links":{"self":[{"href":"https:\/\/comtal.org\/es\/wp-json\/wp\/v2\/posts\/24467","targetHints":{"allow":["GET"]}}],"collection":[{"href":"https:\/\/comtal.org\/es\/wp-json\/wp\/v2\/posts"}],"about":[{"href":"https:\/\/comtal.org\/es\/wp-json\/wp\/v2\/types\/post"}],"author":[{"embeddable":true,"href":"https:\/\/comtal.org\/es\/wp-json\/wp\/v2\/users\/2"}],"replies":[{"embeddable":true,"href":"https:\/\/comtal.org\/es\/wp-json\/wp\/v2\/comments?post=24467"}],"version-history":[{"count":28,"href":"https:\/\/comtal.org\/es\/wp-json\/wp\/v2\/posts\/24467\/revisions"}],"predecessor-version":[{"id":26135,"href":"https:\/\/comtal.org\/es\/wp-json\/wp\/v2\/posts\/24467\/revisions\/26135"}],"wp:featuredmedia":[{"embeddable":true,"href":"https:\/\/comtal.org\/es\/wp-json\/wp\/v2\/media\/26072"}],"wp:attachment":[{"href":"https:\/\/comtal.org\/es\/wp-json\/wp\/v2\/media?parent=24467"}],"wp:term":[{"taxonomy":"category","embeddable":true,"href":"https:\/\/comtal.org\/es\/wp-json\/wp\/v2\/categories?post=24467"},{"taxonomy":"post_tag","embeddable":true,"href":"https:\/\/comtal.org\/es\/wp-json\/wp\/v2\/tags?post=24467"}],"curies":[{"name":"wp","href":"https:\/\/api.w.org\/{rel}","templated":true}]}}