{"id":24375,"date":"2022-04-04T20:26:46","date_gmt":"2022-04-04T20:26:46","guid":{"rendered":"https:\/\/comtal.org\/acogemos-a-jovenes-de-e2o-cataluna\/"},"modified":"2022-04-29T08:08:30","modified_gmt":"2022-04-29T08:08:30","slug":"acogemos-a-jovenes-de-e2o-cataluna","status":"publish","type":"post","link":"https:\/\/comtal.org\/es\/acogemos-a-jovenes-de-e2o-cataluna\/","title":{"rendered":"ACOGEMOS A J\u00d3VENES DE E2O CATALU\u00d1A"},"content":{"rendered":"<p>El pasado 1 de abril, acogimos el encuentro de j\u00f3venes de la Escuela de Segunda Oportunidad en Catalu\u00f1a para preparar el pr\u00f3ximo encuentro estatal de Escuelas de Segunda Oportunidad, que se celebrar\u00e1 el pr\u00f3ximo 26 y 27 de abril en Zaragoza.<\/p>\n<p>Asistieron un total de 32 j\u00f3venes y educadores\/as de Fundaci\u00f3 Comtal, Fundaci\u00f3n Intermedia, Gentis, el Umbral, Salesianos San Jorge, Marianao y Adsis para conocerse y escoger el\/la representante de la vocal\u00eda joven del pr\u00f3ximo encuentro en Zaragoza.<\/p>\n<p><span class=\"responsive\"><img loading=\"lazy\" decoding=\"async\" class=\"aligncenter size-full wp-image-24361\" src=\"https:\/\/comtal.org\/wp-content\/uploads\/WhatsApp-Image-2022-04-01-at-10.43.07-AM.jpeg\" alt=\"joves estudiants\" width=\"1600\" height=\"1200\" srcset=\"https:\/\/comtal.org\/wp-content\/uploads\/WhatsApp-Image-2022-04-01-at-10.43.07-AM.jpeg 1600w, https:\/\/comtal.org\/wp-content\/uploads\/WhatsApp-Image-2022-04-01-at-10.43.07-AM-300x225.jpeg 300w, https:\/\/comtal.org\/wp-content\/uploads\/WhatsApp-Image-2022-04-01-at-10.43.07-AM-1024x768.jpeg 1024w, https:\/\/comtal.org\/wp-content\/uploads\/WhatsApp-Image-2022-04-01-at-10.43.07-AM-768x576.jpeg 768w, https:\/\/comtal.org\/wp-content\/uploads\/WhatsApp-Image-2022-04-01-at-10.43.07-AM-1536x1152.jpeg 1536w, https:\/\/comtal.org\/wp-content\/uploads\/WhatsApp-Image-2022-04-01-at-10.43.07-AM-172x129.jpeg 172w\" sizes=\"auto, (max-width: 1600px) 100vw, 1600px\" \/><\/span><\/p>\n<p>El encuentro continu\u00f3 con un Coffe Break preparado por el alumnado del PFI de auxiliar de hoteleria, cocina y servicios de restauraci\u00f3n de la Escuela de Segunda Oportunidad de Fundaci\u00f3 Comtal en el Palacio Al\u00f2s.<br \/>\nDespu\u00e9s, los y las j\u00f3venes disfrutaron de diferentes din\u00e1micas grupales y de un taller experiencial e interpretativo \u201cEl reto Goya\u201d en el Museo Picasso<\/p>\n<p><span class=\"responsive\"><img loading=\"lazy\" decoding=\"async\" class=\"aligncenter size-full wp-image-24366\" src=\"https:\/\/comtal.org\/wp-content\/uploads\/WhatsApp-Image-2022-04-01-at-1.27.25-PM.jpeg\" alt=\"\" width=\"2016\" height=\"1512\" srcset=\"https:\/\/comtal.org\/wp-content\/uploads\/WhatsApp-Image-2022-04-01-at-1.27.25-PM.jpeg 2016w, https:\/\/comtal.org\/wp-content\/uploads\/WhatsApp-Image-2022-04-01-at-1.27.25-PM-300x225.jpeg 300w, https:\/\/comtal.org\/wp-content\/uploads\/WhatsApp-Image-2022-04-01-at-1.27.25-PM-1024x768.jpeg 1024w, https:\/\/comtal.org\/wp-content\/uploads\/WhatsApp-Image-2022-04-01-at-1.27.25-PM-768x576.jpeg 768w, https:\/\/comtal.org\/wp-content\/uploads\/WhatsApp-Image-2022-04-01-at-1.27.25-PM-1536x1152.jpeg 1536w, https:\/\/comtal.org\/wp-content\/uploads\/WhatsApp-Image-2022-04-01-at-1.27.25-PM-172x129.jpeg 172w\" sizes=\"auto, (max-width: 2016px) 100vw, 2016px\" \/><\/span><br \/>\nCon la foto de grupo finaliz\u00f3 el encuentro, valorado muy positivamente por el alumnado y el equipo educativo!<span class=\"responsive\"><img loading=\"lazy\" decoding=\"async\" class=\"aligncenter size-full wp-image-24363\" src=\"https:\/\/comtal.org\/wp-content\/uploads\/WhatsApp-Image-2022-04-01-at-1.27.25-PM-1.jpeg\" alt=\"foto grupo\" width=\"1600\" height=\"1200\" srcset=\"https:\/\/comtal.org\/wp-content\/uploads\/WhatsApp-Image-2022-04-01-at-1.27.25-PM-1.jpeg 1600w, https:\/\/comtal.org\/wp-content\/uploads\/WhatsApp-Image-2022-04-01-at-1.27.25-PM-1-300x225.jpeg 300w, https:\/\/comtal.org\/wp-content\/uploads\/WhatsApp-Image-2022-04-01-at-1.27.25-PM-1-1024x768.jpeg 1024w, https:\/\/comtal.org\/wp-content\/uploads\/WhatsApp-Image-2022-04-01-at-1.27.25-PM-1-768x576.jpeg 768w, https:\/\/comtal.org\/wp-content\/uploads\/WhatsApp-Image-2022-04-01-at-1.27.25-PM-1-1536x1152.jpeg 1536w, https:\/\/comtal.org\/wp-content\/uploads\/WhatsApp-Image-2022-04-01-at-1.27.25-PM-1-172x129.jpeg 172w\" sizes=\"auto, (max-width: 1600px) 100vw, 1600px\" \/><\/span><\/p>\n","protected":false},"excerpt":{"rendered":"<p>El pasado 1 de abril, acogimos el encuentro de j\u00f3venes de la Escuela de Segunda Oportunidad en Catalu\u00f1a para preparar el pr\u00f3ximo encuentro estatal de Escuelas de Segunda Oportunidad, que [&hellip;]<\/p>\n","protected":false},"author":2,"featured_media":24370,"comment_status":"closed","ping_status":"closed","sticky":false,"template":"","format":"standard","meta":{"footnotes":""},"categories":[24,25,19],"tags":[],"class_list":["post-24375","post","type-post","status-publish","format-standard","has-post-thumbnail","hentry","category-educacion","category-fundacioncomtal","category-general-es"],"_links":{"self":[{"href":"https:\/\/comtal.org\/es\/wp-json\/wp\/v2\/posts\/24375","targetHints":{"allow":["GET"]}}],"collection":[{"href":"https:\/\/comtal.org\/es\/wp-json\/wp\/v2\/posts"}],"about":[{"href":"https:\/\/comtal.org\/es\/wp-json\/wp\/v2\/types\/post"}],"author":[{"embeddable":true,"href":"https:\/\/comtal.org\/es\/wp-json\/wp\/v2\/users\/2"}],"replies":[{"embeddable":true,"href":"https:\/\/comtal.org\/es\/wp-json\/wp\/v2\/comments?post=24375"}],"version-history":[{"count":3,"href":"https:\/\/comtal.org\/es\/wp-json\/wp\/v2\/posts\/24375\/revisions"}],"predecessor-version":[{"id":24413,"href":"https:\/\/comtal.org\/es\/wp-json\/wp\/v2\/posts\/24375\/revisions\/24413"}],"wp:featuredmedia":[{"embeddable":true,"href":"https:\/\/comtal.org\/es\/wp-json\/wp\/v2\/media\/24370"}],"wp:attachment":[{"href":"https:\/\/comtal.org\/es\/wp-json\/wp\/v2\/media?parent=24375"}],"wp:term":[{"taxonomy":"category","embeddable":true,"href":"https:\/\/comtal.org\/es\/wp-json\/wp\/v2\/categories?post=24375"},{"taxonomy":"post_tag","embeddable":true,"href":"https:\/\/comtal.org\/es\/wp-json\/wp\/v2\/tags?post=24375"}],"curies":[{"name":"wp","href":"https:\/\/api.w.org\/{rel}","templated":true}]}}