{"id":24306,"date":"2022-02-19T17:51:13","date_gmt":"2022-02-19T17:51:13","guid":{"rendered":"https:\/\/comtal.org\/intercambiamos-cartas-con-gente-mayor-del-barrio\/"},"modified":"2022-06-07T15:43:54","modified_gmt":"2022-06-07T15:43:54","slug":"intercambiamos-cartas-con-gente-mayor-del-barrio","status":"publish","type":"post","link":"https:\/\/comtal.org\/es\/intercambiamos-cartas-con-gente-mayor-del-barrio\/","title":{"rendered":"INTERCAMBIAMOS CARTAS CON GENTE DEL BARRIO"},"content":{"rendered":"<p>Conscientes del impacto y beneficios de los programas&nbsp;Intergeneracionales, hemos puesto en marcha un Proyecto de intercambio de correspondencia entre el alumnado de la Escuela de Segunda Oportunidad (E2O) y personas grandes del barrio.<\/p>\n<p><span class=\"responsive\"><img loading=\"lazy\" decoding=\"async\" class=\"aligncenter size-full wp-image-24222\" src=\"https:\/\/comtal.org\/wp-content\/uploads\/cartes.20220126-1024x576-1.jpg\" alt=\"\" width=\"1024\" height=\"576\" srcset=\"https:\/\/comtal.org\/wp-content\/uploads\/cartes.20220126-1024x576-1.jpg 1024w, https:\/\/comtal.org\/wp-content\/uploads\/cartes.20220126-1024x576-1-300x169.jpg 300w, https:\/\/comtal.org\/wp-content\/uploads\/cartes.20220126-1024x576-1-768x432.jpg 768w, https:\/\/comtal.org\/wp-content\/uploads\/cartes.20220126-1024x576-1-188x106.jpg 188w\" sizes=\"auto, (max-width: 1024px) 100vw, 1024px\" \/><\/span><\/p>\n<p>El pasado mes de enero, dimos pistoletazo de salida al proyecto, donde participan 14 personas grandes del Centro de D\u00eda de la Fundaci\u00f3n Roure y participantes del Proyecto de Acompa\u00f1amiento y Prevenci\u00f3n de la Soledad Casals Municipals de Gente mayor de Ciutat Vella, y 23 j\u00f3venes de E2O.<br \/>\nDurante el pr\u00f3ximos 5 meses j\u00f3venes y personas grandes, <strong>estar\u00e1n compartiendo experiencias, historias y aprendizajes a trav\u00e9s de intercambios de cartas y videos de presentaci\u00f3n.<\/strong><\/p>\n<p><span class=\"responsive\"><img loading=\"lazy\" decoding=\"async\" class=\"aligncenter size-full wp-image-24224\" src=\"https:\/\/comtal.org\/wp-content\/uploads\/video-20220126-1024x576-1.jpg\" alt=\"\" width=\"1024\" height=\"576\" srcset=\"https:\/\/comtal.org\/wp-content\/uploads\/video-20220126-1024x576-1.jpg 1024w, https:\/\/comtal.org\/wp-content\/uploads\/video-20220126-1024x576-1-300x169.jpg 300w, https:\/\/comtal.org\/wp-content\/uploads\/video-20220126-1024x576-1-768x432.jpg 768w, https:\/\/comtal.org\/wp-content\/uploads\/video-20220126-1024x576-1-188x106.jpg 188w\" sizes=\"auto, (max-width: 1024px) 100vw, 1024px\" \/><\/span><\/p>\n<p><strong>El objetivo de esta colaboraci\u00f3n es dar respuesta a la necesidad y carencias que muchas personas grandes del barrio tienen y est\u00e1n viviendo (aislamiento, miedo a la&nbsp;Covid, soledad, incremento \u00edndice depresiones, etc), y acercar a la juventud en la realidad del envejecimiento.<\/strong><\/p>\n<p><span class=\"responsive\"><img loading=\"lazy\" decoding=\"async\" class=\"aligncenter size-full wp-image-24226\" src=\"https:\/\/comtal.org\/wp-content\/uploads\/gd.jpg\" alt=\"clase\" width=\"925\" height=\"518\" srcset=\"https:\/\/comtal.org\/wp-content\/uploads\/gd.jpg 925w, https:\/\/comtal.org\/wp-content\/uploads\/gd-300x168.jpg 300w, https:\/\/comtal.org\/wp-content\/uploads\/gd-768x430.jpg 768w, https:\/\/comtal.org\/wp-content\/uploads\/gd-188x105.jpg 188w\" sizes=\"auto, (max-width: 925px) 100vw, 925px\" \/><\/span><\/p>\n<p>Un mes despu\u00e9s de poner en marcha el proyecto, las educadoras de la E2O ya perciben una <strong>mejora en las competencias ling\u00fc\u00edsticas, las relaciones sociales, la empat\u00eda, la autoestima y la confianza<\/strong> de los y las j\u00f3venes que participan en el intercambio de correspondencia.<\/p>\n<p><span class=\"responsive\"><img loading=\"lazy\" decoding=\"async\" class=\"aligncenter size-full wp-image-24228\" src=\"https:\/\/comtal.org\/wp-content\/uploads\/jdfgk.jpg\" alt=\"\" width=\"923\" height=\"512\" srcset=\"https:\/\/comtal.org\/wp-content\/uploads\/jdfgk.jpg 923w, https:\/\/comtal.org\/wp-content\/uploads\/jdfgk-300x166.jpg 300w, https:\/\/comtal.org\/wp-content\/uploads\/jdfgk-768x426.jpg 768w, https:\/\/comtal.org\/wp-content\/uploads\/jdfgk-188x104.jpg 188w\" sizes=\"auto, (max-width: 923px) 100vw, 923px\" \/><\/span><\/p>\n<div class=\"testimonial\"> \u00ab<em>Participar en proyectos de intercambio intergeneracional comporta cambios positivos en las percepciones y actitudes hacia la gente mayor. Les hace ganar empat\u00eda hacia ellos, saber m\u00e1s sobre el envejecimiento y sobre la realidad que vive la gente mayor en las residencias. Tambi\u00e9n les hace crecer la autoestima y notan mejoras en el desarrollo acad\u00e9mico y las relaciones sociales\u00bb <\/em><\/div>\n<div class=\"testimonial-author\">Alejandra Pineda, coordinadora de l\u2019Escola de Segona Oportunitat.<\/div>\n<p>Paralelamente, las personas grandes del barrio se encuentran agradecidas y motivadas con el proyecto y explican que gracias a esta iniciativa <strong>se encuentran m\u00e1s entretenidas, realizadas y acompa\u00f1adas.<\/strong><br \/>\n<a href=\"https:\/\/beteve.cat\/societat\/joves-escriuen-cartes-gent-gran-projecte-fundacio-roure\/\" target=\"_blank\" rel=\"noopener\">Lo explicamos en Betev\u00e9<\/a><\/p>\n<p>El proyecto ha finalizado con un encuentro intergeneracional en el espacio comunitario Benet Corner donde j\u00f3venes y personas grandes, que se han estado intercambiando cartas durante meses, se han podido conocer de manera presencial. Una experiencia enriquecedora y muy gratificante por ambos colectivos que pod\u00e9is ver en<a href=\"https:\/\/beteve.cat\/societat\/projecte-cartes-uneix-joves-avis-ciutat-vella\/\" target=\"_blank\" rel=\"noopener\"> Betev\u00e9.<\/a><\/p>\n<p><span class=\"responsive\"><img loading=\"lazy\" decoding=\"async\" class=\"aligncenter size-full wp-image-24572\" src=\"https:\/\/comtal.org\/wp-content\/uploads\/WhatsApp-Image-2022-06-07-at-5.00.25-PM-2.jpeg\" alt=\"projecte intergeneracional\" width=\"1600\" height=\"1197\" srcset=\"https:\/\/comtal.org\/wp-content\/uploads\/WhatsApp-Image-2022-06-07-at-5.00.25-PM-2.jpeg 1600w, https:\/\/comtal.org\/wp-content\/uploads\/WhatsApp-Image-2022-06-07-at-5.00.25-PM-2-300x224.jpeg 300w, https:\/\/comtal.org\/wp-content\/uploads\/WhatsApp-Image-2022-06-07-at-5.00.25-PM-2-1024x766.jpeg 1024w, https:\/\/comtal.org\/wp-content\/uploads\/WhatsApp-Image-2022-06-07-at-5.00.25-PM-2-768x575.jpeg 768w, https:\/\/comtal.org\/wp-content\/uploads\/WhatsApp-Image-2022-06-07-at-5.00.25-PM-2-1536x1149.jpeg 1536w, https:\/\/comtal.org\/wp-content\/uploads\/WhatsApp-Image-2022-06-07-at-5.00.25-PM-2-172x129.jpeg 172w\" sizes=\"auto, (max-width: 1600px) 100vw, 1600px\" \/><\/span><\/p>\n","protected":false},"excerpt":{"rendered":"<p>Conscientes del impacto y beneficios de los programas&nbsp;Intergeneracionales, hemos puesto en marcha un Proyecto de intercambio de correspondencia entre el alumnado de la Escuela de Segunda Oportunidad (E2O) y personas [&hellip;]<\/p>\n","protected":false},"author":2,"featured_media":24236,"comment_status":"closed","ping_status":"closed","sticky":false,"template":"","format":"standard","meta":{"footnotes":""},"categories":[24,411,403],"tags":[535,537,36,536],"class_list":["post-24306","post","type-post","status-publish","format-standard","has-post-thumbnail","hentry","category-educacion","category-formacion-es","category-testimoniales-es","tag-competencias-linguisticas","tag-envejecimiento","tag-joves-es","tag-relaciones-sociales"],"_links":{"self":[{"href":"https:\/\/comtal.org\/es\/wp-json\/wp\/v2\/posts\/24306","targetHints":{"allow":["GET"]}}],"collection":[{"href":"https:\/\/comtal.org\/es\/wp-json\/wp\/v2\/posts"}],"about":[{"href":"https:\/\/comtal.org\/es\/wp-json\/wp\/v2\/types\/post"}],"author":[{"embeddable":true,"href":"https:\/\/comtal.org\/es\/wp-json\/wp\/v2\/users\/2"}],"replies":[{"embeddable":true,"href":"https:\/\/comtal.org\/es\/wp-json\/wp\/v2\/comments?post=24306"}],"version-history":[{"count":4,"href":"https:\/\/comtal.org\/es\/wp-json\/wp\/v2\/posts\/24306\/revisions"}],"predecessor-version":[{"id":24578,"href":"https:\/\/comtal.org\/es\/wp-json\/wp\/v2\/posts\/24306\/revisions\/24578"}],"wp:featuredmedia":[{"embeddable":true,"href":"https:\/\/comtal.org\/es\/wp-json\/wp\/v2\/media\/24236"}],"wp:attachment":[{"href":"https:\/\/comtal.org\/es\/wp-json\/wp\/v2\/media?parent=24306"}],"wp:term":[{"taxonomy":"category","embeddable":true,"href":"https:\/\/comtal.org\/es\/wp-json\/wp\/v2\/categories?post=24306"},{"taxonomy":"post_tag","embeddable":true,"href":"https:\/\/comtal.org\/es\/wp-json\/wp\/v2\/tags?post=24306"}],"curies":[{"name":"wp","href":"https:\/\/api.w.org\/{rel}","templated":true}]}}