{"id":24212,"date":"2022-02-10T15:19:42","date_gmt":"2022-02-10T15:19:42","guid":{"rendered":"https:\/\/comtal.org\/la-oportunidad-de-futuro-de-hassan\/"},"modified":"2022-02-10T16:14:06","modified_gmt":"2022-02-10T16:14:06","slug":"la-oportunidad-de-futuro-de-hassan","status":"publish","type":"post","link":"https:\/\/comtal.org\/es\/la-oportunidad-de-futuro-de-hassan\/","title":{"rendered":"LA OPORTUNIDAD DE FUTURO DE HASSAN"},"content":{"rendered":"<p>[vc_row][vc_column][vc_column_text]El pasado mes de octubre, <strong>el consejo de Ministros aprob\u00f3 la reforma del reglamento de la ley de extranjer\u00eda<\/strong>. Esta facilitar\u00e1 la eliminaci\u00f3n de muchas de las barreras que dificultaban vivir y trabajar legalmente a j\u00f3venes que han migrado solos\/as desde sus pa\u00edses de origen con el objetivo de tener una vida mejor.<\/p>\n<p>Hasta ahora, <strong>para conseguir el permiso de trabajo se<\/strong> <strong>necesitaban unos requisitos inalcanzables que vulneraban gravemente los derechos de las personas migrantes.<\/strong><\/p>\n<p>La ley exig\u00eda ofertas de contrato de un a\u00f1o a jornada completa o medios propios de vida muy dif\u00edciles de alcanzar (hasta 2.000 euros mensuales), en el caso de las segundas renovaciones. Desde que el cambio en la reforma de la ley de extranjer\u00eda entr\u00f3 en vigor, la segunda semana de noviembre, <strong>conseguir permiso de residencia y trabajo ahora es mucho m\u00e1s f\u00e1cil y r\u00e1pido.<\/strong><\/p>\n<p>Gracias a este cambio en la ley, muchos j\u00f3venes migrantes han tenido la oportunidad de <strong>acceder al mercado laboral por primera vez para poder cumplir sus sue\u00f1os e inquietudes.<br \/>\n<\/strong>Lo explicamos en los informativos de RTVE:[\/vc_column_text][vc_video link=\u00bbhttps:\/\/www.youtube.com\/watch?v=4HrybwApk0A\u00bb][vc_column_text]<\/p>\n<div class=\"btns-llengues row\">\n<div class=\"col-xs-12\">\n<h3 class=\"btn-right\"><span style=\"color: #ff9900;\">La oportunidad de futuro de Hassan<\/span><\/h3>\n<\/div>\n<\/div>\n<form class=\"formulari form-horizontal\">\n<div class=\"traductor-textarea form-group\">\n<div class=\"textarea-desti col-xs-12 col-sm-6\">\n<div class=\"form-control second-textarea\">Hassan lleg\u00f3 a Barcelona con 17 a\u00f1os queriendo sostener un <strong>proceso de inclusi\u00f3n social basado en la formaci\u00f3n y el trabajo, pero sin red de apoyo ni recursos adecuados para hacerlo.<\/strong><\/div>\n<div>\n<p>El proceso migratorio de Hassan fue muy duro y peligroso. Cuando lleg\u00f3 a Barcelona fue tutelado por la DGAIA y estuvo en un\u00a0CRAE\u00a0hasta que en marzo del 2019, cumpli\u00f3 18 a\u00f1os. En ese momento, <strong>Hassan se qued\u00f3 en la calle, hasta que en febrero del 2020, encontr\u00f3 una plaza para vivir en el hogar Germ\u00e0 Adri\u00e0, un piso de promoci\u00f3n a la autonom\u00eda de la Fundaci\u00f3n Comtal.<\/strong><br \/>\nEn la Fundaci\u00f3n Comtal le ofrecimos <strong>un espacio seguro para que el joven se pudiera desarrollar como persona, form\u00e1ndose a nivel formativo y adquiriendo las habilidades suficientes para ser aut\u00f3nomo.<br \/>\n<\/strong>Durante este tiempo, su preocupaci\u00f3n principal ha sido poder renovar su permiso de residencia<strong>. Con la modificaci\u00f3n de la ley de extranjer\u00eda, ha conseguido tener regularizada su situaci\u00f3n documental con permiso de residencia y trabajo.<br \/>\n<\/strong>Gracias a este hecho, su esfuerzo, capacidad y actitud, <strong>Hassan ha encontrado un trabajo estable<\/strong> como ayudante de agente forestal, y desarrolla tareas de limpieza y mantenimiento de jardines.<\/p>\n<p>El joven agradece enormemente esta oportunidad laboral, que ha hecho<strong> mejorar significativamente su calidad de vida y pr\u00f3ximamente la de su familia.<\/strong><\/p>\n<\/div>\n<\/div>\n<\/div>\n<\/form>\n<p>[\/vc_column_text][vc_video link=\u00bbhttps:\/\/youtu.be\/HXRMGLDhf5I\u00bb][\/vc_column][\/vc_row]<\/p>\n","protected":false},"excerpt":{"rendered":"<p>[vc_row][vc_column][vc_column_text]El pasado mes de octubre, el consejo de Ministros aprob\u00f3 la reforma del reglamento de la ley de extranjer\u00eda. Esta facilitar\u00e1 la eliminaci\u00f3n de muchas de las barreras que dificultaban [&hellip;]<\/p>\n","protected":false},"author":2,"featured_media":24211,"comment_status":"closed","ping_status":"closed","sticky":false,"template":"","format":"standard","meta":{"footnotes":""},"categories":[402,415,26,439,403,410],"tags":[425,528,531,530,529],"class_list":["post-24212","post","type-post","status-publish","format-standard","has-post-thumbnail","hentry","category-en-profundidad","category-estrangeria-es","category-integracion","category-juridic-es","category-testimoniales-es","category-trabajo-es","tag-jovenes-migrantes","tag-ley-de-extranjeria","tag-oportunidad-laboral","tag-permiso-de-residencia","tag-permiso-de-trabajo"],"_links":{"self":[{"href":"https:\/\/comtal.org\/es\/wp-json\/wp\/v2\/posts\/24212","targetHints":{"allow":["GET"]}}],"collection":[{"href":"https:\/\/comtal.org\/es\/wp-json\/wp\/v2\/posts"}],"about":[{"href":"https:\/\/comtal.org\/es\/wp-json\/wp\/v2\/types\/post"}],"author":[{"embeddable":true,"href":"https:\/\/comtal.org\/es\/wp-json\/wp\/v2\/users\/2"}],"replies":[{"embeddable":true,"href":"https:\/\/comtal.org\/es\/wp-json\/wp\/v2\/comments?post=24212"}],"version-history":[{"count":2,"href":"https:\/\/comtal.org\/es\/wp-json\/wp\/v2\/posts\/24212\/revisions"}],"predecessor-version":[{"id":24214,"href":"https:\/\/comtal.org\/es\/wp-json\/wp\/v2\/posts\/24212\/revisions\/24214"}],"wp:featuredmedia":[{"embeddable":true,"href":"https:\/\/comtal.org\/es\/wp-json\/wp\/v2\/media\/24211"}],"wp:attachment":[{"href":"https:\/\/comtal.org\/es\/wp-json\/wp\/v2\/media?parent=24212"}],"wp:term":[{"taxonomy":"category","embeddable":true,"href":"https:\/\/comtal.org\/es\/wp-json\/wp\/v2\/categories?post=24212"},{"taxonomy":"post_tag","embeddable":true,"href":"https:\/\/comtal.org\/es\/wp-json\/wp\/v2\/tags?post=24212"}],"curies":[{"name":"wp","href":"https:\/\/api.w.org\/{rel}","templated":true}]}}