{"id":24125,"date":"2022-02-02T16:47:49","date_gmt":"2022-02-02T16:47:49","guid":{"rendered":"https:\/\/comtal.org\/derechos-y-suenos-garantizados-en-navidad\/"},"modified":"2022-02-02T17:04:31","modified_gmt":"2022-02-02T17:04:31","slug":"derechos-y-suenos-garantizados-en-navidad","status":"publish","type":"post","link":"https:\/\/comtal.org\/es\/derechos-y-suenos-garantizados-en-navidad\/","title":{"rendered":"DERECHOS Y SUE\u00d1OS GARANTIZADOS EN NAVIDAD"},"content":{"rendered":"<p>En\u00a0 Fundaci\u00f3n Comtal hemos trabajado intensamente durante la campa\u00f1a de Navidad con el objetivo de <strong>evitar que se vulneren los derechos de 217 ni\u00f1os y adolescentes en situaci\u00f3n de vulnerabilidad y hacer realidad sus sue\u00f1os de Navidad.<\/strong> Con los <strong>12.411\u20ac recaudados hemos podido entregar material escolar, de higiene, ropa, alimentos y juguetes a los ni\u00f1os y ni\u00f1as. Adem\u00e1s, hemos hecho realidad sus deseos a trav\u00e9s de salidas l\u00fadicas, formaci\u00f3n y acompa\u00f1amiento.<\/strong><\/p>\n<p>Concretamente hemos repartido <strong>1.439 kg de material escolar y 12 kg de ropa<\/strong> para evitar que <strong>se queden atr\u00e1s por carencia de acceso a material y ropa adecuada para ir a la escuela.<\/strong><\/p>\n<p><span class=\"responsive\"><img loading=\"lazy\" decoding=\"async\" class=\"aligncenter size-full wp-image-23973\" src=\"https:\/\/comtal.org\/wp-content\/uploads\/material-escolar.jpg\" alt=\"\" width=\"837\" height=\"441\" srcset=\"https:\/\/comtal.org\/wp-content\/uploads\/material-escolar.jpg 837w, https:\/\/comtal.org\/wp-content\/uploads\/material-escolar-300x158.jpg 300w, https:\/\/comtal.org\/wp-content\/uploads\/material-escolar-768x405.jpg 768w, https:\/\/comtal.org\/wp-content\/uploads\/material-escolar-188x99.jpg 188w\" sizes=\"auto, (max-width: 837px) 100vw, 837px\" \/><\/span><\/p>\n<p>Tambi\u00e9n hemos garantizado el <strong>derecho al juego y al ocio entregando 120 regalos<\/strong> a ni\u00f1os y haciendo <strong>salidas l\u00fadicas<\/strong> al\u00a0Chiquipark, al\u00a0Laser\u00a0Tag\u00a0y al Bosque Encantado, entre otros.<\/p>\n<div class=\"one_half\"><span class=\"responsive\"><img loading=\"lazy\" decoding=\"async\" class=\"aligncenter wp-image-23975 size-full\" src=\"https:\/\/comtal.org\/wp-content\/uploads\/chiki2-e1642161871483.jpeg\" alt=\"chiquipark\" width=\"1443\" height=\"833\" srcset=\"https:\/\/comtal.org\/wp-content\/uploads\/chiki2-e1642161871483.jpeg 1443w, https:\/\/comtal.org\/wp-content\/uploads\/chiki2-e1642161871483-300x173.jpeg 300w, https:\/\/comtal.org\/wp-content\/uploads\/chiki2-e1642161871483-1024x591.jpeg 1024w, https:\/\/comtal.org\/wp-content\/uploads\/chiki2-e1642161871483-768x443.jpeg 768w, https:\/\/comtal.org\/wp-content\/uploads\/chiki2-e1642161871483-188x109.jpeg 188w\" sizes=\"auto, (max-width: 1443px) 100vw, 1443px\" \/><\/span><\/div>\n<div class=\"one_half last\"><span class=\"responsive\"><img loading=\"lazy\" decoding=\"async\" class=\"aligncenter size-full wp-image-23977\" src=\"https:\/\/comtal.org\/wp-content\/uploads\/WhatsApp-Image-2022-01-04-at-11.50.53.jpeg\" alt=\"regals\" width=\"1501\" height=\"844\" srcset=\"https:\/\/comtal.org\/wp-content\/uploads\/WhatsApp-Image-2022-01-04-at-11.50.53.jpeg 1501w, https:\/\/comtal.org\/wp-content\/uploads\/WhatsApp-Image-2022-01-04-at-11.50.53-300x169.jpeg 300w, https:\/\/comtal.org\/wp-content\/uploads\/WhatsApp-Image-2022-01-04-at-11.50.53-1024x576.jpeg 1024w, https:\/\/comtal.org\/wp-content\/uploads\/WhatsApp-Image-2022-01-04-at-11.50.53-768x432.jpeg 768w, https:\/\/comtal.org\/wp-content\/uploads\/WhatsApp-Image-2022-01-04-at-11.50.53-188x106.jpeg 188w\" sizes=\"auto, (max-width: 1501px) 100vw, 1501px\" \/><\/span><\/div>\n<div class=\"clear\"><\/div>\n<p><strong>Finalmente hemos velado por el derecho a la salud y al bienestar recogiendo 1.767 kg y 610 litros de alimentos<\/strong> perdurables y de higiene, que ya disfrutan los ni\u00f1os, ni\u00f1as y j\u00f3venes del \u00e1rea residencial.<\/p>\n<div class=\"one_half\"><span class=\"responsive\"><img loading=\"lazy\" decoding=\"async\" class=\"aligncenter wp-image-23979 size-full\" src=\"https:\/\/comtal.org\/wp-content\/uploads\/prodctes-e1642161282979.jpg\" alt=\"aliments\" width=\"1000\" height=\"549\" srcset=\"https:\/\/comtal.org\/wp-content\/uploads\/prodctes-e1642161282979.jpg 1000w, https:\/\/comtal.org\/wp-content\/uploads\/prodctes-e1642161282979-300x165.jpg 300w, https:\/\/comtal.org\/wp-content\/uploads\/prodctes-e1642161282979-768x422.jpg 768w, https:\/\/comtal.org\/wp-content\/uploads\/prodctes-e1642161282979-188x103.jpg 188w\" sizes=\"auto, (max-width: 1000px) 100vw, 1000px\" \/><\/span><\/div>\n<div class=\"one_half last\"><span class=\"responsive\"><img loading=\"lazy\" decoding=\"async\" class=\"aligncenter size-full wp-image-23981\" src=\"https:\/\/comtal.org\/wp-content\/uploads\/aliments.jpg\" alt=\"productes alimentaris\" width=\"1721\" height=\"935\" srcset=\"https:\/\/comtal.org\/wp-content\/uploads\/aliments.jpg 1721w, https:\/\/comtal.org\/wp-content\/uploads\/aliments-300x163.jpg 300w, https:\/\/comtal.org\/wp-content\/uploads\/aliments-1024x556.jpg 1024w, https:\/\/comtal.org\/wp-content\/uploads\/aliments-768x417.jpg 768w, https:\/\/comtal.org\/wp-content\/uploads\/aliments-1536x834.jpg 1536w, https:\/\/comtal.org\/wp-content\/uploads\/aliments-460x250.jpg 460w, https:\/\/comtal.org\/wp-content\/uploads\/aliments-188x102.jpg 188w\" sizes=\"auto, (max-width: 1721px) 100vw, 1721px\" \/><\/span><\/div>\n<div class=\"clear\"><\/div>\n<p>La campa\u00f1a ha sido todo un \u00e9xito gracias a la implicaci\u00f3n de <strong>17 empresas, escuelas, organizaciones solidarias y de 44 persones donantes<\/strong> y colaboradoras con la fundaci\u00f3n y a trav\u00e9s de <a href=\"https:\/\/www.migranodearena.org\/reto\/triem-combatre-les-desigualtats-ituquetries\" target=\"_blank\" rel=\"noopener\">miganodearena<\/a>.<\/p>\n<div class=\"one_half\">\n<p><span style=\"color: #ff9900;\"><strong>Amazon<br \/>\nBanco Mediolanum<br \/>\nNexe<br \/>\nCol\u00b7legi de Farmac\u00e8utics de Barcelona<br \/>\nLa Salle Montcada<br \/>\nLa Salle Palam\u00f3s<br \/>\nAMPA La Salle Premi\u00e0<br \/>\nMusik Hotel<br \/>\nLa Salle Congr\u00e9s<br \/>\nTarann\u00e0<br \/>\nLa Salle Torreforta<\/strong><\/span><\/p>\n<\/div>\n<div class=\"one_half last\">\n<p><span style=\"color: #ff9900;\"><strong>\u00c0gora La Salle<br \/>\n<\/strong><\/span><span style=\"color: #ff9900;\"><strong>Caixabank<br \/>\n<\/strong><\/span><span style=\"color: #ff9900;\"><strong>Finestra Oberta<br \/>\n<\/strong><\/span><span style=\"color: #ff9900;\"><strong>Infinitim Denim<br \/>\n<\/strong><\/span><span style=\"color: #ff9900;\"><strong>La Salle Barceloneta<br \/>\n<\/strong><\/span><span style=\"color: #ff9900;\"><strong>La Salle Bonanova<br \/>\n<\/strong><\/span><span style=\"color: #ff9900;\"><strong>La Salle Comtal<br \/>\n<\/strong><\/span><strong><span style=\"color: #ff9900;\">La Salle Figueres<br \/>\n<\/span><\/strong><strong><span style=\"color: #ff9900;\">La Salle Gracia<br \/>\n<\/span><\/strong><strong><span style=\"color: #ff9900;\">La Salle Manresa<br \/>\n<\/span><\/strong><strong><span style=\"color: #ff9900;\"><br \/>\n<\/span><\/strong><\/div>\n<div class=\"clear\"><\/div>\n<p>\u00a1Gracias a todas por el apoyo!<\/p>\n","protected":false},"excerpt":{"rendered":"<p>En\u00a0 Fundaci\u00f3n Comtal hemos trabajado intensamente durante la campa\u00f1a de Navidad con el objetivo de evitar que se vulneren los derechos de 217 ni\u00f1os y adolescentes en situaci\u00f3n de vulnerabilidad [&hellip;]<\/p>\n","protected":false},"author":2,"featured_media":23992,"comment_status":"closed","ping_status":"closed","sticky":false,"template":"","format":"standard","meta":{"footnotes":""},"categories":[22,409,27,28],"tags":[519,518,516,521,520,517,522,523],"class_list":["post-24125","post","type-post","status-publish","format-standard","has-post-thumbnail","hentry","category-colaboradores","category-la-salle-es","category-navidad","category-solidaridad","tag-derecho-a-la-alimentacion-es","tag-derecho-al-ocio","tag-derechoa-a-la-educacion","tag-donaciones","tag-material-escolar-es","tag-navidad-es","tag-regalos","tag-suenos"],"_links":{"self":[{"href":"https:\/\/comtal.org\/es\/wp-json\/wp\/v2\/posts\/24125","targetHints":{"allow":["GET"]}}],"collection":[{"href":"https:\/\/comtal.org\/es\/wp-json\/wp\/v2\/posts"}],"about":[{"href":"https:\/\/comtal.org\/es\/wp-json\/wp\/v2\/types\/post"}],"author":[{"embeddable":true,"href":"https:\/\/comtal.org\/es\/wp-json\/wp\/v2\/users\/2"}],"replies":[{"embeddable":true,"href":"https:\/\/comtal.org\/es\/wp-json\/wp\/v2\/comments?post=24125"}],"version-history":[{"count":2,"href":"https:\/\/comtal.org\/es\/wp-json\/wp\/v2\/posts\/24125\/revisions"}],"predecessor-version":[{"id":24128,"href":"https:\/\/comtal.org\/es\/wp-json\/wp\/v2\/posts\/24125\/revisions\/24128"}],"wp:featuredmedia":[{"embeddable":true,"href":"https:\/\/comtal.org\/es\/wp-json\/wp\/v2\/media\/23992"}],"wp:attachment":[{"href":"https:\/\/comtal.org\/es\/wp-json\/wp\/v2\/media?parent=24125"}],"wp:term":[{"taxonomy":"category","embeddable":true,"href":"https:\/\/comtal.org\/es\/wp-json\/wp\/v2\/categories?post=24125"},{"taxonomy":"post_tag","embeddable":true,"href":"https:\/\/comtal.org\/es\/wp-json\/wp\/v2\/tags?post=24125"}],"curies":[{"name":"wp","href":"https:\/\/api.w.org\/{rel}","templated":true}]}}