{"id":23735,"date":"2021-11-09T13:05:35","date_gmt":"2021-11-09T13:05:35","guid":{"rendered":"https:\/\/comtal.org\/si-a-la-modificacion-del-reglamento-de-extranjeria\/"},"modified":"2021-11-09T13:11:38","modified_gmt":"2021-11-09T13:11:38","slug":"si-a-la-modificacion-del-reglamento-de-extranjeria","status":"publish","type":"post","link":"https:\/\/comtal.org\/es\/si-a-la-modificacion-del-reglamento-de-extranjeria\/","title":{"rendered":"S\u00cd, A LA REFORMA DE LA LEY DE EXTRANJER\u00cdA"},"content":{"rendered":"<p>Desde la Fundaci\u00f3n Comtal, celebramos la modificaci\u00f3n del Reglamento de Extranjer\u00eda que se ha aprobado el pasado 19 de octubre en el Consejo de Ministros.<br \/>\n<strong>Con esta reforma se facilitar\u00e1 el acceso al trabajo de la juventud extutelada, y se flexibilizar\u00e1 las exigencias econ\u00f3micas en los tr\u00e1mites de renovaci\u00f3n, elementos indispensables para facilitar la inclusi\u00f3n sociolaboral y el proceso de emancipaci\u00f3n del colectivo.<\/strong><\/p>\n<p>La situaci\u00f3n de la gente joven extutelada, se vio agravada tras la aplicaci\u00f3n de la sentencia del tribunal supremo, que endurec\u00eda a\u00fan m\u00e1s los requisitos para poder renovar sus permisos de residencia y condenaban a una parte del colectivo <strong>a quedarse indocumentados\/as y encontrarse en situaci\u00f3n de irregularidad y vulnerabilidad.<\/strong><\/p>\n<p>Si el contenido de la reforma se mantiene igual que en el \u00faltimo borrador (ojal\u00e1 as\u00ed fuera para avanzar hacia una sociedad m\u00e1s justa e inclusiva), las personas menores no acompa\u00f1adas y la juventud extutelada <strong>obtendr\u00edan el permiso de trabajo desde los 16 a\u00f1os y se flexibilizar\u00edan los requisitos econ\u00f3micos en sus sucesivas renovaciones.<\/strong><\/p>\n<p>A continuaci\u00f3n, os presentamos una infograf\u00eda, que ha sido elaborada por el equipo jur\u00eddico de <a href=\"https:\/\/www.fepa18.org\/es\/\" target=\"_blank\" rel=\"noopener\">FEPA<\/a> y la dise\u00f1adora Cristina Bueno, para mostrar de forma visual y r\u00e1pida <strong>los principales cambios que supone la Reforma del Reglamento de Extranjer\u00eda.<\/strong><\/p>\n<p><span class=\"responsive\"><img loading=\"lazy\" decoding=\"async\" class=\"aligncenter size-full wp-image-23727\" src=\"https:\/\/comtal.org\/wp-content\/uploads\/Infografia-resumen-reforma-FEPA_page-0001.jpg\" alt=\"reforma relament estrangeria\" width=\"1241\" height=\"1754\" srcset=\"https:\/\/comtal.org\/wp-content\/uploads\/Infografia-resumen-reforma-FEPA_page-0001.jpg 1241w, https:\/\/comtal.org\/wp-content\/uploads\/Infografia-resumen-reforma-FEPA_page-0001-212x300.jpg 212w, https:\/\/comtal.org\/wp-content\/uploads\/Infografia-resumen-reforma-FEPA_page-0001-725x1024.jpg 725w, https:\/\/comtal.org\/wp-content\/uploads\/Infografia-resumen-reforma-FEPA_page-0001-768x1085.jpg 768w, https:\/\/comtal.org\/wp-content\/uploads\/Infografia-resumen-reforma-FEPA_page-0001-1087x1536.jpg 1087w, https:\/\/comtal.org\/wp-content\/uploads\/Infografia-resumen-reforma-FEPA_page-0001-91x129.jpg 91w\" sizes=\"auto, (max-width: 1241px) 100vw, 1241px\" \/><\/span><\/p>\n<p>Esperamos pronto ver el borrador definitivo y <strong>ayudar a estos j\u00f3venes lo antes posible en los procesos y tr\u00e1mites<\/strong> que deban iniciarse para conseguir que se vean beneficiados\/as por esta nueva legislaci\u00f3n, el mayor n\u00famero posible de j\u00f3venes.<\/p>\n","protected":false},"excerpt":{"rendered":"<p>Desde la Fundaci\u00f3n Comtal, celebramos la modificaci\u00f3n del Reglamento de Extranjer\u00eda que se ha aprobado el pasado 19 de octubre en el Consejo de Ministros. Con esta reforma se facilitar\u00e1 [&hellip;]<\/p>\n","protected":false},"author":2,"featured_media":23730,"comment_status":"closed","ping_status":"closed","sticky":false,"template":"","format":"standard","meta":{"footnotes":""},"categories":[402,415,26,439],"tags":[495,497,498,494,496],"class_list":["post-23735","post","type-post","status-publish","format-standard","has-post-thumbnail","hentry","category-en-profundidad","category-estrangeria-es","category-integracion","category-juridic-es","tag-inclusion-sociolaboral","tag-joventud-extutelada","tag-menores-no-acompanados","tag-reglamento-de-extranjeria","tag-situacion-de-vulnerabilidad"],"_links":{"self":[{"href":"https:\/\/comtal.org\/es\/wp-json\/wp\/v2\/posts\/23735","targetHints":{"allow":["GET"]}}],"collection":[{"href":"https:\/\/comtal.org\/es\/wp-json\/wp\/v2\/posts"}],"about":[{"href":"https:\/\/comtal.org\/es\/wp-json\/wp\/v2\/types\/post"}],"author":[{"embeddable":true,"href":"https:\/\/comtal.org\/es\/wp-json\/wp\/v2\/users\/2"}],"replies":[{"embeddable":true,"href":"https:\/\/comtal.org\/es\/wp-json\/wp\/v2\/comments?post=23735"}],"version-history":[{"count":3,"href":"https:\/\/comtal.org\/es\/wp-json\/wp\/v2\/posts\/23735\/revisions"}],"predecessor-version":[{"id":23738,"href":"https:\/\/comtal.org\/es\/wp-json\/wp\/v2\/posts\/23735\/revisions\/23738"}],"wp:featuredmedia":[{"embeddable":true,"href":"https:\/\/comtal.org\/es\/wp-json\/wp\/v2\/media\/23730"}],"wp:attachment":[{"href":"https:\/\/comtal.org\/es\/wp-json\/wp\/v2\/media?parent=23735"}],"wp:term":[{"taxonomy":"category","embeddable":true,"href":"https:\/\/comtal.org\/es\/wp-json\/wp\/v2\/categories?post=23735"},{"taxonomy":"post_tag","embeddable":true,"href":"https:\/\/comtal.org\/es\/wp-json\/wp\/v2\/tags?post=23735"}],"curies":[{"name":"wp","href":"https:\/\/api.w.org\/{rel}","templated":true}]}}