{"id":23715,"date":"2021-11-03T21:59:47","date_gmt":"2021-11-03T21:59:47","guid":{"rendered":"https:\/\/comtal.org\/una-nueva-propuesta-delante-de-la-ley-de-fp\/"},"modified":"2021-11-03T22:07:47","modified_gmt":"2021-11-03T22:07:47","slug":"una-nueva-propuesta-delante-de-la-ley-de-fp","status":"publish","type":"post","link":"https:\/\/comtal.org\/es\/una-nueva-propuesta-delante-de-la-ley-de-fp\/","title":{"rendered":"UNA NUEVA PROPUESTA DELANTE DE LA LEY DE FP"},"content":{"rendered":"<p>El pasado Viernes 29 de Octubre en un acto en el centro CaixaForum de Barcelona, las Escuelas de nuevas Oportunidades hemos presentado un <strong>estudio elaborado por la UAB sobre el modelo que proponemos al abordar el abandono escolar prematuro y el paro juvenil.<\/strong> Adem\u00e1s, hemos debatido con los diferentes <strong>agentes sociales la posibilidad de que la Ley de FP nos reconozca como agentes educativos.<\/strong><\/p>\n<p><span class=\"responsive\"><img loading=\"lazy\" decoding=\"async\" class=\"aligncenter size-full wp-image-23677\" src=\"https:\/\/comtal.org\/wp-content\/uploads\/WhatsApp-Image-2021-10-29-at-13.06.39.jpeg\" alt=\"escoles noves oportunitats\" width=\"1600\" height=\"720\" srcset=\"https:\/\/comtal.org\/wp-content\/uploads\/WhatsApp-Image-2021-10-29-at-13.06.39.jpeg 1600w, https:\/\/comtal.org\/wp-content\/uploads\/WhatsApp-Image-2021-10-29-at-13.06.39-300x135.jpeg 300w, https:\/\/comtal.org\/wp-content\/uploads\/WhatsApp-Image-2021-10-29-at-13.06.39-1024x461.jpeg 1024w, https:\/\/comtal.org\/wp-content\/uploads\/WhatsApp-Image-2021-10-29-at-13.06.39-768x346.jpeg 768w, https:\/\/comtal.org\/wp-content\/uploads\/WhatsApp-Image-2021-10-29-at-13.06.39-1536x691.jpeg 1536w, https:\/\/comtal.org\/wp-content\/uploads\/WhatsApp-Image-2021-10-29-at-13.06.39-188x85.jpeg 188w\" sizes=\"auto, (max-width: 1600px) 100vw, 1600px\" \/><\/span><\/p>\n<p>El \u00e9xito de modelo de las Escuelas de nuevas Oportunidades es una realidad. Pero por si a\u00fan cabe duda, <strong>Aina Tarabini<\/strong>, profesora e investigadora de la Universidad Aut\u00f3noma de Barcelona y directora del estudio, ha dinamizado en directo un <em>focus group<\/em> con j\u00f3venes de las escuelas donde han podido hablar de su paso por la ESO, el cambio que han notado al entrar en una Escuela de nuevas Oportunidades y como encaran su futuro.<\/p>\n<p>El resumen de la mesa de debate con los j\u00f3venes se podr\u00eda resumir con las palabras de <strong>Nerea Castilla<\/strong>: \u201cGracias a mi tutora siento que valgo, no solo en los estudios\u2026Ahora soy otra persona. Llegu\u00e9 fatal y ahora me siento como nueva\u201d, y de <strong>Mourad<\/strong>, exalumno de Fundaci\u00f3n Comtal y uno de los protagonistas de la mesa de debate: \u201cEn esta escuela no te juzgan ni te miran con otra cara\u201d.<\/p>\n<p><span class=\"responsive\"><img loading=\"lazy\" decoding=\"async\" class=\"aligncenter size-full wp-image-23679\" src=\"https:\/\/comtal.org\/wp-content\/uploads\/WhatsApp-Image-2021-10-29-at-13.55.47.jpeg\" alt=\"acte E2O\" width=\"1600\" height=\"1068\" srcset=\"https:\/\/comtal.org\/wp-content\/uploads\/WhatsApp-Image-2021-10-29-at-13.55.47.jpeg 1600w, https:\/\/comtal.org\/wp-content\/uploads\/WhatsApp-Image-2021-10-29-at-13.55.47-300x200.jpeg 300w, https:\/\/comtal.org\/wp-content\/uploads\/WhatsApp-Image-2021-10-29-at-13.55.47-1024x684.jpeg 1024w, https:\/\/comtal.org\/wp-content\/uploads\/WhatsApp-Image-2021-10-29-at-13.55.47-768x513.jpeg 768w, https:\/\/comtal.org\/wp-content\/uploads\/WhatsApp-Image-2021-10-29-at-13.55.47-1536x1025.jpeg 1536w, https:\/\/comtal.org\/wp-content\/uploads\/WhatsApp-Image-2021-10-29-at-13.55.47-188x125.jpeg 188w\" sizes=\"auto, (max-width: 1600px) 100vw, 1600px\" \/><\/span><\/p>\n<p>Finalmente lleg\u00f3 el turno de la administraci\u00f3n y de los agentes sociales: las direcciones generales de Formaci\u00f3n Profesional y del Servicio de Ocupaci\u00f3n de Catalu\u00f1a, CC.OO., UGT, Fomento del Trabajo y PIMEC. Moderados por Fabian Mohedano, presidente ejecutivo de la Agencia FPCAT, han recogido el guante. Por ejemplo, <strong>Manuel Rosillo<\/strong> representante de Fomento del Trabajo ha dicho que \u201cno podemos huir de la realidad. Los agentes sociales y la administraci\u00f3n no nos puedes hacer de lado. Las Escuelas de nuevas Oportunidades<strong> son una palanca de impulso para los j\u00f3venes y tenemos el deber y el derecho de comenzar el debate y despu\u00e9s, como siempre hacemos, encontrar el marco jur\u00eddico necesario<\/strong>. Para concluir, <strong>Fabian Mohedano<\/strong> ha a\u00f1adido que \u201c<strong>la voluntad de la Generalitat de Catalunya es buscar el eje de encaje de estas organizaciones en el sistema educativo\u201d.<\/strong><\/p>\n<p>Desde las Escuelas de nuevas Oportunidades esperamos que as\u00ed sea y que tengamos el reconocimiento necesario que nos homologuen y garanticen la supervivencia econ\u00f3mica de nuestra propuesta formativa, que alterna acompa\u00f1amiento, formaci\u00f3n y trabajo, <strong>consiguiendo renganchar anualmente a m\u00e1s de 3.500 j\u00f3venes en su proceso formativo.<\/strong><\/p>\n","protected":false},"excerpt":{"rendered":"<p>El pasado Viernes 29 de Octubre en un acto en el centro CaixaForum de Barcelona, las Escuelas de nuevas Oportunidades hemos presentado un estudio elaborado por la UAB sobre el [&hellip;]<\/p>\n","protected":false},"author":2,"featured_media":23682,"comment_status":"closed","ping_status":"closed","sticky":false,"template":"","format":"standard","meta":{"footnotes":""},"categories":[24,411,25,19,403],"tags":[487,449,36,488],"class_list":["post-23715","post","type-post","status-publish","format-standard","has-post-thumbnail","hentry","category-educacion","category-formacion-es","category-fundacioncomtal","category-general-es","category-testimoniales-es","tag-abandonamiento-escolar","tag-desempleo-juvenil","tag-joves-es","tag-nuevas-oportunidades"],"_links":{"self":[{"href":"https:\/\/comtal.org\/es\/wp-json\/wp\/v2\/posts\/23715","targetHints":{"allow":["GET"]}}],"collection":[{"href":"https:\/\/comtal.org\/es\/wp-json\/wp\/v2\/posts"}],"about":[{"href":"https:\/\/comtal.org\/es\/wp-json\/wp\/v2\/types\/post"}],"author":[{"embeddable":true,"href":"https:\/\/comtal.org\/es\/wp-json\/wp\/v2\/users\/2"}],"replies":[{"embeddable":true,"href":"https:\/\/comtal.org\/es\/wp-json\/wp\/v2\/comments?post=23715"}],"version-history":[{"count":2,"href":"https:\/\/comtal.org\/es\/wp-json\/wp\/v2\/posts\/23715\/revisions"}],"predecessor-version":[{"id":23718,"href":"https:\/\/comtal.org\/es\/wp-json\/wp\/v2\/posts\/23715\/revisions\/23718"}],"wp:featuredmedia":[{"embeddable":true,"href":"https:\/\/comtal.org\/es\/wp-json\/wp\/v2\/media\/23682"}],"wp:attachment":[{"href":"https:\/\/comtal.org\/es\/wp-json\/wp\/v2\/media?parent=23715"}],"wp:term":[{"taxonomy":"category","embeddable":true,"href":"https:\/\/comtal.org\/es\/wp-json\/wp\/v2\/categories?post=23715"},{"taxonomy":"post_tag","embeddable":true,"href":"https:\/\/comtal.org\/es\/wp-json\/wp\/v2\/tags?post=23715"}],"curies":[{"name":"wp","href":"https:\/\/api.w.org\/{rel}","templated":true}]}}