{"id":23710,"date":"2021-11-03T21:32:12","date_gmt":"2021-11-03T21:32:12","guid":{"rendered":"https:\/\/comtal.org\/esta-navidad-ajudanos-a-garantizar-sus-derechos\/"},"modified":"2021-11-22T10:08:44","modified_gmt":"2021-11-22T10:08:44","slug":"esta-navidad-ajudanos-a-garantizar-sus-derechos","status":"publish","type":"post","link":"https:\/\/comtal.org\/es\/esta-navidad-ajudanos-a-garantizar-sus-derechos\/","title":{"rendered":"ESTA NAVIDAD, AY\u00daDANOS A GARANTIZAR SUS DERECHOS"},"content":{"rendered":"<p>[vc_row][vc_column][vc_column_text]<strong><span style=\"color: #ff9900;\">ESTA NAVIDAD, HAREMOS REALIDAD LOS DESEOS DE LOS NI\u00d1OS Y NI\u00d1AS GARANTIZ\u00c1NDOLES SUS DERECHOS<\/span><\/strong><\/p>\n<p>En el marco de la campa\u00f1a \u201cCon los derechos, no se juega\u201d, esta Navidad puedes <strong>ayudarnos a evitar que se vulneren los derechos de 217 ni\u00f1os, ni\u00f1as, adolescentes y j\u00f3venes que se encuentran en situaci\u00f3n de vulnerabilidad<\/strong> y que acompa\u00f1amos a trav\u00e9s de proyectos educativos, de ocio y tiempo libre, de orientaci\u00f3n y participaci\u00f3n comunitaria. Y <strong>puedes hacer realidad algunos de los sue\u00f1os de estos ni\u00f1os y ni\u00f1as como el de Anna, Nabil y Sara, que quieren \u201c<em>aprender y divertirse a la vez, ir de vacaciones, realizar salidas y poder ver el mar y la monta\u00f1<\/em>a\u201d.<\/strong>[\/vc_column_text][vc_video link=\u00bbhttps:\/\/youtu.be\/LHxTpHQ8f3A\u00bb][\/vc_column][\/vc_row][vc_row][vc_column][vc_column_text]<strong>Juntos y juntas podemos garantizar los derechos de todos los ni\u00f1os\/as y hacer realidad sus deseos.<\/strong><\/p>\n<p><span style=\"color: #ff9900;\"><strong>\u00bfQU\u00c9 NECESITAMOS?<\/strong><\/span><\/p>\n<ul>\n<li><strong>Para garantizar el derecho a educaci\u00f3n<\/strong>, poder acoger el <strong>programa de refuerzo escolar y capacitaci\u00f3n tecnol\u00f3gica a 18 ni\u00f1os\/as y j\u00f3venes<\/strong> que est\u00e1n en lista de espera y facilitarles los kits de material, para que puedan aprender en igualdad de condiciones.<\/li>\n<li><strong>Para garantizar el derecho al ocio y tiempo libre<\/strong>, cubrir los costes de <strong>salidas, material y actividades l\u00fadico-educativas<\/strong> para mejorar el bienestar emocional de <strong>98<\/strong> ni\u00f1os\/as y adolescentes.<\/li>\n<li><strong>Para garantizar el derecho a la salud, comprar alimento, ropa y productos de higiene<\/strong>, para <strong>8<\/strong> de los j\u00f3venes del \u00e1rea residencial.<\/li>\n<\/ul>\n<p><strong><span style=\"color: #ff9900;\">\u00bfC\u00d3MO PUEDES COLABORAR?<\/span><\/strong><\/p>\n<ul>\n<li><span style=\"color: #0000ff;\"><strong><a style=\"color: #0000ff;\" href=\"https:\/\/comtal.org\/wp-content\/uploads\/Cataleg-productes-Nadal-web.pdf\">Adquiriendo productos solidarios.<\/a><\/strong><\/span><\/li>\n<\/ul>\n<p>Con soporte econ\u00f3mico:<\/p>\n<ul>\n<li><strong>Con 50\u20ac<\/strong> podemos cubrir las <strong>necesidades de alimentaci\u00f3n e higiene de 2 j\u00f3venes<\/strong> durante una semana.<\/li>\n<li><strong>Con 100\u20ac<\/strong> podemos hacer realidad <strong>la salida de 20 ni\u00f1os y ni\u00f1as<\/strong> del grupo al <strong>Chiquipark<\/strong>.<\/li>\n<li><strong>Con 110\u20ac<\/strong> podemos hacer realidad la <strong>salida de 20 adolescentes al Laser Tag<\/strong>.<\/li>\n<li><strong>Con 145 \u20ac<\/strong> podemos <strong>acoger el programa de refuerzo escolar y capacitaci\u00f3n tecnol\u00f3gica a 1 ni\u00f1o o joven durante todo el curso y facilitarle el material que necesite.<\/strong><\/li>\n<li><strong>Con 160\u20ac<\/strong> podemos hacer <strong>realidad la salida al teatro en Navidad de 8 j\u00f3venes del CRAE.<\/strong><\/li>\n<li><strong>Con 168\u20ac<\/strong> podemos hacer realidad la <strong>salida de 21 ni\u00f1os y ni\u00f1as del grupo de infantes al Bosc Urb\u00e1<\/strong>.<\/li>\n<li><strong>Con 195\u20ac<\/strong> podemos hacer realidad <strong>la cena de 13 j\u00f3venes<\/strong>, los cuales su deseo es poder <strong>disfrutar de un wok o una pizza<\/strong>.<\/li>\n<li><strong>Con 200\u20ac<\/strong> podemos hacer realidad <strong>la salida de 20 j\u00f3venes para que realicen una experiencia de Escape Room.<\/strong><\/li>\n<\/ul>\n<p><strong><u>Para hacer un donativo y colaborar econ\u00f3micamente, puedes:<\/u><\/strong><\/p>\n<ul>\n<li style=\"list-style-type: none;\">\n<ul>\n<li>Hacer un donativo a trav\u00e9s de nuestro <a href=\"https:\/\/www.migranodearena.org\/reto\/esta-navidad-hacemos-realidad-los-deseos-de-los-ni-os-y-ni-as-y-garantizamos-sus-derechos\" target=\"_blank\" rel=\"noopener\"><strong>reto en \u201cmigranodearena\u201d<\/strong><\/a><\/li>\n<\/ul>\n<\/li>\n<\/ul>\n<p><span class=\"responsive\"><a href=\"https:\/\/www.migranodearena.org\/reto\/esta-navidad-hacemos-realidad-los-deseos-de-los-ni-os-y-ni-as-y-garantizamos-sus-derechos\" target=\"_blank\" rel=\"noopener\"><img loading=\"lazy\" decoding=\"async\" class=\"aligncenter wp-image-23665 size-full\" src=\"https:\/\/comtal.org\/wp-content\/uploads\/mi-grano-de-arena.jpg\" alt=\"repte nadal\" width=\"1251\" height=\"624\" srcset=\"https:\/\/comtal.org\/wp-content\/uploads\/mi-grano-de-arena.jpg 1251w, https:\/\/comtal.org\/wp-content\/uploads\/mi-grano-de-arena-300x150.jpg 300w, https:\/\/comtal.org\/wp-content\/uploads\/mi-grano-de-arena-1024x511.jpg 1024w, https:\/\/comtal.org\/wp-content\/uploads\/mi-grano-de-arena-768x383.jpg 768w, https:\/\/comtal.org\/wp-content\/uploads\/mi-grano-de-arena-188x94.jpg 188w\" sizes=\"auto, (max-width: 1251px) 100vw, 1251px\" \/><\/a><\/span><\/p>\n<ul>\n<li>Hacer un ingreso al n\u00famero de cuenta 2100 3002 00 2200314811 con el concepto : \u201d<em>Campa\u00f1a de Navidad<\/em>\u201d.<\/li>\n<li>Realizar un Bizum al n\u00famero 33562.<\/li>\n<\/ul>\n<p><strong><u>Con la ayuda en especies:<\/u><\/strong><\/p>\n<ul>\n<li><strong>Alimentos perdurables<\/strong>: Arroz, galletas, garbanzos, leche, aceite, az\u00facar, pasta, tomate frito etc. Pod\u00e9is consultar la lista de alimentos que necesitamos.<\/li>\n<li><strong>Material de higiene<\/strong>: jab\u00f3n, cepillos y pasta de dientes, desodorante, champ\u00fa\u2026 50 Packs de neceser con este material.<\/li>\n<li><strong>Ropa<\/strong>: 40 sudaderas tipo Decathlon talla XL.<\/li>\n<li><strong>Material escolar<\/strong>: Ratones de ordenador, pendrives, tarjetas de acceso a internet, ordenadores, packs de material para hacer deberes y actividades etc.<\/li>\n<li><strong>20 Packs infantiles<\/strong>: Hojas blancas y de color, l\u00e1pices, regla, goma de borrar, sacapuntas, plastidecor y plastilina.<\/li>\n<li><strong>41 Packs de primaria<\/strong>: Libretas, l\u00e1pices, regla, goma de borrar, sacapuntas, bol\u00edgrafo azul, negro y rojo, retuladores de colores, pegamento de barra, tijeras y subrayadores.<\/li>\n<li><strong>40 Packs de segundaria<\/strong>: Libretas, l\u00e1pices, regla, escuadra y cartab\u00f3n, goma de borrar, sacapuntas, bol\u00edgrafo azul, negro y rojo, retuladores de colores, tippex y subrayadores.<\/li>\n<li>100 botellas de agua para la escuela.<\/li>\n<\/ul>\n<p>Ponte en contacto con nosotros en el tel\u00e9fono 932954636 para ver todo lo que necesitamos e informarte de c\u00f3mo nos puedes ayudar.<\/p>\n<p>La recogida de material, alimentos y productos de higiene intima se llevar\u00e1 a cabo del <strong>6 al 23 de Diciembre<\/strong> en C\/ Allada Vermell, n\u00ba 5, Barcelona.<\/p>\n<p><strong><span style=\"color: #ff9900;\">\u00a1GRACIAS POR AYUDARNOS A HACER REALIDAD SUS DESEOS Y GARANTIZARLES SUS DERECHOS!<\/span><\/strong>[\/vc_column_text][\/vc_column][\/vc_row]<\/p>\n","protected":false},"excerpt":{"rendered":"<p>[vc_row][vc_column][vc_column_text]ESTA NAVIDAD, HAREMOS REALIDAD LOS DESEOS DE LOS NI\u00d1OS Y NI\u00d1AS GARANTIZ\u00c1NDOLES SUS DERECHOS En el marco de la campa\u00f1a \u201cCon los derechos, no se juega\u201d, esta Navidad puedes ayudarnos [&hellip;]<\/p>\n","protected":false},"author":2,"featured_media":23419,"comment_status":"closed","ping_status":"closed","sticky":false,"template":"","format":"standard","meta":{"footnotes":""},"categories":[22,25,19,409,27],"tags":[396,375,484,485,377,486],"class_list":["post-23710","post","type-post","status-publish","format-standard","has-post-thumbnail","hentry","category-colaboradores","category-fundacioncomtal","category-general-es","category-la-salle-es","category-navidad","tag-ayuda","tag-derechos","tag-deseos","tag-navidad","tag-ninos-y-ninas","tag-reto-solidario"],"_links":{"self":[{"href":"https:\/\/comtal.org\/es\/wp-json\/wp\/v2\/posts\/23710","targetHints":{"allow":["GET"]}}],"collection":[{"href":"https:\/\/comtal.org\/es\/wp-json\/wp\/v2\/posts"}],"about":[{"href":"https:\/\/comtal.org\/es\/wp-json\/wp\/v2\/types\/post"}],"author":[{"embeddable":true,"href":"https:\/\/comtal.org\/es\/wp-json\/wp\/v2\/users\/2"}],"replies":[{"embeddable":true,"href":"https:\/\/comtal.org\/es\/wp-json\/wp\/v2\/comments?post=23710"}],"version-history":[{"count":10,"href":"https:\/\/comtal.org\/es\/wp-json\/wp\/v2\/posts\/23710\/revisions"}],"predecessor-version":[{"id":23769,"href":"https:\/\/comtal.org\/es\/wp-json\/wp\/v2\/posts\/23710\/revisions\/23769"}],"wp:featuredmedia":[{"embeddable":true,"href":"https:\/\/comtal.org\/es\/wp-json\/wp\/v2\/media\/23419"}],"wp:attachment":[{"href":"https:\/\/comtal.org\/es\/wp-json\/wp\/v2\/media?parent=23710"}],"wp:term":[{"taxonomy":"category","embeddable":true,"href":"https:\/\/comtal.org\/es\/wp-json\/wp\/v2\/categories?post=23710"},{"taxonomy":"post_tag","embeddable":true,"href":"https:\/\/comtal.org\/es\/wp-json\/wp\/v2\/tags?post=23710"}],"curies":[{"name":"wp","href":"https:\/\/api.w.org\/{rel}","templated":true}]}}