{"id":23464,"date":"2021-10-11T15:30:54","date_gmt":"2021-10-11T15:30:54","guid":{"rendered":"https:\/\/comtal.org\/?p=23464"},"modified":"2021-10-14T13:34:50","modified_gmt":"2021-10-14T13:34:50","slug":"un-ejemplo-de-exito-y-resiliencia","status":"publish","type":"post","link":"https:\/\/comtal.org\/es\/un-ejemplo-de-exito-y-resiliencia\/","title":{"rendered":"UN EJEMPLO DE \u00c9XITO Y RESILIENCIA"},"content":{"rendered":"<p>[vc_row][vc_column][vc_column_text]<\/p>\n<h3><strong><span style=\"color: #ff9900;\">El caso del\u00a0Lims, ejemplo de \u00e9xito y resiliencia<\/span><\/strong><\/h3>\n<p>Con motivo del d\u00eda Internacional de la Erradicaci\u00f3n de la Pobreza, queremos dar a conocer la historia del\u00a0Lims, <strong>un ejemplo de superaci\u00f3n, \u00e9xito y resiliencia.<\/strong><\/p>\n<p>El Lims abandon\u00f3 Guinea pasando por <strong>un proceso migratorio<\/strong> <strong>muy duro<\/strong> y lleg\u00f3 a Barcelona solicitante de asilo pol\u00edtico.<\/p>\n<p>Fue en el 2019 cuando acudi\u00f3 a la Fundaci\u00f3 Comtal para <strong>mejorar sus competencias<\/strong> a nivel formativo con el objetivo que le abri\u00e9ramos puertas para conseguir una oportunidad laboral.<\/p>\n<p>Durante dos a\u00f1os y medio Lims ha seguido un itinerario de orientaci\u00f3n y acompa\u00f1amiento integral dentro del programa Incorpora de la Fundaci\u00f3 Comtal, que le ha apoyado para la mejora de sus competencias personales y profesionales, form\u00e1ndose en el \u00e1mbito de la log\u00edstica y el comercio, y adquiriendo titulaciones y carn\u00e9s profesionales.<\/p>\n<p>En el 2020 inici\u00f3 sus primeras experiencias laborales en el pa\u00eds a trav\u00e9s de peque\u00f1os contratos de corta duraci\u00f3n en el sector de la log\u00edstica, pero lleg\u00f3 la pandemia y encontrar trabajo todav\u00eda se complic\u00f3 m\u00e1s.<\/p>\n<p><strong>Durante el confinamiento se qued\u00f3 sin ingresos para poderse pagar la habitaci\u00f3n donde viv\u00eda y se vio obligado a dormir en la calle.<\/strong><\/p>\n<div class=\"testimonial\">Recuerdo que hab\u00eda d\u00edas que ir a trabajar despu\u00e9s de haber dormido en la calle era muy dif\u00edcil, iba sin comer y sin haber descansado nada<\/div>\n<div class=\"testimonial-author\">Explica Lims.<\/div>\n<p>A pesar de las dificultades y el contexto de precariedad que le rodeaba, dorm\u00eda en la calle e iba a trabajar cada d\u00eda rigurosamente. Este esfuerzo y compromiso es el que le permiti\u00f3 conseguir volver al mundo laboral con un contrato de larga duraci\u00f3n en Delicium Petfood.<\/p>\n<p><span class=\"responsive\"><img loading=\"lazy\" decoding=\"async\" class=\"aligncenter size-full wp-image-23346\" src=\"https:\/\/comtal.org\/wp-content\/uploads\/RSC.jpg\" alt=\"rsc\" width=\"1446\" height=\"675\" srcset=\"https:\/\/comtal.org\/wp-content\/uploads\/RSC.jpg 1446w, https:\/\/comtal.org\/wp-content\/uploads\/RSC-300x140.jpg 300w, https:\/\/comtal.org\/wp-content\/uploads\/RSC-1024x478.jpg 1024w, https:\/\/comtal.org\/wp-content\/uploads\/RSC-768x359.jpg 768w, https:\/\/comtal.org\/wp-content\/uploads\/RSC-188x88.jpg 188w\" sizes=\"auto, (max-width: 1446px) 100vw, 1446px\" \/><\/span><\/p>\n<p>Gracias a\u00a0Delicium\u00a0Petfood, una empresa comprometida y consciente con las realidades dif\u00edciles de los colectivos con los que trabajamos, el\u00a0Lims\u00a0consigui\u00f3 <strong>un contrato de trabajo indefinido donde han valorado las ganas, la iniciativa y la gran implicaci\u00f3n que cada d\u00eda pone en el desempe\u00f1o de sus tareas como responsable de secci\u00f3n de almac\u00e9n.<\/strong><\/p>\n<p>Hoy Lims nos explica sonriendo que finalmente sus esfuerzos han merecido la pena, y agradece la oportunidad a la empresa, a la Fundaci\u00f3 Comtal y a Incorpora, la oportunidad y acompa\u00f1amiento ofrecido.<\/p>\n<h3><strong><span style=\"color: #ff9900;\">Desde la Fundaci\u00f3 Comtal&#8230;<\/span><\/strong><\/h3>\n<p><strong>Fomentamos la inserci\u00f3n laboral de colectivos en situaci\u00f3n vulnerable<\/strong>, nos lo explica Natalia, t\u00e9cnica laboral de Incorpora.[\/vc_column_text][vc_video link=\u00bbhttps:\/\/www.youtube.com\/watch?v=4JNI-abj0D4&#8243;][\/vc_column][\/vc_row]<\/p>\n","protected":false},"excerpt":{"rendered":"<p>[vc_row][vc_column][vc_column_text] El caso del\u00a0Lims, ejemplo de \u00e9xito y resiliencia Con motivo del d\u00eda Internacional de la Erradicaci\u00f3n de la Pobreza, queremos dar a conocer la historia del\u00a0Lims, un ejemplo de [&hellip;]<\/p>\n","protected":false},"author":2,"featured_media":23343,"comment_status":"closed","ping_status":"closed","sticky":false,"template":"","format":"standard","meta":{"footnotes":""},"categories":[411,25,26,403,410],"tags":[478,416,328,426,479,476,477],"class_list":["post-23464","post","type-post","status-publish","format-standard","has-post-thumbnail","hentry","category-formacion-es","category-fundacioncomtal","category-integracion","category-testimoniales-es","category-trabajo-es","tag-esfuerzo","tag-formacion-es","tag-formacion","tag-insercion-laboral","tag-precariedad-laboral","tag-resiliencia-es","tag-superacion"],"_links":{"self":[{"href":"https:\/\/comtal.org\/es\/wp-json\/wp\/v2\/posts\/23464","targetHints":{"allow":["GET"]}}],"collection":[{"href":"https:\/\/comtal.org\/es\/wp-json\/wp\/v2\/posts"}],"about":[{"href":"https:\/\/comtal.org\/es\/wp-json\/wp\/v2\/types\/post"}],"author":[{"embeddable":true,"href":"https:\/\/comtal.org\/es\/wp-json\/wp\/v2\/users\/2"}],"replies":[{"embeddable":true,"href":"https:\/\/comtal.org\/es\/wp-json\/wp\/v2\/comments?post=23464"}],"version-history":[{"count":11,"href":"https:\/\/comtal.org\/es\/wp-json\/wp\/v2\/posts\/23464\/revisions"}],"predecessor-version":[{"id":23649,"href":"https:\/\/comtal.org\/es\/wp-json\/wp\/v2\/posts\/23464\/revisions\/23649"}],"wp:featuredmedia":[{"embeddable":true,"href":"https:\/\/comtal.org\/es\/wp-json\/wp\/v2\/media\/23343"}],"wp:attachment":[{"href":"https:\/\/comtal.org\/es\/wp-json\/wp\/v2\/media?parent=23464"}],"wp:term":[{"taxonomy":"category","embeddable":true,"href":"https:\/\/comtal.org\/es\/wp-json\/wp\/v2\/categories?post=23464"},{"taxonomy":"post_tag","embeddable":true,"href":"https:\/\/comtal.org\/es\/wp-json\/wp\/v2\/tags?post=23464"}],"curies":[{"name":"wp","href":"https:\/\/api.w.org\/{rel}","templated":true}]}}