{"id":21073,"date":"2021-07-28T14:08:45","date_gmt":"2021-07-28T14:08:45","guid":{"rendered":"https:\/\/comtal.org\/?p=21073"},"modified":"2021-07-28T14:08:47","modified_gmt":"2021-07-28T14:08:47","slug":"el-czfb-ajuda-a-reescriure-el-futur-de-la-gent-jove","status":"publish","type":"post","link":"https:\/\/comtal.org\/es\/el-czfb-ajuda-a-reescriure-el-futur-de-la-gent-jove\/","title":{"rendered":"EL\u00a0CZFB\u00a0AJUDA A REESCRIURE EL FUTUR DE LA GENT JOVE"},"content":{"rendered":"<p>A l&#8217;Escola de Segona Oportunitat de la Fundaci\u00f3 Comtal tanquem el curs agraint la col\u00b7laboraci\u00f3 del Consorci de la Zona Franca de Barcelona (<span class=\"hiddenSpellError\">CZFB<\/span>), que ha ajudat econ\u00f2micament al col\u00b7lectiu de joves sense recursos ni suport familiar de l&#8217;escola, a reprendre la seva formaci\u00f3 i aconseguir la seva inserci\u00f3 social i laboral.<\/p>\n<p><span style=\"color: #ff9900;\"><strong>Un curs dif\u00edcil, per\u00f2 superat<\/strong><\/span><\/p>\n<p>L&#8217;\u00c0rea de Formaci\u00f3 de la Fundaci\u00f3 Comtal ofereix a joves de 14 a 21 anys en atur, sense estudis i en gran part d&#8217;origen estranger, una nova oportunitat de formar-se i de definir un itinerari formatiu&nbsp;<span class=\"hiddenGreenError\" style=\"padding-bottom: 2px; background-image: url('..\/..\/..\/..\/..\/images\/squiggle_green.png'); background-repeat: repeat-x; background-position: left bottom; cursor: default; color: #000000; font-family: 'Open Sans', Helvetica, Arial, sans-serif; font-size: 16px; font-style: normal; font-variant-ligatures: normal; font-variant-caps: normal; font-weight: 300; letter-spacing: normal; orphans: 2; text-align: start; text-indent: 0px; text-transform: none; white-space: normal; widows: 2; word-spacing: 0px; -webkit-text-stroke-width: 0px; text-decoration-thickness: initial; text-decoration-style: initial; text-decoration-color: initial;\">i\/o<\/span>&nbsp;laboral a partir del desenvolupament de les seves potencialitats i de la millora de les seves compet\u00e8ncies b\u00e0siques, acad\u00e8miques, laborals i personals.<\/p>\n<p><span class=\"responsive\"><img loading=\"lazy\" decoding=\"async\" class=\"aligncenter size-full wp-image-21077\" src=\"https:\/\/comtal.org\/wp-content\/uploads\/escola.jpg\" alt=\"escola\" width=\"1971\" height=\"1075\" srcset=\"https:\/\/comtal.org\/wp-content\/uploads\/escola.jpg 1971w, https:\/\/comtal.org\/wp-content\/uploads\/escola-300x164.jpg 300w, https:\/\/comtal.org\/wp-content\/uploads\/escola-1024x558.jpg 1024w, https:\/\/comtal.org\/wp-content\/uploads\/escola-768x419.jpg 768w, https:\/\/comtal.org\/wp-content\/uploads\/escola-1536x838.jpg 1536w, https:\/\/comtal.org\/wp-content\/uploads\/escola-460x250.jpg 460w, https:\/\/comtal.org\/wp-content\/uploads\/escola-188x103.jpg 188w\" sizes=\"auto, (max-width: 1971px) 100vw, 1971px\" \/><\/span><\/p>\n<p>L&#8217;alumnat va comen\u00e7ar el curs amb moltes dificultats, per\u00f2 gr\u00e0cies a l&#8217;acompanyament, suport, motivaci\u00f3 i orientaci\u00f3 de l&#8217;equip educatiu de l&#8217;escola, els i les joves han superat els entrebancs i han aconseguit els seus objectius: millorar la seva ocupaci\u00f3&nbsp;<span class=\"hiddenGreenError\" style=\"padding-bottom: 2px; background-image: url('..\/..\/..\/..\/..\/images\/squiggle_green.png'); background-repeat: repeat-x; background-position: left bottom; cursor: default; color: #000000; font-family: 'Open Sans', Helvetica, Arial, sans-serif; font-size: 16px; font-style: normal; font-variant-ligatures: normal; font-variant-caps: normal; font-weight: 300; letter-spacing: normal; orphans: 2; text-align: start; text-indent: 0px; text-transform: none; white-space: normal; widows: 2; word-spacing: 0px; -webkit-text-stroke-width: 0px; text-decoration-thickness: initial; text-decoration-style: initial; text-decoration-color: initial;\">i\/o<\/span>&nbsp;endinsar-se de nou en el circuit educatiu.<\/p>\n<p><span style=\"color: #ff9900;\"><strong>Resultats obtinguts<\/strong><\/span><\/p>\n<p>Del total de joves que van iniciar el Programa de Formaci\u00f3&nbsp;<span class=\"hiddenGrammarError\">e<\/span>&nbsp;Inserci\u00f3 d&#8217;Auxiliar d&#8217;Hoteleria, Cuina i Serveis de Restauraci\u00f3 de l&#8217;Escola de Segona Oportunitat, 14 han finalitzat amb \u00e8xit i t\u00e9 definit un itinerari formatiu de cara al curs 21-22, donant continu\u00eftat als seus estudis postobligatoris mitjan\u00e7ant un cicle formatiu de grau&nbsp;<span class=\"hiddenGrammarError\">mig<\/span>. A m\u00e9s a m\u00e9s, el 50% d&#8217;aquests joves a la vegada s&#8217;ha inserit al mercat laboral.<\/p>\n<p><span class=\"responsive\"><img loading=\"lazy\" decoding=\"async\" class=\"aligncenter size-full wp-image-21075\" src=\"https:\/\/comtal.org\/wp-content\/uploads\/dcv.jpg\" alt=\"formaci\u00f3\" width=\"2016\" height=\"1008\" srcset=\"https:\/\/comtal.org\/wp-content\/uploads\/dcv.jpg 2016w, https:\/\/comtal.org\/wp-content\/uploads\/dcv-300x150.jpg 300w, https:\/\/comtal.org\/wp-content\/uploads\/dcv-1024x512.jpg 1024w, https:\/\/comtal.org\/wp-content\/uploads\/dcv-768x384.jpg 768w, https:\/\/comtal.org\/wp-content\/uploads\/dcv-1536x768.jpg 1536w, https:\/\/comtal.org\/wp-content\/uploads\/dcv-188x94.jpg 188w\" sizes=\"auto, (max-width: 2016px) 100vw, 2016px\" \/><\/span><\/p>\n<p>En relaci\u00f3 amb l&#8217;alumnat del programa Construeix-te, el 100% de l&#8217;alumnat continuar\u00e0 el curs vinent el seu itinerari formatiu, i 5 han aconseguit trobar feina malgrat les dificultats del mercat laboral en temps de pand\u00e8mia.<\/p>\n<p>Donem les gr\u00e0cies un cop m\u00e9s al Consorci de la Zona Franca de Barcelona per confiar en nosaltres i ajudar a la gent jove a reescriure el seu futur.<\/p>\n<p><span style=\"color: #ff9900;\"><strong>Patrocina:<\/strong><\/span><\/p>\n<p><span class=\"responsive\"><img loading=\"lazy\" decoding=\"async\" class=\"aligncenter wp-image-20756 size-medium\" src=\"https:\/\/comtal.org\/wp-content\/uploads\/logo-consorci-web-sin-fondo-300x109.png\" alt=\"\" width=\"300\" height=\"109\" srcset=\"https:\/\/comtal.org\/wp-content\/uploads\/logo-consorci-web-sin-fondo-300x109.png 300w, https:\/\/comtal.org\/wp-content\/uploads\/logo-consorci-web-sin-fondo-188x68.png 188w, https:\/\/comtal.org\/wp-content\/uploads\/logo-consorci-web-sin-fondo.png 376w\" sizes=\"auto, (max-width: 300px) 100vw, 300px\" \/><\/span><\/p>\n","protected":false},"excerpt":{"rendered":"<p>A l&#8217;Escola de Segona Oportunitat de la Fundaci\u00f3 Comtal tanquem el curs agraint la col\u00b7laboraci\u00f3 del Consorci de la Zona Franca de Barcelona (CZFB), que ha ajudat econ\u00f2micament al col\u00b7lectiu [&hellip;]<\/p>\n","protected":false},"author":2,"featured_media":20797,"comment_status":"closed","ping_status":"closed","sticky":false,"template":"","format":"standard","meta":{"footnotes":""},"categories":[15,329,3,11,40],"tags":[],"class_list":["post-21073","post","type-post","status-publish","format-standard","has-post-thumbnail","hentry","category-collaboradors","category-formacio","category-fundaciocomtal","category-integracio","category-treball"],"_links":{"self":[{"href":"https:\/\/comtal.org\/es\/wp-json\/wp\/v2\/posts\/21073","targetHints":{"allow":["GET"]}}],"collection":[{"href":"https:\/\/comtal.org\/es\/wp-json\/wp\/v2\/posts"}],"about":[{"href":"https:\/\/comtal.org\/es\/wp-json\/wp\/v2\/types\/post"}],"author":[{"embeddable":true,"href":"https:\/\/comtal.org\/es\/wp-json\/wp\/v2\/users\/2"}],"replies":[{"embeddable":true,"href":"https:\/\/comtal.org\/es\/wp-json\/wp\/v2\/comments?post=21073"}],"version-history":[{"count":3,"href":"https:\/\/comtal.org\/es\/wp-json\/wp\/v2\/posts\/21073\/revisions"}],"predecessor-version":[{"id":21080,"href":"https:\/\/comtal.org\/es\/wp-json\/wp\/v2\/posts\/21073\/revisions\/21080"}],"wp:featuredmedia":[{"embeddable":true,"href":"https:\/\/comtal.org\/es\/wp-json\/wp\/v2\/media\/20797"}],"wp:attachment":[{"href":"https:\/\/comtal.org\/es\/wp-json\/wp\/v2\/media?parent=21073"}],"wp:term":[{"taxonomy":"category","embeddable":true,"href":"https:\/\/comtal.org\/es\/wp-json\/wp\/v2\/categories?post=21073"},{"taxonomy":"post_tag","embeddable":true,"href":"https:\/\/comtal.org\/es\/wp-json\/wp\/v2\/tags?post=21073"}],"curies":[{"name":"wp","href":"https:\/\/api.w.org\/{rel}","templated":true}]}}