{"id":20732,"date":"2021-05-13T13:55:38","date_gmt":"2021-05-13T13:55:38","guid":{"rendered":"https:\/\/comtal.org\/te-invitamos-a-la-cena-solidaria-encasa\/"},"modified":"2021-05-27T14:14:59","modified_gmt":"2021-05-27T14:14:59","slug":"te-invitamos-a-la-cena-solidaria-encasa","status":"publish","type":"post","link":"https:\/\/comtal.org\/es\/te-invitamos-a-la-cena-solidaria-encasa\/","title":{"rendered":"TE INVITAMOS A LA CENA SOLIDARIA #ENCASA!"},"content":{"rendered":"<p>La situaci\u00f3n de pandemia no nos permite reunirnos f\u00edsicamente y celebrar juntos y juntas nuestra tradicional cena solidaria. Por eso,<strong> este a\u00f1o lo celebraremos desde casa, con la misma ilusi\u00f3n de siempre y en formato en l\u00ednea.<\/strong><\/p>\n<p><span style=\"color: #ff9900;\"><strong>El pr\u00f3ximo 18 de junio a las 20h te invitamos a disfrutar de una nueva edici\u00f3n de Cena Solidaria #EnCasa!.<\/strong><\/span><\/p>\n<p><strong>Todo lo que recaudamos se destinar\u00e1 a garantizar un verano digno, divertido y saludable a los ni\u00f1os\/as y adolescentes del \u00e1rea socioeducativa y residencial de la entidad.<\/strong><\/p>\n<p>Durante la cena te podr\u00e1s conectar en&nbsp;streaming&nbsp;a trav\u00e9s de una plataforma, y&nbsp;<strong>disfrutar de videos, testimonios y participar en el sorteo de material, vales y regalos!<\/strong><\/p>\n<h2><strong><span style=\"color: #ff9900;\">\u00bfC\u00f3mo participar?<\/span><\/strong><\/h2>\n<ul>\n<li>Invita a tus amigos, amigas y\/o familiares a comer en tu casa, respetando grupos burbujas y restricciones.<\/li>\n<li>Prepara una cena sencilla o sofisticada, fresca o enlatada, frita o recalentada, pero solidaria.<\/li>\n<li>Confirma tu asistencia y la de tus invitados\/as, haciendo un donativo de 10\u20ac por persona. Una vez confirmes asistencia, te enviaremos una propuesta de c\u00f3ctel y postre, que ha preparado el alumnado de nuestra Escuela de Segunda Oportunidad con mucho coraz\u00f3n para que pod\u00e1is prepararlo antes en casa, y el link a la plataforma para conectarte en directo a la cena.<\/li>\n<li>Si no puedes sumarte el 18 de junio, tambi\u00e9n puedes colaborar con la Fila 0, haciendo un donativo en nuestro reto solidario de verano.<\/li>\n<\/ul>\n<p><span class=\"responsive\"><img loading=\"lazy\" decoding=\"async\" class=\"aligncenter size-full wp-image-20702\" src=\"https:\/\/comtal.org\/wp-content\/uploads\/cartel-sopar-solidari-a-casa-scaled.jpg\" alt=\"sopar solidari\" width=\"1810\" height=\"2560\" srcset=\"https:\/\/comtal.org\/wp-content\/uploads\/cartel-sopar-solidari-a-casa-scaled.jpg 1810w, https:\/\/comtal.org\/wp-content\/uploads\/cartel-sopar-solidari-a-casa-212x300.jpg 212w, https:\/\/comtal.org\/wp-content\/uploads\/cartel-sopar-solidari-a-casa-724x1024.jpg 724w, https:\/\/comtal.org\/wp-content\/uploads\/cartel-sopar-solidari-a-casa-768x1086.jpg 768w, https:\/\/comtal.org\/wp-content\/uploads\/cartel-sopar-solidari-a-casa-1086x1536.jpg 1086w, https:\/\/comtal.org\/wp-content\/uploads\/cartel-sopar-solidari-a-casa-1448x2048.jpg 1448w, https:\/\/comtal.org\/wp-content\/uploads\/cartel-sopar-solidari-a-casa-91x129.jpg 91w\" sizes=\"auto, (max-width: 1810px) 100vw, 1810px\" \/><\/span>[\/vc_column_text][vc_column_text]<\/p>\n<h2><span style=\"color: #ff9900;\">\u00bfQu\u00e9 sortearemos entre las personas participantes?<\/span><\/h2>\n<ul>\n<li><strong>5 pelotas NIKE<\/strong><\/li>\n<li><strong>1 c\u00e1mara sport tipo Go Pro<\/strong><\/li>\n<li><strong>1&nbsp;tablet&nbsp;Samsung&nbsp;Galaxy&nbsp;Tab&nbsp;A<\/strong><\/li>\n<li><strong>1 patinete<\/strong><\/li>\n<li><strong>1 vale para comer en el restaurante El Foro para 2 personas<\/strong><\/li>\n<li><strong>1 vale para comer en un restaurante del grupo Andilana para 2 personas<\/strong><\/li>\n<li><strong>1 vale para dos personas en el restaurante Sagardi Gotic con un men\u00fa degustaci\u00f3n<\/strong><\/li>\n<\/ul>\n<div class=\"btns-llengues row\">\n<div class=\"col-xs-12\">\n<div class=\"btn-right\">Obsequiaremos* a los 10 primeros inscritos\/as a la Cena Solidaria con una taza del Bar\u00e7a.<\/div>\n<\/div>\n<\/div>\n<form class=\"formulari form-horizontal\">\n<div class=\"traductor-textarea form-group\">\n<div class=\"textarea-desti col-xs-12 col-sm-6\">\n<div class=\"form-control second-textarea\">*Los obsequios y regalos se podr\u00e1n recoger en la Fundaci\u00f3 Comtal<\/div>\n<\/div>\n<\/div>\n<\/form>\n<p>[\/vc_column_text][vc_btn title=\u00bbCONFIRMO ASISTENCIA\u00bb color=\u00bbwarning\u00bb size=\u00bblg\u00bb align=\u00bbcenter\u00bb link=\u00bburl:https%3A%2F%2Fdocs.google.com%2Fforms%2Fd%2Fe%2F1FAIpQLSdhs2lMAKkzRMAxjeL2-KIoRD0f6qtEfg4HiWF2988KQezYFg%2Fviewform%20|\u00bb][vc_btn title=\u00bbQUIERO COLABORAR CON LA FILA 0&#8243; color=\u00bbwarning\u00bb size=\u00bblg\u00bb align=\u00bbcenter\u00bb link=\u00bburl:https%3A%2F%2Fwww.migranodearena.org%2Freto%2Fbecas-para-colonias-y-actividades-de-verano|\u00bb]<\/p>\n<p>Patrocina:<\/p>\n<p><span class=\"responsive\"><img loading=\"lazy\" decoding=\"async\" class=\"aligncenter size-full wp-image-20757\" src=\"https:\/\/comtal.org\/wp-content\/uploads\/logo-consorci-web-sin-fondo.png\" alt=\"\" width=\"376\" height=\"136\" srcset=\"https:\/\/comtal.org\/wp-content\/uploads\/logo-consorci-web-sin-fondo.png 376w, https:\/\/comtal.org\/wp-content\/uploads\/logo-consorci-web-sin-fondo-300x109.png 300w, https:\/\/comtal.org\/wp-content\/uploads\/logo-consorci-web-sin-fondo-188x68.png 188w\" sizes=\"auto, (max-width: 376px) 100vw, 376px\" \/><\/span><\/p>\n","protected":false},"excerpt":{"rendered":"<p>La situaci\u00f3n de pandemia no nos permite reunirnos f\u00edsicamente y celebrar juntos y juntas nuestra tradicional cena solidaria. Por eso, este a\u00f1o lo celebraremos desde casa, con la misma ilusi\u00f3n [&hellip;]<\/p>\n","protected":false},"author":2,"featured_media":20707,"comment_status":"closed","ping_status":"closed","sticky":false,"template":"","format":"standard","meta":{"footnotes":""},"categories":[23,25,28],"tags":[453,454],"class_list":["post-20732","post","type-post","status-publish","format-standard","has-post-thumbnail","hentry","category-comunidad","category-fundacioncomtal","category-solidaridad","tag-cena-solidaria","tag-verano-digno"],"_links":{"self":[{"href":"https:\/\/comtal.org\/es\/wp-json\/wp\/v2\/posts\/20732","targetHints":{"allow":["GET"]}}],"collection":[{"href":"https:\/\/comtal.org\/es\/wp-json\/wp\/v2\/posts"}],"about":[{"href":"https:\/\/comtal.org\/es\/wp-json\/wp\/v2\/types\/post"}],"author":[{"embeddable":true,"href":"https:\/\/comtal.org\/es\/wp-json\/wp\/v2\/users\/2"}],"replies":[{"embeddable":true,"href":"https:\/\/comtal.org\/es\/wp-json\/wp\/v2\/comments?post=20732"}],"version-history":[{"count":19,"href":"https:\/\/comtal.org\/es\/wp-json\/wp\/v2\/posts\/20732\/revisions"}],"predecessor-version":[{"id":20790,"href":"https:\/\/comtal.org\/es\/wp-json\/wp\/v2\/posts\/20732\/revisions\/20790"}],"wp:featuredmedia":[{"embeddable":true,"href":"https:\/\/comtal.org\/es\/wp-json\/wp\/v2\/media\/20707"}],"wp:attachment":[{"href":"https:\/\/comtal.org\/es\/wp-json\/wp\/v2\/media?parent=20732"}],"wp:term":[{"taxonomy":"category","embeddable":true,"href":"https:\/\/comtal.org\/es\/wp-json\/wp\/v2\/categories?post=20732"},{"taxonomy":"post_tag","embeddable":true,"href":"https:\/\/comtal.org\/es\/wp-json\/wp\/v2\/tags?post=20732"}],"curies":[{"name":"wp","href":"https:\/\/api.w.org\/{rel}","templated":true}]}}