{"id":20670,"date":"2021-05-11T11:33:44","date_gmt":"2021-05-11T11:33:44","guid":{"rendered":"https:\/\/comtal.org\/?p=20670"},"modified":"2021-05-11T13:00:56","modified_gmt":"2021-05-11T13:00:56","slug":"junts-es-bateguem-mes-fort","status":"publish","type":"post","link":"https:\/\/comtal.org\/es\/junts-es-bateguem-mes-fort\/","title":{"rendered":"JUNTS\/ES BATEGUEM M\u00c9S FORT!"},"content":{"rendered":"<p>[vc_row][vc_column][vc_column_text]<\/p>\n<div>La Salle Solid\u00e0ria proposa aplegar les diferents escoles de Catalunya en un format nou i diferent de Cors Solidaris. Per aix\u00f2, animem a tothom a participar en la mostra <strong>a trav\u00e9s d<\/strong>&#8216;<strong>Instagram (@lasallecatalunya)<\/strong>, on amb l&#8217;esperit de l&#8217;etiqueta\u00a0<strong>#LASALLEBATEC<\/strong>, bategarem junts i juntes a trav\u00e9s de la m\u00fasica i la solidaritat.<\/div>\n<div><\/div>\n<div><\/div>\n<div><\/div>\n<div><\/div>\n<div><\/div>\n<div><\/div>\n<div><\/div>\n<div><\/div>\n<div><\/div>\n<h2><\/h2>\n<h2><strong><span style=\"color: #ff9900;\">JUNTS I JUNTES BATEGUEM M\u00c9S FORT<\/span><\/strong><\/h2>\n<div><\/div>\n<div><\/div>\n<div>Proposem a tots els lasal\u00b7lians i lasal\u00b7lianes (escoles, comunitats, grups)\u00a0 enviar a <strong><a id=\"LPlnk122600\" href=\"mailto:pastoral@lasalle.cat\" target=\"_blank\" rel=\"noopener noreferrer\" data-auth=\"NotApplicable\" data-linkindex=\"2\">pastoral@lasalle.cat<\/a><\/strong>,\u00a0<span style=\"color: #ff9900;\"><strong>la gravaci\u00f3 en v\u00eddeo d&#8217;una can\u00e7\u00f3, en el format que vulgueu<\/strong>\u00a0<\/span>(solista, duet, cor, banda&#8230;) d&#8217;uns\u00a0<strong>TRES MINUTS<\/strong>\u00a0aproximadament (per garantir la seva visualitzaci\u00f3) que ens ajudi a sentir-nos ben units, en fraternitat\u00a0 i que promogui el lema:\u00a0<strong>JUNTS\/ES BATEGUEM M\u00c9S FORT<\/strong>.<\/div>\n<div><\/div>\n<div>Al llarg dels cinc dies (24-28 de maig), visualitzarem les can\u00e7ons,\u00a0 coneixerem diferents <strong>testimonis, projectes<\/strong>\u00a0i posarem rostre a la tasca de\u00a0<strong>Fundaci\u00f3 PROIDE i Fundaci\u00f3 COMTAL<\/strong>.<\/div>\n<div>Cada persona que faci una aportaci\u00f3 al repte de <span style=\"color: #ff9900;\"><a style=\"color: #ff9900;\" href=\"https:\/\/www.migranodearena.org\/reto\/junts-bateguem-m-s-fort-\" target=\"_blank\" rel=\"noopener\">migranodearena<\/a><\/span> \u00a0podr\u00e0 participar en un <strong>sorteig solidari ( iPad) <\/strong>\u00a0amb tantes opcions com aportacions hagi fet.<\/div>\n<div><\/div>\n<div><\/div>\n<div><\/div>\n<h2><\/h2>\n<h2><strong><span style=\"color: #ff9900;\">A FAVOR DE LA FUNDACI\u00d3 PROIDE I LA FUNDACI\u00d3 COMTAL<\/span><\/strong><\/h2>\n<div><\/div>\n<div><\/div>\n<div>Totes les aportacions aniran destinades a\u00a0<strong>LA SALLE SOLID\u00c0RIA<\/strong>, per impulsar\u00a0 la tasca que en aquest curs tant dif\u00edcil, estan duent a terme tant <strong>Fundaci\u00f3 PROIDE com Fundaci\u00f3 COMTAL<\/strong>.<\/div>\n<div>Podeu fer aportacions a migranodearena fins al 7 de juny.<\/div>\n<p>[\/vc_column_text][vc_video link=\u00bbhttps:\/\/youtu.be\/sN2XGwG1ABY\u00bb][vc_column_text]<span style=\"color: #ff9900;\"><strong>Esperem la vostra participaci\u00f3! I que soni la m\u00fasica i la solidaritat.<\/strong><\/span>[\/vc_column_text][\/vc_column][\/vc_row]<\/p>\n","protected":false},"excerpt":{"rendered":"<p>[vc_row][vc_column][vc_column_text] La Salle Solid\u00e0ria proposa aplegar les diferents escoles de Catalunya en un format nou i diferent de Cors Solidaris. Per aix\u00f2, animem a tothom a participar en la mostra [&hellip;]<\/p>\n","protected":false},"author":2,"featured_media":20671,"comment_status":"closed","ping_status":"closed","sticky":false,"template":"","format":"standard","meta":{"footnotes":""},"categories":[3,37,5],"tags":[],"class_list":["post-20670","post","type-post","status-publish","format-standard","has-post-thumbnail","hentry","category-fundaciocomtal","category-la-salle","category-solidaritat"],"_links":{"self":[{"href":"https:\/\/comtal.org\/es\/wp-json\/wp\/v2\/posts\/20670","targetHints":{"allow":["GET"]}}],"collection":[{"href":"https:\/\/comtal.org\/es\/wp-json\/wp\/v2\/posts"}],"about":[{"href":"https:\/\/comtal.org\/es\/wp-json\/wp\/v2\/types\/post"}],"author":[{"embeddable":true,"href":"https:\/\/comtal.org\/es\/wp-json\/wp\/v2\/users\/2"}],"replies":[{"embeddable":true,"href":"https:\/\/comtal.org\/es\/wp-json\/wp\/v2\/comments?post=20670"}],"version-history":[{"count":18,"href":"https:\/\/comtal.org\/es\/wp-json\/wp\/v2\/posts\/20670\/revisions"}],"predecessor-version":[{"id":20678,"href":"https:\/\/comtal.org\/es\/wp-json\/wp\/v2\/posts\/20670\/revisions\/20678"}],"wp:featuredmedia":[{"embeddable":true,"href":"https:\/\/comtal.org\/es\/wp-json\/wp\/v2\/media\/20671"}],"wp:attachment":[{"href":"https:\/\/comtal.org\/es\/wp-json\/wp\/v2\/media?parent=20670"}],"wp:term":[{"taxonomy":"category","embeddable":true,"href":"https:\/\/comtal.org\/es\/wp-json\/wp\/v2\/categories?post=20670"},{"taxonomy":"post_tag","embeddable":true,"href":"https:\/\/comtal.org\/es\/wp-json\/wp\/v2\/tags?post=20670"}],"curies":[{"name":"wp","href":"https:\/\/api.w.org\/{rel}","templated":true}]}}