{"id":20182,"date":"2021-03-02T15:55:58","date_gmt":"2021-03-02T15:55:58","guid":{"rendered":"https:\/\/comtal.org\/?p=20182"},"modified":"2021-06-02T08:34:51","modified_gmt":"2021-06-02T08:34:51","slug":"el-arte-de-la-ocupabilidad","status":"publish","type":"post","link":"https:\/\/comtal.org\/es\/el-arte-de-la-ocupabilidad\/","title":{"rendered":"NOS ADENTRAMOS EN El ARTE DE LA OCUPABILIDAD"},"content":{"rendered":"<p>[vc_row][vc_column][vc_column_text]<\/p>\n<h3><span style=\"color: #ff9900;\"><strong>Trabajamos competencias transversales mediante el ARTE<\/strong><\/span><\/h3>\n<p>El alumnado del programa Constr\u00fayete de la Escuela de Segunda Oportunidad, ha participado en el proyecto europeo\u00a0ARTE, una iniciativa <strong>donde las artes esc\u00e9nicas se combinan con actividades de trabajo de competencias transversales, acad\u00e9micas y personales con el objetivo de mejorar la empleabilidad de la gente joven.<\/strong><\/p>\n<p>El proyecto ARTE est\u00e1 siendo coordinado por UpSocial y acompa\u00f1ado por Espai Teatre, grupo de profesionales de las artes esc\u00e9nicas que utiliza <strong>el arte como herramienta educativa y de transformaci\u00f3n social. <\/strong><\/p>\n<p>El trabajo teatral con el alumnado, ha durado 6 semanas, en las que han trabajado una de las obras m\u00e1s conocidas del dramaturgo Antonio Buero Vallejo <strong>\u201cHistoria de una escalera\u201d.<\/strong> El proyecto ha finalizado con el estreno de la obra el pasado 28 de febrero.<\/p>\n<p><span style=\"color: #ff0000;\"><span class=\"responsive\"><img loading=\"lazy\" decoding=\"async\" class=\"aligncenter size-full wp-image-20393\" src=\"https:\/\/comtal.org\/wp-content\/uploads\/WhatsApp-Image-2021-03-01-at-17.05.12.jpeg\" alt=\"\" width=\"1682\" height=\"1167\" srcset=\"https:\/\/comtal.org\/wp-content\/uploads\/WhatsApp-Image-2021-03-01-at-17.05.12.jpeg 1682w, https:\/\/comtal.org\/wp-content\/uploads\/WhatsApp-Image-2021-03-01-at-17.05.12-300x208.jpeg 300w, https:\/\/comtal.org\/wp-content\/uploads\/WhatsApp-Image-2021-03-01-at-17.05.12-1024x710.jpeg 1024w, https:\/\/comtal.org\/wp-content\/uploads\/WhatsApp-Image-2021-03-01-at-17.05.12-768x533.jpeg 768w, https:\/\/comtal.org\/wp-content\/uploads\/WhatsApp-Image-2021-03-01-at-17.05.12-1536x1066.jpeg 1536w, https:\/\/comtal.org\/wp-content\/uploads\/WhatsApp-Image-2021-03-01-at-17.05.12-186x129.jpeg 186w\" sizes=\"auto, (max-width: 1682px) 100vw, 1682px\" \/><\/span><\/span><\/p>\n<p><span style=\"color: #ff0000;\"><\/p>\n<div class=\"one_half\"><span class=\"responsive\"><img loading=\"lazy\" decoding=\"async\" class=\"aligncenter size-full wp-image-20397\" src=\"https:\/\/comtal.org\/wp-content\/uploads\/WhatsApp-Image-2021-03-01-at-17.16.47-1.jpeg\" alt=\"\" width=\"1080\" height=\"698\" \/><\/span><\/div>\n<div class=\"one_half last\"><span class=\"responsive\"><img loading=\"lazy\" decoding=\"async\" class=\"aligncenter size-full wp-image-20399\" src=\"https:\/\/comtal.org\/wp-content\/uploads\/WhatsApp-Image-2021-03-01-at-17.16.47-3.jpeg\" alt=\"\" width=\"1065\" height=\"694\" \/><\/span><\/div>\n<div class=\"clear\"><\/div>\n<p><\/span><\/p>\n<p>&nbsp;<\/p>\n<p>Durante el proceso de aprendizaje de la obra, el grupo ha trabajado <strong>el lenguaje corporal, la concentraci\u00f3n, la memoria y la disciplina. As\u00ed mismo han aprendido a trabajar en equipo, a improvisar, a afrontar retos que se podr\u00edan producir en un entorno laboral \u00a0y a encontrar dosis extras de la motivaci\u00f3n frente a las dificultades. <\/strong><\/p>\n<h3><span style=\"color: #ff9900;\"><strong>M\u00fasica y percusi\u00f3n, fuentes de inspiraci\u00f3n y motivaci\u00f3n<\/strong><\/span><\/h3>\n<p>Por su capacidad de aportar cohesi\u00f3n al contenido y al grupo, la m\u00fasica y la percusi\u00f3n se convirtieron en el centro de la pieza teatral. Experimentando a trav\u00e9s del ritmo, <strong>los participantes han podido trabajar diferentes conflictos que aparecen en la obra, no siempre f\u00e1ciles de trabajar con el lenguaje: la tensi\u00f3n, el odio, el amor, las cr\u00edticas, etc. <\/strong><\/p>\n<div class=\"one_half\"><span class=\"responsive\"><img loading=\"lazy\" decoding=\"async\" class=\"aligncenter wp-image-20163 size-full\" src=\"https:\/\/comtal.org\/wp-content\/uploads\/lll-e1613641697403.jpg\" alt=\"\" width=\"1734\" height=\"875\" srcset=\"https:\/\/comtal.org\/wp-content\/uploads\/lll-e1613641697403.jpg 1734w, https:\/\/comtal.org\/wp-content\/uploads\/lll-e1613641697403-300x151.jpg 300w, https:\/\/comtal.org\/wp-content\/uploads\/lll-e1613641697403-1024x517.jpg 1024w, https:\/\/comtal.org\/wp-content\/uploads\/lll-e1613641697403-768x388.jpg 768w, https:\/\/comtal.org\/wp-content\/uploads\/lll-e1613641697403-1536x775.jpg 1536w, https:\/\/comtal.org\/wp-content\/uploads\/lll-e1613641697403-940x475.jpg 940w, https:\/\/comtal.org\/wp-content\/uploads\/lll-e1613641697403-188x95.jpg 188w\" sizes=\"auto, (max-width: 1734px) 100vw, 1734px\" \/><\/span><\/div>\n<div class=\"one_half last\"><span class=\"responsive\"><img loading=\"lazy\" decoding=\"async\" class=\"aligncenter size-full wp-image-20165\" src=\"https:\/\/comtal.org\/wp-content\/uploads\/projecte_arte_13.jpg\" alt=\"\" width=\"720\" height=\"360\" srcset=\"https:\/\/comtal.org\/wp-content\/uploads\/projecte_arte_13.jpg 720w, https:\/\/comtal.org\/wp-content\/uploads\/projecte_arte_13-300x150.jpg 300w, https:\/\/comtal.org\/wp-content\/uploads\/projecte_arte_13-188x94.jpg 188w\" sizes=\"auto, (max-width: 720px) 100vw, 720px\" \/><\/span><\/div>\n<div class=\"clear\"><\/div>\n<p>En las clases, tambi\u00e9n han podido compartir c\u00f3mo se sienten respecto al proceso y qu\u00e9 elementos positivos les est\u00e1 aportando la experiencia.<\/p>\n<div class=\"testimonial\"><em>\u201cTocar instrumentos en el teatro nos recuerda a nuestra cultura y a lo que hac\u00edamos en las fiestas cuando \u00e9ramos peque\u00f1os. Incluir instrumentos en los ensayos ha mejorado la obra y nos ha motivado a seguir\u201d<\/em> <\/div>\n<div class=\"testimonial-author\">Mohamed Aamir, alumno de la Escuela de Segunda Oportunidad de la Fundaci\u00f3 Comtal.<\/div>\n<div class=\"testimonial\">\u00ab<em>Estamos contentos y agradecidos con el proyecto ARTE porque estamos aprendiendo muchas palabras nuevas y estamos mejorando nuestra pronunciaci\u00f3n<\/em><em>\u00ab<\/em><\/div>\n<div class=\"testimonial-author\">Moustapha Sall, alumno de la Escuela de Segunda Oportunidad de la Fundaci\u00f3 Comtal.<\/div>\n<p>[\/vc_column_text][vc_video link=\u00bbhttps:\/\/www.youtube.com\/watch?v=pGosNBcpj9w\u00bb][\/vc_column][\/vc_row][vc_row][vc_column][vc_column_text]<\/p>\n<h3><strong><span style=\"color: #ff9900;\">El arte de la ocupabilidad<\/span><\/strong><\/h3>\n<p>El objetivo del proyecto es combatir el desempleo de j\u00f3venes en situaci\u00f3n de vulnerabilidad.<\/p>\n<p>La primera fase del proyecto ha finalizado con el estreno de la obra y ha servido para <strong>reforzar el autoconocimiento, la autoestima y la confianza de los y las j\u00f3venes<\/strong>. Con el proceso de aprendizaje de la obra, se ha conseguido empoderar al grupo y <strong>han mejorado tanto sus competencias profesionales como las sociales.<\/strong><\/p>\n<p><strong><span class=\"responsive\"><img loading=\"lazy\" decoding=\"async\" class=\"aligncenter size-full wp-image-20169\" src=\"https:\/\/comtal.org\/wp-content\/uploads\/fotos-escalera-e1613643458939.jpg\" alt=\"\" width=\"966\" height=\"546\" srcset=\"https:\/\/comtal.org\/wp-content\/uploads\/fotos-escalera-e1613643458939.jpg 966w, https:\/\/comtal.org\/wp-content\/uploads\/fotos-escalera-e1613643458939-300x170.jpg 300w, https:\/\/comtal.org\/wp-content\/uploads\/fotos-escalera-e1613643458939-768x434.jpg 768w, https:\/\/comtal.org\/wp-content\/uploads\/fotos-escalera-e1613643458939-188x106.jpg 188w\" sizes=\"auto, (max-width: 966px) 100vw, 966px\" \/><\/span><br \/>\n<\/strong><\/p>\n<p>Ahora se encuentran en la segunda parte del proyecto, \u00a0en la que han iniciado actividades de aprendizaje-servicio para contribuir a resolver retos de la comunidad y con la que est\u00e1n pudiendo poner en pr\u00e1ctica lo aprendido en el teatro, pero en un contexto laboral real. A lo largo de cinco semanas m\u00e1s, el equipo art\u00edstico seguir\u00e1 acompa\u00f1\u00e1ndolos semanalmente para mantener la motivaci\u00f3n y maximizar los aprendizajes.<\/p>\n<p>Al final del proceso se espera que los y las participantes <strong>reconecten con su motivaci\u00f3n para poder seguir form\u00e1ndose, iniciar proyectos de emprendimiento o hacer frente a un puesto de trabajo<\/strong>.<\/p>\n<h3><span style=\"color: #ff9900;\"><strong>Marco de intervenci\u00f3n<\/strong><\/span><\/h3>\n<p>ArtE\u00a0combina el poder transformador de las artes esc\u00e9nicas con t\u00e9cnicas de orientaci\u00f3n sociolaboral para <strong>activar procesos de resiliencia en personas que se encuentran sin trabajo, rompiendo din\u00e1micas de desmotivaci\u00f3n y aislamiento y mejorar su empleabilidad.<\/strong> El piloto en Espa\u00f1a se ha insertado en el proyecto \u201cConstrueix-te\u201d de la Escuela de Segunda Oportunidad que impulsa Fundaci\u00f3n Comtal, gracias al acompa\u00f1amiento de Espai Teatrr, equipo de pedagogos teatrales que utiliza el arte como herramienta educativa y de transformaci\u00f3n social.<\/p>\n<p><span class=\"responsive\"><img loading=\"lazy\" decoding=\"async\" class=\"aligncenter size-full wp-image-20179\" src=\"https:\/\/comtal.org\/wp-content\/uploads\/equip-1.jpg\" alt=\"\" width=\"1374\" height=\"698\" srcset=\"https:\/\/comtal.org\/wp-content\/uploads\/equip-1.jpg 1374w, https:\/\/comtal.org\/wp-content\/uploads\/equip-1-300x152.jpg 300w, https:\/\/comtal.org\/wp-content\/uploads\/equip-1-1024x520.jpg 1024w, https:\/\/comtal.org\/wp-content\/uploads\/equip-1-768x390.jpg 768w, https:\/\/comtal.org\/wp-content\/uploads\/equip-1-188x96.jpg 188w\" sizes=\"auto, (max-width: 1374px) 100vw, 1374px\" \/><\/span>[\/vc_column_text][\/vc_column][\/vc_row]<\/p>\n","protected":false},"excerpt":{"rendered":"<p>[vc_row][vc_column][vc_column_text] Trabajamos competencias transversales mediante el ARTE El alumnado del programa Constr\u00fayete de la Escuela de Segunda Oportunidad, ha participado en el proyecto europeo\u00a0ARTE, una iniciativa donde las artes esc\u00e9nicas [&hellip;]<\/p>\n","protected":false},"author":2,"featured_media":20170,"comment_status":"closed","ping_status":"closed","sticky":false,"template":"","format":"standard","meta":{"footnotes":""},"categories":[411,19,26,403],"tags":[436,435,437],"class_list":["post-20182","post","type-post","status-publish","format-standard","has-post-thumbnail","hentry","category-formacion-es","category-general-es","category-integracion","category-testimoniales-es","tag-arte-es","tag-ocupabilidad","tag-proyecto"],"_links":{"self":[{"href":"https:\/\/comtal.org\/es\/wp-json\/wp\/v2\/posts\/20182","targetHints":{"allow":["GET"]}}],"collection":[{"href":"https:\/\/comtal.org\/es\/wp-json\/wp\/v2\/posts"}],"about":[{"href":"https:\/\/comtal.org\/es\/wp-json\/wp\/v2\/types\/post"}],"author":[{"embeddable":true,"href":"https:\/\/comtal.org\/es\/wp-json\/wp\/v2\/users\/2"}],"replies":[{"embeddable":true,"href":"https:\/\/comtal.org\/es\/wp-json\/wp\/v2\/comments?post=20182"}],"version-history":[{"count":10,"href":"https:\/\/comtal.org\/es\/wp-json\/wp\/v2\/posts\/20182\/revisions"}],"predecessor-version":[{"id":20840,"href":"https:\/\/comtal.org\/es\/wp-json\/wp\/v2\/posts\/20182\/revisions\/20840"}],"wp:featuredmedia":[{"embeddable":true,"href":"https:\/\/comtal.org\/es\/wp-json\/wp\/v2\/media\/20170"}],"wp:attachment":[{"href":"https:\/\/comtal.org\/es\/wp-json\/wp\/v2\/media?parent=20182"}],"wp:term":[{"taxonomy":"category","embeddable":true,"href":"https:\/\/comtal.org\/es\/wp-json\/wp\/v2\/categories?post=20182"},{"taxonomy":"post_tag","embeddable":true,"href":"https:\/\/comtal.org\/es\/wp-json\/wp\/v2\/tags?post=20182"}],"curies":[{"name":"wp","href":"https:\/\/api.w.org\/{rel}","templated":true}]}}