{"id":20066,"date":"2021-02-12T13:45:23","date_gmt":"2021-02-12T13:45:23","guid":{"rendered":"https:\/\/comtal.org\/?p=20066"},"modified":"2021-02-22T17:37:13","modified_gmt":"2021-02-22T17:37:13","slug":"pedimos-justicia-social-para-el-colectivo-migrante","status":"publish","type":"post","link":"https:\/\/comtal.org\/es\/pedimos-justicia-social-para-el-colectivo-migrante\/","title":{"rendered":"JUST\u00cdCIA SOCIAL PARA EL COLECTIVO MIGRANTE"},"content":{"rendered":"\n<p>El 20 de febrero se celebra el D\u00eda Internacional de la Justicia Social, una fecha proclamada por la Organizaci\u00f3n de las Naciones Unidas (ONU) con el objetivo de <strong>promover la erradicaci\u00f3n de la pobreza, el trabajo digno, la igualdad de g\u00e9nero y el acceso al bienestar social para todo el mundo.<\/strong><\/p>\n\n\n<p><span class=\"responsive\"><img loading=\"lazy\" decoding=\"async\" class=\"aligncenter size-full wp-image-20056\" src=\"https:\/\/comtal.org\/wp-content\/uploads\/FC-voluntari-2-Moja-v1_Moment7.jpg\" alt=\"\" width=\"1920\" height=\"1080\" srcset=\"https:\/\/comtal.org\/wp-content\/uploads\/FC-voluntari-2-Moja-v1_Moment7.jpg 1920w, https:\/\/comtal.org\/wp-content\/uploads\/FC-voluntari-2-Moja-v1_Moment7-300x169.jpg 300w, https:\/\/comtal.org\/wp-content\/uploads\/FC-voluntari-2-Moja-v1_Moment7-1024x576.jpg 1024w, https:\/\/comtal.org\/wp-content\/uploads\/FC-voluntari-2-Moja-v1_Moment7-768x432.jpg 768w, https:\/\/comtal.org\/wp-content\/uploads\/FC-voluntari-2-Moja-v1_Moment7-1536x864.jpg 1536w, https:\/\/comtal.org\/wp-content\/uploads\/FC-voluntari-2-Moja-v1_Moment7-188x106.jpg 188w\" sizes=\"auto, (max-width: 1920px) 100vw, 1920px\" \/><\/span><\/p>\n\n\n\n<p>Adem\u00e1s de combatir la pobreza, la explotaci\u00f3n laboral y la discriminaci\u00f3n de g\u00e9nero, la justicia social promueve tambi\u00e9n los derechos de las personas migrantes, y la eliminaci\u00f3n de barreras por motivos de edad, raza, etnia, religi\u00f3n, cultura o discapacidad.<\/p>\n\n\n\n<h3 class=\"wp-block-heading\"><span style=\"color: #ff9900;\"><strong>El caso de las personas migrantes<\/strong><\/span><\/h3>\n\n\n\n<p><strong>Los migrantes<\/strong> de nacionalidad extracomunitaria <strong>sufren 4 veces m\u00e1s riesgo de pobreza que los espa\u00f1oles y est\u00e1n tres veces m\u00e1s expuestos a la exclusi\u00f3n social<\/strong>, unos datos que se han agudizado a ra\u00edz de la pandemia seg\u00fan el Informe Fronteras In-Visibles, de C\u00e1ritas. Las personas de origen no comunitario sufren m\u00e1s vulnerabilidad: el 51% se encuentra en riesgo de exclusi\u00f3n social severa y el 23 en exclusi\u00f3n severa, ante el 18% y el 6\u20195% respectivamente, de los que tienen nacionalidad espa\u00f1ola, lo que demuestra la amplia brecha social.<\/p>\n\n\n\n<p>Es fundamental conocer la realidad de las personas migradas para poder adoptar las medidas necesarias para velar por su bienestar. Por este motivo, hoy hablamos de la historia de l&#8217;Ayoub (nombre ficticio para proteger su identidad).<\/p>\n\n\n<p><strong><\/p>\n\n\n<p><\/strong><\/p>\n<p><span class=\"responsive\"><img loading=\"lazy\" decoding=\"async\" class=\"aligncenter wp-image-20191 size-full\" src=\"https:\/\/comtal.org\/wp-content\/uploads\/vlcsnap-2020-07-28-16h30m26s646-e1614013589507.png\" alt=\"\" width=\"1536\" height=\"844\" srcset=\"https:\/\/comtal.org\/wp-content\/uploads\/vlcsnap-2020-07-28-16h30m26s646-e1614013589507.png 1536w, https:\/\/comtal.org\/wp-content\/uploads\/vlcsnap-2020-07-28-16h30m26s646-e1614013589507-300x165.png 300w, https:\/\/comtal.org\/wp-content\/uploads\/vlcsnap-2020-07-28-16h30m26s646-e1614013589507-1024x563.png 1024w, https:\/\/comtal.org\/wp-content\/uploads\/vlcsnap-2020-07-28-16h30m26s646-e1614013589507-768x422.png 768w, https:\/\/comtal.org\/wp-content\/uploads\/vlcsnap-2020-07-28-16h30m26s646-e1614013589507-188x103.png 188w\" sizes=\"auto, (max-width: 1536px) 100vw, 1536px\" \/><\/span><\/p>\n\n\n\n<h3 class=\"wp-block-heading\"><span style=\"color: #ff9900;\"><strong>La historia de un reci\u00e9n llegado<\/strong><\/span><\/h3>\n\n\n\n<p>Ayoub naci\u00f3 en un peque\u00f1o pueblo del Marruecos, donde estudi\u00f3 hasta los 16 a\u00f1os, mientras ayudaba en los negocios familiares. A los 17 a\u00f1os decidi\u00f3 trasladarse solo a Catalu\u00f1a, <strong>quer\u00eda mejorar sus oportunidades y ayudar a su familia.<\/strong><\/p>\n\n\n\n<p>El viaje no fue f\u00e1cil, tampoco la adaptaci\u00f3n en el nuevo pa\u00eds. En Barcelona, se encontr\u00f3 con muchas dificultades de adaptaci\u00f3n; no entend\u00eda la ley, ni la lengua ni la cultura catalana. Y se dio cuenta que la <strong>situaci\u00f3n administrativa en Catalu\u00f1a no lo dejar\u00eda trabajar de forma legal una vez superara las dificultades del lenguaje.<\/strong><\/p>\n\n\n\n<p>Ayoub ahora tiene 19 a\u00f1os, ha dejado de estar protegido y tutelado por la Administraci\u00f3n y es uno de tantos j\u00f3venes migrantes, en situaci\u00f3n de vulnerabilidad, que llegan a Barcelona despu\u00e9s de vivir <strong>procesos migratorios extremadamente duros, y que se enfrentan a dificultades burocr\u00e1ticas<\/strong> cuando llegan a la mayor\u00eda de edad.<\/p>\n\n\n\n<p>Son muchos los migrantes a los que no se les es f\u00e1cil regularizar sus papeles y adquirir el permiso de residencia y de trabajo, documentos necesarios para iniciar con autonom\u00eda una nueva vida en la ciudad. Sin estos permisos muchos se ven abocados a vivir en la calle.<\/p>\n\n\n\n<p><strong>En la Fundaci\u00f3 Comtal ayudamos m\u00e1s de 100 j\u00f3venes al a\u00f1o como Ayoub<\/strong>&nbsp;para responder a sus <strong>necesidades b\u00e1sicas, asesorarlos legalmente y acompa\u00f1arlos en el proceso de formaci\u00f3n e inserci\u00f3n laboral.<\/strong> Ayoub ahora est\u00e1 haciendo el curso de cocina de la Fundaci\u00f3 Comtal, y esperamos que bien pronto pueda trabajar y tener un futuro digno.<\/p>\n\n\n<p><span class=\"responsive\"><img loading=\"lazy\" decoding=\"async\" class=\"aligncenter size-full wp-image-20058\" src=\"https:\/\/comtal.org\/wp-content\/uploads\/fg.jpg\" alt=\"\" width=\"1299\" height=\"365\" srcset=\"https:\/\/comtal.org\/wp-content\/uploads\/fg.jpg 1299w, https:\/\/comtal.org\/wp-content\/uploads\/fg-300x84.jpg 300w, https:\/\/comtal.org\/wp-content\/uploads\/fg-1024x288.jpg 1024w, https:\/\/comtal.org\/wp-content\/uploads\/fg-768x216.jpg 768w, https:\/\/comtal.org\/wp-content\/uploads\/fg-188x53.jpg 188w\" sizes=\"auto, (max-width: 1299px) 100vw, 1299px\" \/><\/span><\/p>\n\n\n<div class=\"testimonial\"> Si tuviera permiso de trabajo me gustar\u00eda trabajar y continuar estudiando a la vez, como hacen muchos j\u00f3venes de mi edad<\/div>\n<div class=\"testimonial-author\">Ayoub.<\/div>\n\n\n\n<p><\/p>\n\n\n\n<h3 class=\"wp-block-heading\"><span style=\"color: #ff9900;\"><strong>Pedimos justicia social<\/strong><\/span><\/h3>\n\n\n\n<p>Ante esta situaci\u00f3n, <strong>pedimos medidas de protecci\u00f3n e inclusi\u00f3n reales que garanticen los derechos al colectivo migrante y la igualdad de oportunidades.<\/strong><\/p>\n\n\n\n<p>M\u00e1s all\u00e1 de responsabilizarnos de la acogida de estos j\u00f3venes migrantes no acompa\u00f1ados, es necesario ofrecer herramientas y oportunidades para convertirlos en ciudadanos y ciudadanas de pleno derecho y facilitar su posterior emancipaci\u00f3n. Esto implicar\u00eda <strong>garantizar la regularizaci\u00f3n administrativa<\/strong> de las personas extranjeras y cambiar la ley de extranjer\u00eda para que s\u00ed garanticen los derechos b\u00e1sicos de este colectivo. Que los Ayuntamientos empadronen todas estas personas y <strong>que las ayudas sociales, como la renta garantizada, lleguen a todo el mundo.<\/strong><\/p>\n\n\n<p>&nbsp;<\/p>\n<p>&nbsp;<\/p>","protected":false},"excerpt":{"rendered":"<p>El 20 de febrero se celebra el D\u00eda Internacional de la Justicia Social, una fecha proclamada por la Organizaci\u00f3n de las Naciones Unidas (ONU) con el objetivo de promover la [&hellip;]<\/p>\n","protected":false},"author":2,"featured_media":20194,"comment_status":"closed","ping_status":"closed","sticky":false,"template":"","format":"standard","meta":{"footnotes":""},"categories":[415,411,26,403,410],"tags":[375,426,425,429,427,428],"class_list":["post-20066","post","type-post","status-publish","format-standard","has-post-thumbnail","hentry","category-estrangeria-es","category-formacion-es","category-integracion","category-testimoniales-es","category-trabajo-es","tag-derechos","tag-insercion-laboral","tag-jovenes-migrantes","tag-justicia-social-es","tag-procesos-migratorios","tag-recien-llegados"],"_links":{"self":[{"href":"https:\/\/comtal.org\/es\/wp-json\/wp\/v2\/posts\/20066","targetHints":{"allow":["GET"]}}],"collection":[{"href":"https:\/\/comtal.org\/es\/wp-json\/wp\/v2\/posts"}],"about":[{"href":"https:\/\/comtal.org\/es\/wp-json\/wp\/v2\/types\/post"}],"author":[{"embeddable":true,"href":"https:\/\/comtal.org\/es\/wp-json\/wp\/v2\/users\/2"}],"replies":[{"embeddable":true,"href":"https:\/\/comtal.org\/es\/wp-json\/wp\/v2\/comments?post=20066"}],"version-history":[{"count":11,"href":"https:\/\/comtal.org\/es\/wp-json\/wp\/v2\/posts\/20066\/revisions"}],"predecessor-version":[{"id":20202,"href":"https:\/\/comtal.org\/es\/wp-json\/wp\/v2\/posts\/20066\/revisions\/20202"}],"wp:featuredmedia":[{"embeddable":true,"href":"https:\/\/comtal.org\/es\/wp-json\/wp\/v2\/media\/20194"}],"wp:attachment":[{"href":"https:\/\/comtal.org\/es\/wp-json\/wp\/v2\/media?parent=20066"}],"wp:term":[{"taxonomy":"category","embeddable":true,"href":"https:\/\/comtal.org\/es\/wp-json\/wp\/v2\/categories?post=20066"},{"taxonomy":"post_tag","embeddable":true,"href":"https:\/\/comtal.org\/es\/wp-json\/wp\/v2\/tags?post=20066"}],"curies":[{"name":"wp","href":"https:\/\/api.w.org\/{rel}","templated":true}]}}