{"id":1973,"date":"2014-11-25T13:36:41","date_gmt":"2014-11-25T13:36:41","guid":{"rendered":"https:\/\/comtal.org\/?p=1973"},"modified":"2015-01-29T12:34:26","modified_gmt":"2015-01-29T12:34:26","slug":"que-ens-alimenta-lanima-els-somnis-2","status":"publish","type":"post","link":"https:\/\/comtal.org\/es\/que-ens-alimenta-lanima-els-somnis-2\/","title":{"rendered":"\u00bfQUE NOS ALIMENTA EL ALMA, LOS SUE\u00d1OS?"},"content":{"rendered":"<p>El pasado viernes 21 de noviembre, dentro del marco de la Fiesta mayor de Santa Caterina, la Fundaci\u00f3 Comtal celebr\u00f3 el Dia de los Derechos de los Ni\u00f1os, conjuntamente con otras entidades del barrio. Ni\u00f1os, j\u00f3venes, voluntarios, vecinos y familiares pudieron jugar y hacer talleres para conocer los diversos derechos a trav\u00e9s de una oca gigante.<\/p>\n<p>En el taller del derecho a la vivienda, por ejemplo, todos pudieron dibujar y construir su casa para formar parte del poblado del Tria.<\/p>\n<p>En el taller del derecho a la alimentaci\u00f3n, todos pudieron reflexionar sobre aquello que nos alimenta el alma y los sue\u00f1os.<\/p>\n<p>Os esperamos en las pr\u00f3ximas fiestas que celebramos en la calle y en las diferentes plazas del barrio de Ciutat Vella para jugar juntos a trav\u00e9s de actividades \u00edntimamente relacionadas con el mundo del juego.<\/p>\n<p><a href=\"https:\/\/comtal.org\/wp-content\/uploads\/Festa-carrer-santa-caterina.jpg\"><img loading=\"lazy\" decoding=\"async\" class=\"alignnone size-medium wp-image-1370\" src=\"https:\/\/comtal.org\/wp-content\/uploads\/Festa-carrer-santa-caterina-300x180.jpg\" alt=\"Festa carrer santa caterina\" width=\"300\" height=\"180\" \/><\/a><\/p>\n","protected":false},"excerpt":{"rendered":"<p>El pasado viernes 21 de noviembre, dentro del marco de la Fiesta mayor de Santa Caterina, la Fundaci\u00f3 Comtal celebr\u00f3 el Dia de los Derechos de los Ni\u00f1os, conjuntamente con [&hellip;]<\/p>\n","protected":false},"author":2,"featured_media":2130,"comment_status":"closed","ping_status":"closed","sticky":false,"template":"","format":"standard","meta":{"footnotes":""},"categories":[21,23,24,25,19,26],"tags":[32],"class_list":["post-1973","post","type-post","status-publish","format-standard","has-post-thumbnail","hentry","category-actividades-en-la-calle","category-comunidad","category-educacion","category-fundacioncomtal","category-general-es","category-integracion","tag-participacio-es"],"_links":{"self":[{"href":"https:\/\/comtal.org\/es\/wp-json\/wp\/v2\/posts\/1973","targetHints":{"allow":["GET"]}}],"collection":[{"href":"https:\/\/comtal.org\/es\/wp-json\/wp\/v2\/posts"}],"about":[{"href":"https:\/\/comtal.org\/es\/wp-json\/wp\/v2\/types\/post"}],"author":[{"embeddable":true,"href":"https:\/\/comtal.org\/es\/wp-json\/wp\/v2\/users\/2"}],"replies":[{"embeddable":true,"href":"https:\/\/comtal.org\/es\/wp-json\/wp\/v2\/comments?post=1973"}],"version-history":[{"count":5,"href":"https:\/\/comtal.org\/es\/wp-json\/wp\/v2\/posts\/1973\/revisions"}],"predecessor-version":[{"id":9154,"href":"https:\/\/comtal.org\/es\/wp-json\/wp\/v2\/posts\/1973\/revisions\/9154"}],"wp:featuredmedia":[{"embeddable":true,"href":"https:\/\/comtal.org\/es\/wp-json\/wp\/v2\/media\/2130"}],"wp:attachment":[{"href":"https:\/\/comtal.org\/es\/wp-json\/wp\/v2\/media?parent=1973"}],"wp:term":[{"taxonomy":"category","embeddable":true,"href":"https:\/\/comtal.org\/es\/wp-json\/wp\/v2\/categories?post=1973"},{"taxonomy":"post_tag","embeddable":true,"href":"https:\/\/comtal.org\/es\/wp-json\/wp\/v2\/tags?post=1973"}],"curies":[{"name":"wp","href":"https:\/\/api.w.org\/{rel}","templated":true}]}}