{"id":19613,"date":"2020-11-25T10:39:41","date_gmt":"2020-11-25T10:39:41","guid":{"rendered":"https:\/\/comtal.org\/buscamos-personas-voluntarias-animate\/"},"modified":"2020-11-25T13:27:32","modified_gmt":"2020-11-25T13:27:32","slug":"buscamos-personas-voluntarias-animate","status":"publish","type":"post","link":"https:\/\/comtal.org\/es\/buscamos-personas-voluntarias-animate\/","title":{"rendered":"BUSCAMOS PERSONAS VOLUNTARIAS. AN\u00cdMATE!"},"content":{"rendered":"<p>La Fundaci\u00f3 Comtal ha lanzado una campa\u00f1a de captaci\u00f3n de voluntariado, y aprovechamos esta ocasi\u00f3n, para entrevistar a la coordinadora de voluntariado de la entidad, Nuria\u00a0Cus\u00f3.<\/p>\n<p><span class=\"responsive\"><img loading=\"lazy\" decoding=\"async\" class=\"aligncenter wp-image-19600 size-full\" src=\"https:\/\/comtal.org\/wp-content\/uploads\/WhatsApp-Image-2020-11-24-at-20.26.01-e1606247273555.jpeg\" alt=\"coordinadora\" width=\"2048\" height=\"1244\" srcset=\"https:\/\/comtal.org\/wp-content\/uploads\/WhatsApp-Image-2020-11-24-at-20.26.01-e1606247273555.jpeg 2048w, https:\/\/comtal.org\/wp-content\/uploads\/WhatsApp-Image-2020-11-24-at-20.26.01-e1606247273555-300x182.jpeg 300w, https:\/\/comtal.org\/wp-content\/uploads\/WhatsApp-Image-2020-11-24-at-20.26.01-e1606247273555-1024x622.jpeg 1024w, https:\/\/comtal.org\/wp-content\/uploads\/WhatsApp-Image-2020-11-24-at-20.26.01-e1606247273555-768x467.jpeg 768w, https:\/\/comtal.org\/wp-content\/uploads\/WhatsApp-Image-2020-11-24-at-20.26.01-e1606247273555-1536x933.jpeg 1536w, https:\/\/comtal.org\/wp-content\/uploads\/WhatsApp-Image-2020-11-24-at-20.26.01-e1606247273555-188x114.jpeg 188w\" sizes=\"auto, (max-width: 2048px) 100vw, 2048px\" \/><\/span><\/p>\n<h3><span style=\"color: #ff9900;\"><strong>\u00bfPor qu\u00e9 decidisteis lanzar esta campa\u00f1a?<\/strong><\/span><\/h3>\n<p>Desde inicio de curso, la entidad lucha con m\u00e1s fuerzas que nunca para combatir las desigualdades agraviadas durante la pandemia, acompa\u00f1ando a ni\u00f1os, ni\u00f1as, j\u00f3venes y familias desde diferentes proyectos sociales. Proyectos que hist\u00f3ricamente se han podido llevar a cabo con la colaboraci\u00f3n de personas voluntarias.<br \/>\nEste a\u00f1o, con la situaci\u00f3n de alerta sanitaria que se est\u00e1 viviendo, nos encontramos con muchas m\u00e1s dificultades, hay menos cantidad de voluntarios\/as por el miedo al contagio o contagiar su entorno pr\u00f3ximo.<br \/>\nAnte este hecho hemos decidido realizar una nueva campa\u00f1a de captaci\u00f3n de voluntariado, puesto que actualmente hay m\u00e1s demanda de atenci\u00f3n por los da\u00f1os colaterales que ha provocado y provoca la\u00a0Covid.<br \/>\nSabemos que es un curso diferente y que hay una incertidumbre latente que no exist\u00eda en otros cursos ya pasados. Pero lo que tenemos claro, es que creemos en el voluntariado.<\/p>\n<h3><span style=\"color: #ff9900;\"><strong>\u00bfQue es lo que est\u00e1is buscando?<\/strong><\/span><\/h3>\n<p>Buscamos personas mayores de diecis\u00e9is a\u00f1os, con disponibilidad para comprometerse con el proyecto que quieran participar. Buscamos apoyo, solidaridad, ganas de aportar algo en esta situaci\u00f3n tan incierta.<br \/>\nEn definitiva, personas dispuestas a ayudarnos en los diferentes proyectos educativos, de ocio, formaci\u00f3n y participaci\u00f3n comunitaria.<\/p>\n<h3><span style=\"color: #ff9900;\"><strong>\u00bfC\u00f3mo tendr\u00eda que ser el perfil ideal de una persona voluntaria?<\/strong><\/span><\/h3>\n<p><strong>Responsable, respetuosa, con actitud y ganas de ayudar y aportar a la sociedad<\/strong>. Valoramos la motivaci\u00f3n. Las competencias y los intereses de la persona nos dan criterio para ver en qu\u00e9 proyectos es mejor que participen.<\/p>\n<p>Casi siempre encontramos la manera de establecer un acuerdo de colaboraci\u00f3n, si no es en un programa, es en otro. Piensa que a la entidad tenemos muchos proyectos, vinculados a diferentes \u00e1reas donde se puede participar activamente.<\/p>\n<p>Tenemos un perfil de voluntariado muy variado, desde j\u00f3venes estudiantes, personas adultas trabajadoras, hasta personas jubiladas. Nos gusta tener esta diversidad. <strong>Solo pedimos que todas ellas sean comprometidas y responsables.<\/strong><\/p>\n<h3><span style=\"color: #ff9900;\"><strong>\u00bfC\u00f3mo es el proceso de selecci\u00f3n del voluntariado a la Fundaci\u00f3 Comtal?<\/strong><\/span><\/h3>\n<p>Cuando alguien se interesa en hacer voluntariado y se pone en contacto con nosotros, acordamos una entrevista de conocimiento.<\/p>\n<p>Explicamos qu\u00e9 hacemos y qui\u00e9n somos, con todos y cada uno de los programas que desarrollamos. La persona interesada nos explica sus motivaciones, experiencias previas de voluntariado (si ha habido), formaci\u00f3n, disponibilidad, etc.<br \/>\nUna vez nos hemos conocido ambas partes y se mantiene un inter\u00e9s de colaboraci\u00f3n, se pacta el d\u00eda\/d\u00edas y horario de participaci\u00f3n y se hace la derivaci\u00f3n en el programa acordado.<\/p>\n<p>Por \u00faltimo, la coordinaci\u00f3n del programa donde participar\u00e1 la voluntaria, hace la acogida en su primer d\u00eda, le explica con m\u00e1s profundidad el programa y especifica las diferentes tareas que se tienen que llevar a cabo.<\/p>\n<p>Se revisa que aporte correctamente la documentaci\u00f3n requerida, se firma un acuerdo de colaboraci\u00f3n con la coordinadora y ya se puede iniciar la experiencia de voluntariado.<\/p>\n<p><span class=\"responsive\"><img loading=\"lazy\" decoding=\"async\" class=\"aligncenter size-full wp-image-19602\" src=\"https:\/\/comtal.org\/wp-content\/uploads\/WhatsApp-Image-2020-11-24-at-20.26.12.jpeg\" alt=\"\" width=\"2048\" height=\"1532\" srcset=\"https:\/\/comtal.org\/wp-content\/uploads\/WhatsApp-Image-2020-11-24-at-20.26.12.jpeg 2048w, https:\/\/comtal.org\/wp-content\/uploads\/WhatsApp-Image-2020-11-24-at-20.26.12-300x224.jpeg 300w, https:\/\/comtal.org\/wp-content\/uploads\/WhatsApp-Image-2020-11-24-at-20.26.12-1024x766.jpeg 1024w, https:\/\/comtal.org\/wp-content\/uploads\/WhatsApp-Image-2020-11-24-at-20.26.12-768x575.jpeg 768w, https:\/\/comtal.org\/wp-content\/uploads\/WhatsApp-Image-2020-11-24-at-20.26.12-1536x1149.jpeg 1536w, https:\/\/comtal.org\/wp-content\/uploads\/WhatsApp-Image-2020-11-24-at-20.26.12-172x129.jpeg 172w\" sizes=\"auto, (max-width: 2048px) 100vw, 2048px\" \/><\/span><\/p>\n<h3><span style=\"color: #ff9900;\"><strong>\u00bfQu\u00e9 tipo de voluntariado ofrec\u00e9is?<\/strong><\/span><\/h3>\n<p>La mayor parte de voluntariado que tenemos, es peri\u00f3dico, semanal.<br \/>\nGran parte de los programas son de intervenci\u00f3n directa con infancia y juventud, dentro del \u00e1mbito del ocio, de formaci\u00f3n y orientaci\u00f3n. El compromiso es semanal, porque aparte de las necesidades pr\u00e1cticas en si, se establece un v\u00ednculo, y este v\u00ednculo tan solo es posible con una participaci\u00f3n continuada.<br \/>\nEl voluntariado puntual, consiste en apoyar actividades de los proyectos, actos, o campa\u00f1as de la entidad, y es un voluntariado tambi\u00e9n muy necesario.<br \/>\nPor \u00faltimo, ofrecemos voluntariado corporativo. Muchas empresas hacen la semana solidaria y dedican uno o varios d\u00edas a hacer una acci\u00f3n solidaria colaborando con alguna entidad. Hemos recibido grupos de voluntarios que nos han ayudado a hacer mejoras en los locales de la fundaci\u00f3n, otras nos han hecho donaci\u00f3n de material o mobiliario \u00fatil para la entidad, etc.<\/p>\n<p><strong>El voluntariado empresarial se lleva una experiencia muy enriquecedora, compartir tiempo de calidad con los compa\u00f1eros\/as de trabajo fuera del \u00e1mbito de la empresa, y con la satisfacci\u00f3n de ayudar a unos terceros.<\/strong><\/p>\n<h3><span style=\"color: #ff9900;\"><strong>\u00bfC\u00f3mo es de importante la participaci\u00f3n del voluntariado en una entidad como la Fundaci\u00f3 Comtal?<\/strong><\/span><\/h3>\n<p>La implicaci\u00f3n y participaci\u00f3n del voluntariado para nosotros es esencial, <strong>permite que podamos desarrollar una mejor calidad de intervenci\u00f3n dentro de nuestros proyectos y poder garantizar con \u00e9xito el desarrollo y bienestar de ninos, ni\u00f1as y j\u00f3venes en situaci\u00f3n de vulnerabilidad.<\/strong><\/p>\n<p>El voluntariado es clave porque nos aporta nuevas perspectivas, aportan nuevas ideas a tener en cuenta cuando tenemos que dise\u00f1ar programas, llevar a cabo actividades, talleres, juegos y acciones comunitarias.<\/p>\n<p><strong>El voluntariado es parte de nuestro motor porque se promuevan cambios sociales. Es dar y recibir en una forma bidireccional constante<\/strong>.<\/p>\n<h3><span style=\"color: #ff9900;\"><strong>Las personas voluntarias, reciben formaciones?<\/strong><\/span><\/h3>\n<p>Cuando se incorporan dedicamos tiempo en explicar y contextualizar el perfil de personas que atendemos y las particularidades del barrio y las familias para que entiendan las necesidades y conductas de los ninos\/as y j\u00f3venes que atendemos.<\/p>\n<p>Adem\u00e1s anualmente <strong>hacemos diferentes formaciones, seg\u00fan las necesidades que nos transmiten las personas voluntarias.<\/strong><\/p>\n<h3><span style=\"color: #ff9900;\"><strong>Y por \u00faltimo&#8230; Por qu\u00e9 hacer voluntariado?<\/strong><\/span><\/h3>\n<p>Cuando la gente me hace esta pregunta, siempre se les digo el mismo: \u00abRecibir\u00e1s mucho m\u00e1s de lo que das\u00bb.<\/p>\n<p>Cuando empiezas a hacer voluntariado, llegas a una entidad con la mochila llena de buenas intenciones, tus conocimientos, tus experiencias personales y profesionales, pensando que ayudar\u00e1s, ense\u00f1ar\u00e1s, y dar\u00e1s el m\u00e1ximo de ti a quienes m\u00e1s lo necesitan, pero lo que no esperas, es que t\u00fa ser\u00e1s la primera persona que aprender\u00e1s y valorar\u00e1s la experiencia y el aprendizaje.<\/p>\n<p>Siempre animo a la gente a probarlo y disfrutarlo. Probarlo es una oportunidad y engancha!<\/p>\n<p><strong>Es una oportunidad \u00fanica para conocer una realidad diferente e implicarse en la transformaci\u00f3n social de nuestro entorno. Merece la pena.<\/strong><\/p>\n<p>____________________________________________________________________________________________________________________<\/p>\n<p><span class=\"responsive\"><img loading=\"lazy\" decoding=\"async\" class=\"aligncenter size-full wp-image-19596\" src=\"https:\/\/comtal.org\/wp-content\/uploads\/twitter6.jpg\" alt=\"\" width=\"1024\" height=\"512\" srcset=\"https:\/\/comtal.org\/wp-content\/uploads\/twitter6.jpg 1024w, https:\/\/comtal.org\/wp-content\/uploads\/twitter6-300x150.jpg 300w, https:\/\/comtal.org\/wp-content\/uploads\/twitter6-768x384.jpg 768w, https:\/\/comtal.org\/wp-content\/uploads\/twitter6-188x94.jpg 188w\" sizes=\"auto, (max-width: 1024px) 100vw, 1024px\" \/><\/span><\/p>\n<p>Gracias al equipo de voluntariado podremos garantizar una mejor calidad en la intervenci\u00f3n de ninos, ni\u00f1as y j\u00f3venes en situaci\u00f3n vulnerable.<br \/>\nElige ser responsable con la sociedad. <span style=\"color: #ff9900;\"><a style=\"color: #ff9900;\" href=\"\/?page_id=13748\">Haz voluntariado ahora<\/a>!<\/span><\/p>\n<p><strong>649 92 48 20<br \/>\n<\/strong><a href=\"mailto:voluntariat@comtal.org\"><strong>voluntariat@comtal.org<\/strong><\/a><\/p>\n","protected":false},"excerpt":{"rendered":"<p>La Fundaci\u00f3 Comtal ha lanzado una campa\u00f1a de captaci\u00f3n de voluntariado, y aprovechamos esta ocasi\u00f3n, para entrevistar a la coordinadora de voluntariado de la entidad, Nuria\u00a0Cus\u00f3. \u00bfPor qu\u00e9 decidisteis lanzar [&hellip;]<\/p>\n","protected":false},"author":2,"featured_media":19599,"comment_status":"closed","ping_status":"closed","sticky":false,"template":"","format":"standard","meta":{"footnotes":""},"categories":[25,28,30],"tags":[396,395,394],"class_list":["post-19613","post","type-post","status-publish","format-standard","has-post-thumbnail","hentry","category-fundacioncomtal","category-solidaridad","category-voluntariado","tag-ayuda","tag-colaboracion","tag-responsabilidad-social"],"_links":{"self":[{"href":"https:\/\/comtal.org\/es\/wp-json\/wp\/v2\/posts\/19613","targetHints":{"allow":["GET"]}}],"collection":[{"href":"https:\/\/comtal.org\/es\/wp-json\/wp\/v2\/posts"}],"about":[{"href":"https:\/\/comtal.org\/es\/wp-json\/wp\/v2\/types\/post"}],"author":[{"embeddable":true,"href":"https:\/\/comtal.org\/es\/wp-json\/wp\/v2\/users\/2"}],"replies":[{"embeddable":true,"href":"https:\/\/comtal.org\/es\/wp-json\/wp\/v2\/comments?post=19613"}],"version-history":[{"count":4,"href":"https:\/\/comtal.org\/es\/wp-json\/wp\/v2\/posts\/19613\/revisions"}],"predecessor-version":[{"id":19623,"href":"https:\/\/comtal.org\/es\/wp-json\/wp\/v2\/posts\/19613\/revisions\/19623"}],"wp:featuredmedia":[{"embeddable":true,"href":"https:\/\/comtal.org\/es\/wp-json\/wp\/v2\/media\/19599"}],"wp:attachment":[{"href":"https:\/\/comtal.org\/es\/wp-json\/wp\/v2\/media?parent=19613"}],"wp:term":[{"taxonomy":"category","embeddable":true,"href":"https:\/\/comtal.org\/es\/wp-json\/wp\/v2\/categories?post=19613"},{"taxonomy":"post_tag","embeddable":true,"href":"https:\/\/comtal.org\/es\/wp-json\/wp\/v2\/tags?post=19613"}],"curies":[{"name":"wp","href":"https:\/\/api.w.org\/{rel}","templated":true}]}}