{"id":19491,"date":"2020-11-04T11:38:02","date_gmt":"2020-11-04T11:38:02","guid":{"rendered":"https:\/\/comtal.org\/?p=19491"},"modified":"2020-11-24T12:25:52","modified_gmt":"2020-11-24T12:25:52","slug":"esta-navidad-elegimos-ser-mas-solidarios-que-nunca","status":"publish","type":"post","link":"https:\/\/comtal.org\/es\/esta-navidad-elegimos-ser-mas-solidarios-que-nunca\/","title":{"rendered":"ESTA NAVIDAD, ELEGIMOS SER M\u00c1S SOLIDARIOS QUE NUNCA"},"content":{"rendered":"<p>[vc_row][vc_column][vc_column_text]La pandemia ha agraviado las desigualdades de miles de ni\u00f1os, ni\u00f1as, j\u00f3venes y familias sin recursos, especialmente en el \u00e1mbito educativo, por todo lo que ha comportado la formaci\u00f3n a distancia y las <strong>limitaciones de los ni\u00f1os\/as a la hora de hacer las clases online, ya sea por la carencia de dispositivos o conexi\u00f3n a internet en sus hogares, o por falta de espacio y material escolar.<\/strong>[\/vc_column_text][vc_video link=\u00bbhttps:\/\/www.youtube.com\/watch?v=XtYoH_2DDLg&amp;t=8s\u00bb][vc_column_text]Esta Navidad, tenemos m\u00e1s motivos que nunca para implicarnos y sumar esfuerzos para dar respuesta a las desigualdades educativas y revertir la situaci\u00f3n de emergencia social.<br \/>\n<strong>Esta navidad, elegimos ser m\u00e1s solidarios que nunca. \u00bfY t\u00fa que eliges?<\/strong><\/p>\n<h3><span style=\"color: #ff9900;\"><strong>NECESITAMOS:<\/strong><\/span><\/h3>\n<ul>\n<li>Comprar <strong>material tecnol\u00f3gico<\/strong> y evitar que ni\u00f1os y j\u00f3venes queden atr\u00e1s en los aprendizajes escolares a causa de la situaci\u00f3n socioecon\u00f3mica de la familia o de el\u00a0propio<\/li>\n<li>Comprar\u00a0<strong>kits de\u00a0material escolar<\/strong> y enviarlos a los ni\u00f1os cuando tengan que hacer cuarentena o aislarse siguiendo protocolos de las autoridades sanitarias.<\/li>\n<li>Comprar <strong>material de protecci\u00f3n #Covid19<\/strong>: mascarillas, hielos, term\u00f3metros, guantes&#8230;<\/li>\n<li>Comprar <strong>alimentos y productos<\/strong> de higiene para cubrir las necesidades de ni\u00f1os, ni\u00f1as y j\u00f3venes del \u00e1rea residencial.<\/li>\n<\/ul>\n<h3><span style=\"color: #ff9900;\"><strong>C\u00d3MO COLABORAR CON LA CAMPA\u00d1A DE NAVIDAD<\/strong><\/span><\/h3>\n<p><strong><u>CON SOPORTE ECON\u00d3MICO<\/u><\/strong><strong>:<\/strong><\/p>\n<ul>\n<li>Con <strong>1.300\u20ac<\/strong> podremos cubrir las necesidades de material tecnol\u00f3gico de 7 ni\u00f1os, ni\u00f1as y j\u00f3venes.<\/li>\n<li>Con\u00a0<strong>200\u20ac<\/strong> podremos comprar 20 kits de material escolar.<\/li>\n<li>Con\u00a0<strong>500\u20ac<\/strong> podremos comprar 1000 mascarillas y 100 geles hidroalc\u00f3licos.<\/li>\n<\/ul>\n<p>Para hacer un donativo, y colaborar econ\u00f3micament puedes:<\/p>\n<ul>\n<li>Hacer un donativo a trav\u00e9s de nuestro\u00a0<span style=\"color: #ff9900;\"><a style=\"color: #ff9900;\" href=\"https:\/\/www.migranodearena.org\/reto\/triem-combatre-les-desigualtats-ituquetries\" target=\"_blank\" rel=\"noopener\"><strong>reto de mi<\/strong> <strong>Grano de Arena<\/strong><\/a><\/span><\/li>\n<\/ul>\n<p><span class=\"responsive\"><a href=\"https:\/\/www.migranodearena.org\/reto\/triem-combatre-les-desigualtats-ituquetries\" target=\"_blank\" rel=\"noopener\"><img loading=\"lazy\" decoding=\"async\" class=\"aligncenter wp-image-19585 size-full\" src=\"https:\/\/comtal.org\/wp-content\/uploads\/reto-1.png\" alt=\"\" width=\"1201\" height=\"754\" srcset=\"https:\/\/comtal.org\/wp-content\/uploads\/reto-1.png 1201w, https:\/\/comtal.org\/wp-content\/uploads\/reto-1-300x188.png 300w, https:\/\/comtal.org\/wp-content\/uploads\/reto-1-1024x643.png 1024w, https:\/\/comtal.org\/wp-content\/uploads\/reto-1-768x482.png 768w, https:\/\/comtal.org\/wp-content\/uploads\/reto-1-188x118.png 188w\" sizes=\"auto, (max-width: 1201px) 100vw, 1201px\" \/><\/a><\/span><\/p>\n<ul>\n<li>Hacer un ingreso al n\u00famero de cuenta: 2100 3002 00 2200314811 bajo el concepto \u201cCampa\u00f1a de Navidad\u201d.<\/li>\n<li>Hacer un Bizum al 33562.<\/li>\n<\/ul>\n<p><strong><u>CON SOPORTE EN ESPECIE<\/u><\/strong><\/p>\n<ul>\n<li><strong>Alimentos perdurables<\/strong>: arroz, galletas, garbanzos, leche, \u00f3leo, pasta,\u00a0tomate frito, etc.<\/li>\n<li><strong>Material de higiene<\/strong>: jab\u00f3n, cepillos de dientes, pasta de dientes,\u00a0champ\u00fas, detergentes&#8230;<\/li>\n<li><strong>Materiales kits escolares<\/strong>:\u00a0Pendrives, ordenadores, tarjetas con acceso a internet,\u00a0packs\u00a0con material para hacer deberes y actividades, etc\n<ul>\n<li><span style=\"color: #ff9900;\">20 Packs infantil<\/span>: Hojas blancas y de colores, l\u00e1pices, goma de borrar, sacapuntas,\u00a0plastidecors\u00a0y plastilina.<\/li>\n<li><span style=\"color: #ff9900;\">41 Packs primaria<\/span>: Libretas, l\u00e1pices, regla, goma de borrar, sacapuntas, bol\u00edgrafo azul, rojo y negro, rotuladores de colores, pega en barra, tijeras y marcadores\u00a0fluorescentes.<\/li>\n<li><span style=\"color: #ff9900;\">40 Packs secundaria<\/span>: Libretas, l\u00e1pices, goma de borrar, sacapuntas, bol\u00edgrafo azul, rojo y negro, rotuladores de colores,\u00a0tippex, marcadores\u00a0fluorescentes, regla, escuadra y cartab\u00f3n.<\/li>\n<\/ul>\n<\/li>\n<\/ul>\n<p>Tambi\u00e9n es importante que ni\u00f1os\/as y j\u00f3venes puedan jugar y tengan acceso al ocio, por eso tambi\u00e9n pedimos otros regalos, aqu\u00ed pod\u00e9is ver la petici\u00f3n del\u00a0CRAE: ir a la Fundaci\u00f3 Mona[\/vc_column_text][vc_video link=\u00bbhttps:\/\/www.youtube.com\/watch?v=ZDZNkkZxM4c\u00bb][vc_column_text]Ponte en contacto con nosotros al tel\u00e9fono 932.954.636 para ver todo lo que necesitamos e informarte sobre c\u00f3mo nos puedes ayudar.<\/p>\n<p>La recogida\u00a0de material, alimentos y productos de higiene se llevar\u00e1 a cabo de el\u00a0<strong>9\u00a0al 23 de diciembre<\/strong>\u00a0en la\u00a0Calle\u00a0Allada Vermell, 5,\u00a0de Barcelona.[\/vc_column_text][\/vc_column][\/vc_row]<\/p>\n","protected":false},"excerpt":{"rendered":"<p>[vc_row][vc_column][vc_column_text]La pandemia ha agraviado las desigualdades de miles de ni\u00f1os, ni\u00f1as, j\u00f3venes y familias sin recursos, especialmente en el \u00e1mbito educativo, por todo lo que ha comportado la formaci\u00f3n a [&hellip;]<\/p>\n","protected":false},"author":2,"featured_media":17677,"comment_status":"closed","ping_status":"closed","sticky":false,"template":"","format":"standard","meta":{"footnotes":""},"categories":[25,19,27,28],"tags":[],"class_list":["post-19491","post","type-post","status-publish","format-standard","has-post-thumbnail","hentry","category-fundacioncomtal","category-general-es","category-navidad","category-solidaridad"],"_links":{"self":[{"href":"https:\/\/comtal.org\/es\/wp-json\/wp\/v2\/posts\/19491","targetHints":{"allow":["GET"]}}],"collection":[{"href":"https:\/\/comtal.org\/es\/wp-json\/wp\/v2\/posts"}],"about":[{"href":"https:\/\/comtal.org\/es\/wp-json\/wp\/v2\/types\/post"}],"author":[{"embeddable":true,"href":"https:\/\/comtal.org\/es\/wp-json\/wp\/v2\/users\/2"}],"replies":[{"embeddable":true,"href":"https:\/\/comtal.org\/es\/wp-json\/wp\/v2\/comments?post=19491"}],"version-history":[{"count":8,"href":"https:\/\/comtal.org\/es\/wp-json\/wp\/v2\/posts\/19491\/revisions"}],"predecessor-version":[{"id":19590,"href":"https:\/\/comtal.org\/es\/wp-json\/wp\/v2\/posts\/19491\/revisions\/19590"}],"wp:featuredmedia":[{"embeddable":true,"href":"https:\/\/comtal.org\/es\/wp-json\/wp\/v2\/media\/17677"}],"wp:attachment":[{"href":"https:\/\/comtal.org\/es\/wp-json\/wp\/v2\/media?parent=19491"}],"wp:term":[{"taxonomy":"category","embeddable":true,"href":"https:\/\/comtal.org\/es\/wp-json\/wp\/v2\/categories?post=19491"},{"taxonomy":"post_tag","embeddable":true,"href":"https:\/\/comtal.org\/es\/wp-json\/wp\/v2\/tags?post=19491"}],"curies":[{"name":"wp","href":"https:\/\/api.w.org\/{rel}","templated":true}]}}