{"id":19394,"date":"2020-10-11T19:29:05","date_gmt":"2020-10-11T19:29:05","guid":{"rendered":"https:\/\/comtal.org\/?p=19394"},"modified":"2020-10-13T14:43:05","modified_gmt":"2020-10-13T14:43:05","slug":"hacemos-frente-a-la-pobreza-juvenil","status":"publish","type":"post","link":"https:\/\/comtal.org\/es\/hacemos-frente-a-la-pobreza-juvenil\/","title":{"rendered":"HACEMOS FRENTE A LA POBREZA JUVENIL"},"content":{"rendered":"<h3><span style=\"color: #ff9900;\">Precariedad laboral, salarios bajos y paro de larga duraci\u00f3n<\/span><\/h3>\n<p>La poblaci\u00f3n joven entre 16 y 25 a\u00f1os es uno de los colectivos m\u00e1s perjudicados en la nueva coyuntura econ\u00f3mica y laboral\u00a0<strong>despu\u00e9s de haber sufrido las consecuencias acumuladas de dos grandes crisis, la del 2008 y la del coronavirus.<\/strong><\/p>\n<p>La precariedad laboral, el paro y el nivel de estudios se convierten en los principales factores de riesgo para la pobreza y la exclusi\u00f3n social de j\u00f3venes con baja calificaci\u00f3n y\/o migrantes, quienes por falta de oportunidades educativas y laborales, se han visto abocados a la pobreza.<\/p>\n<p><span class=\"responsive\"><img loading=\"lazy\" decoding=\"async\" class=\"aligncenter size-full wp-image-19389\" src=\"https:\/\/comtal.org\/wp-content\/uploads\/WhatsApp-Image-2020-09-17-at-12.01.26-e1602436971921.jpeg\" alt=\"\" width=\"1814\" height=\"740\" srcset=\"https:\/\/comtal.org\/wp-content\/uploads\/WhatsApp-Image-2020-09-17-at-12.01.26-e1602436971921.jpeg 1814w, https:\/\/comtal.org\/wp-content\/uploads\/WhatsApp-Image-2020-09-17-at-12.01.26-e1602436971921-300x122.jpeg 300w, https:\/\/comtal.org\/wp-content\/uploads\/WhatsApp-Image-2020-09-17-at-12.01.26-e1602436971921-768x313.jpeg 768w, https:\/\/comtal.org\/wp-content\/uploads\/WhatsApp-Image-2020-09-17-at-12.01.26-e1602436971921-1024x418.jpeg 1024w, https:\/\/comtal.org\/wp-content\/uploads\/WhatsApp-Image-2020-09-17-at-12.01.26-e1602436971921-188x77.jpeg 188w\" sizes=\"auto, (max-width: 1814px) 100vw, 1814px\" \/><\/span><\/p>\n<h3><span style=\"color: #ff9900;\">J\u00f3venes reci\u00e9n llegados, j\u00f3venes reci\u00e9n llegadas, colectivo con m\u00e1s riesgo de pobreza<\/span><\/h3>\n<p>En la Fundaci\u00f3 Comtal, trabajamos con uno de los grupos m\u00e1s vulnerables de la sociedad, j\u00f3venes reci\u00e9n llegados y reci\u00e9n llegadas, sin documentaci\u00f3n ni referentes familiares, que llegan a Barcelona para\u00a0 encontrar trabajo y tener un futuro mejor, y que el entorno no facilita su inclusi\u00f3n. Muchos de ellos y de ellas no tienen acceso a prestaciones como por ejemplo el ingreso m\u00ednimo vital y la renta garantizada de ciudadan\u00eda.<br \/>\nSin permiso de residencia, con la imposibilidad de trabajar, sin ayudas, y con dificultades para regularizar la documentaci\u00f3n, el futuro de la juventud reci\u00e9n llegada es todav\u00eda m\u00e1s complejo. Cuando hacen 18 a\u00f1os y dejan de estar tutelados, se encuentran en situaci\u00f3n de desamparo.<\/p>\n<p><em><strong>Mientras la tasa de riesgo de pobreza afecta el 14,3% de las personas con nacionalidad espa\u00f1ola que viven en Catalu\u00f1a, esta situaci\u00f3n se dispara entre las personas migrantes, ya que llega al 47,9%, seg\u00fan datos del Idescat del 2019.<\/strong><\/em><\/p>\n<h3><span style=\"color: #ff9900;\">Lo que hacemos para revertir la pobreza juvenil<\/span><\/h3>\n<p>En la Fundaci\u00f3 Comtal ofrecemos orientaci\u00f3n, apoyo educativo y acompa\u00f1amiento a j\u00f3venes sin estudios ni trabajo, y en gran parte de otros or\u00edgenes, para que puedan salir del c\u00edrculo de pobreza donde se encuentran.<\/p>\n<p>Mediante acciones experienciales y professionalitzadores, damos la oportunidad a la juventud en situaci\u00f3n vulnerable de entrar en contacto con el mundo educativo y laboral. En la<span style=\"color: #ff9900;\"> <a style=\"color: #ff9900;\" href=\"\/?page_id=15829\">Escuela de Segunda Oportunidad<\/a> <\/span>les ofrecemos clases de catal\u00e1n, de alfabetizaci\u00f3n digital y de conocimiento del entorno social, cultural, legal y laboral para que puedan mejorar sus competencias y tengan m\u00e1s \u00a0oportunidades de futuro.<\/p>\n<p>Adem\u00e1s, las t\u00e9cnicas de orientaci\u00f3n e inserci\u00f3n laboral de la Fundaci\u00f3 Comtal trabajan para conseguir el acceso al mercado de trabajo de j\u00f3venes en situaci\u00f3n grave de vulnerabilidad \u00a0y con carencia de competencias clave para el trabajo, a partir de puntos formativos transversales.<\/p>\n<p>Por otro lado, a trav\u00e9s de nuestros <span style=\"color: #ff9900;\"><a style=\"color: #ff9900;\" href=\"\/?page_id=1756\">hogares de promoci\u00f3n de la autonom\u00eda<\/a>,<\/span> acogemos a j\u00f3venes extutelados \u00a0y les ayudamos a cubrir sus necesidades b\u00e1sicas, a cumplir sus proyectos de futuro y a mejorar su empleabilidad.<\/p>\n<h3><strong><span style=\"color: #ff9900;\">Lo que pedimos a las administraciones<\/span><\/strong><\/h3>\n<p>Cambios en las leyes educativas y reformas en el mercado laboral para favorecer la formaci\u00f3n y la empleabilidad juvenil \u00a0de los colectivos m\u00e1s vulnerables y una reforma del reglamento de la ley de Extranjer\u00eda donde se respete los derechos de los j\u00f3venes migrantes para que puedan vivir y trabajar una vez lleguen a la mayor\u00eda de edad.<\/p>\n<h3><strong><span style=\"color: #ff9900;\">\u00bfY que puedes hacer t\u00fa?<\/span><\/strong><\/h3>\n<p>Colaborando con la campa\u00f1a de la Fundaci\u00f3n Comtal\u00a0ayudar\u00e1s\u00a0a garantizar tanto el derecho a la educaci\u00f3n como el derecho a la inserci\u00f3n sociolaboral de j\u00f3venes que se encuentran en grave situaci\u00f3n de \u00a0vulnerabilidad a causa de su situaci\u00f3n administrativa agraviada por la pandemia.<\/p>\n<p><span class=\"responsive\"><img loading=\"lazy\" decoding=\"async\" class=\"aligncenter size-full wp-image-19384\" src=\"https:\/\/comtal.org\/wp-content\/uploads\/twitter-3.jpg\" alt=\"\" width=\"1024\" height=\"512\" srcset=\"https:\/\/comtal.org\/wp-content\/uploads\/twitter-3.jpg 1024w, https:\/\/comtal.org\/wp-content\/uploads\/twitter-3-300x150.jpg 300w, https:\/\/comtal.org\/wp-content\/uploads\/twitter-3-768x384.jpg 768w, https:\/\/comtal.org\/wp-content\/uploads\/twitter-3-188x94.jpg 188w\" sizes=\"auto, (max-width: 1024px) 100vw, 1024px\" \/><\/span><\/p>\n<h3><span style=\"color: #ff9900;\">En tiempos de crisis, cont\u00e1giate de solidaridad<\/span><\/h3>\n<p><span style=\"color: #000000;\"><strong><a style=\"color: #000000;\" href=\"\/?page_id=11252\">Haz un donativo.<\/a><\/strong><\/span><br \/>\n<span style=\"color: #000000;\"><strong><a style=\"color: #000000;\" href=\"\/?page_id=13748\">Haz voluntariado!<\/a><\/strong><\/span><\/p>\n","protected":false},"excerpt":{"rendered":"<p>Precariedad laboral, salarios bajos y paro de larga duraci\u00f3n La poblaci\u00f3n joven entre 16 y 25 a\u00f1os es uno de los colectivos m\u00e1s perjudicados en la nueva coyuntura econ\u00f3mica y [&hellip;]<\/p>\n","protected":false},"author":2,"featured_media":19396,"comment_status":"closed","ping_status":"closed","sticky":false,"template":"","format":"standard","meta":{"footnotes":""},"categories":[24,366,26,367],"tags":[318,354,368,355,339],"class_list":["post-19394","post","type-post","status-publish","format-standard","has-post-thumbnail","hentry","category-educacion","category-formacion","category-integracion","category-trabajo","tag-crisi","tag-crisis","tag-migrantes","tag-pobreza","tag-solidaridad"],"_links":{"self":[{"href":"https:\/\/comtal.org\/es\/wp-json\/wp\/v2\/posts\/19394","targetHints":{"allow":["GET"]}}],"collection":[{"href":"https:\/\/comtal.org\/es\/wp-json\/wp\/v2\/posts"}],"about":[{"href":"https:\/\/comtal.org\/es\/wp-json\/wp\/v2\/types\/post"}],"author":[{"embeddable":true,"href":"https:\/\/comtal.org\/es\/wp-json\/wp\/v2\/users\/2"}],"replies":[{"embeddable":true,"href":"https:\/\/comtal.org\/es\/wp-json\/wp\/v2\/comments?post=19394"}],"version-history":[{"count":5,"href":"https:\/\/comtal.org\/es\/wp-json\/wp\/v2\/posts\/19394\/revisions"}],"predecessor-version":[{"id":19418,"href":"https:\/\/comtal.org\/es\/wp-json\/wp\/v2\/posts\/19394\/revisions\/19418"}],"wp:featuredmedia":[{"embeddable":true,"href":"https:\/\/comtal.org\/es\/wp-json\/wp\/v2\/media\/19396"}],"wp:attachment":[{"href":"https:\/\/comtal.org\/es\/wp-json\/wp\/v2\/media?parent=19394"}],"wp:term":[{"taxonomy":"category","embeddable":true,"href":"https:\/\/comtal.org\/es\/wp-json\/wp\/v2\/categories?post=19394"},{"taxonomy":"post_tag","embeddable":true,"href":"https:\/\/comtal.org\/es\/wp-json\/wp\/v2\/tags?post=19394"}],"curies":[{"name":"wp","href":"https:\/\/api.w.org\/{rel}","templated":true}]}}